{"id":977,"date":"2026-03-12T19:30:30","date_gmt":"2026-03-12T18:30:30","guid":{"rendered":"https:\/\/williamchevillon.fr\/?p=977"},"modified":"2026-03-12T19:30:31","modified_gmt":"2026-03-12T18:30:31","slug":"les-lunettes-la-mer-le-motoculteur","status":"publish","type":"post","link":"https:\/\/williamchevillon.fr\/index.php\/2026\/03\/12\/les-lunettes-la-mer-le-motoculteur\/","title":{"rendered":"Les lunettes, la mer, le motoculteur"},"content":{"rendered":"\n<figure class=\"wp-block-image size-large\"><img fetchpriority=\"high\" decoding=\"async\" width=\"767\" height=\"1024\" src=\"https:\/\/williamchevillon.fr\/wp-content\/uploads\/2026\/03\/IMG_20260312_191504.jpg-767x1024.jpeg\" alt=\"\" class=\"wp-image-978\" srcset=\"https:\/\/williamchevillon.fr\/wp-content\/uploads\/2026\/03\/IMG_20260312_191504.jpg-767x1024.jpeg 767w, https:\/\/williamchevillon.fr\/wp-content\/uploads\/2026\/03\/IMG_20260312_191504.jpg-225x300.jpeg 225w, https:\/\/williamchevillon.fr\/wp-content\/uploads\/2026\/03\/IMG_20260312_191504.jpg-768x1026.jpeg 768w, https:\/\/williamchevillon.fr\/wp-content\/uploads\/2026\/03\/IMG_20260312_191504.jpg-1150x1536.jpeg 1150w, https:\/\/williamchevillon.fr\/wp-content\/uploads\/2026\/03\/IMG_20260312_191504.jpg-1533x2048.jpeg 1533w, https:\/\/williamchevillon.fr\/wp-content\/uploads\/2026\/03\/IMG_20260312_191504.jpg-1200x1603.jpeg 1200w, https:\/\/williamchevillon.fr\/wp-content\/uploads\/2026\/03\/IMG_20260312_191504.jpg-1980x2645.jpeg 1980w, https:\/\/williamchevillon.fr\/wp-content\/uploads\/2026\/03\/IMG_20260312_191504.jpg-scaled.jpeg 1916w\" sizes=\"(max-width: 767px) 100vw, 767px\" \/><\/figure>\n\n\n\n<p>C\u2019est un truc assez \u00e9l\u00e9mentaire\u00a0: on change les verres et on voit mieux. Ce qui m\u2019int\u00e9resse l\u00e0 c\u2019est de voir loin. Cela para\u00eet peu comme \u00e7a mais, pendant cinq ans, je n\u2019ai pas bien vu de l\u2019\u0153il droit. Rien de bien dangereux, pourtant, lorsqu\u2019il s\u2019agit de scruter le lointain j\u2019ai souvent envie que mon regard s&rsquo;\u00e9tire jusqu&rsquo;\u00e0 d\u00e9terminer la forme exacte de l\u2019horizon. Quand il y a de la brume, ou bien quand les contrastes sont tr\u00e8s changeants, ce sont les sons et l\u2019imagination qui font le reste. Et m\u00eame quand tout est d\u00e9gag\u00e9 j\u2019aime parfois laisser l\u2019esprit vaquer \u00e0 ses fantaisies. Ce matin-l\u00e0 \u2013 de toute mani\u00e8re, <a href=\"https:\/\/williamchevillon.fr\/index.php\/2025\/11\/08\/rue-du-nord\/\" type=\"post\" id=\"943\">c\u2019est toujours le matin<\/a> que je remonte la rue Saint-Jean, bifurque rue des Pl\u00e2triers et regarde la mer \u2013 j\u2019entends quelque chose. Il y a les vagues, bien s\u00fbr, les go\u00e9lands, aussi, un volet qui claque, pourquoi pas, et un moteur qui semble haleter sur le plan d\u2019eau. J\u2019ai tr\u00e8s exactement l\u2019impression que quelqu\u2019un passe un coup de motoculteur \u00e0 la surface. Ce \u00ab\u2009quelqu\u2019un\u2009\u00bb organise la mer, mais le ressac vient tout d\u00e9sorganiser aussit\u00f4t.<\/p>\n\n\n\n<p>Je n\u2019ai pas la n\u00e9cessit\u00e9 de voir pour savoir, de fa\u00e7on tout \u00e0 fait tangible, que je me fais des id\u00e9es. Par convention avec moi-m\u00eame, je d\u00e9cide que la pens\u00e9e du motoculteur est ma v\u00e9rit\u00e9, qu\u2019importe si un simple bateau broute un peu sur la route pour aller chercher des casiers.<\/p>\n\n\n\n<p><\/p>\n","protected":false},"excerpt":{"rendered":"<p>C\u2019est un truc assez \u00e9l\u00e9mentaire\u00a0: on change les verres et on voit mieux. Ce qui m\u2019int\u00e9resse l\u00e0 c\u2019est de voir loin. Cela para\u00eet peu comme \u00e7a mais, pendant cinq ans, je n\u2019ai pas bien vu de l\u2019\u0153il droit. Rien de bien dangereux, pourtant, lorsqu\u2019il s\u2019agit de scruter le lointain j\u2019ai souvent envie que mon regard [&hellip;]<\/p>\n","protected":false},"author":1,"featured_media":0,"comment_status":"open","ping_status":"open","sticky":false,"template":"","format":"standard","meta":{"footnotes":""},"categories":[6],"tags":[],"class_list":["post-977","post","type-post","status-publish","format-standard","hentry","category-fragments"],"yoast_head":"<!-- This site is optimized with the Yoast SEO plugin v27.4 - https:\/\/yoast.com\/product\/yoast-seo-wordpress\/ -->\n<title>Les lunettes, la mer, le motoculteur - William Chevillon<\/title>\n<meta name=\"description\" content=\"Les lunettes, la mer, le motoculteur Fragments \u00e9crits - Journal William Chevillon\" \/>\n<meta name=\"robots\" content=\"index, follow, max-snippet:-1, max-image-preview:large, max-video-preview:-1\" \/>\n<link rel=\"canonical\" href=\"https:\/\/williamchevillon.fr\/index.php\/2026\/03\/12\/les-lunettes-la-mer-le-motoculteur\/\" \/>\n<meta property=\"og:locale\" content=\"fr_FR\" \/>\n<meta property=\"og:type\" content=\"article\" \/>\n<meta property=\"og:title\" content=\"Les lunettes, la mer, le motoculteur\" \/>\n<meta property=\"og:description\" content=\"C\u2019est un truc assez \u00e9l\u00e9mentaire : on change les verres et on voit mieux.\" \/>\n<meta property=\"og:url\" content=\"https:\/\/williamchevillon.fr\/index.php\/2026\/03\/12\/les-lunettes-la-mer-le-motoculteur\/\" \/>\n<meta property=\"og:site_name\" content=\"William Chevillon\" \/>\n<meta property=\"article:publisher\" content=\"https:\/\/www.facebook.com\/WilliamChevillonPro\" \/>\n<meta property=\"article:published_time\" content=\"2026-03-12T18:30:30+00:00\" \/>\n<meta property=\"article:modified_time\" content=\"2026-03-12T18:30:31+00:00\" \/>\n<meta property=\"og:image\" content=\"https:\/\/williamchevillon.fr\/wp-content\/uploads\/2026\/03\/IMG_20260312_191504.jpg-scaled.jpeg\" \/>\n\t<meta property=\"og:image:width\" content=\"1916\" \/>\n\t<meta property=\"og:image:height\" content=\"2560\" \/>\n\t<meta property=\"og:image:type\" content=\"image\/jpeg\" \/>\n<meta name=\"author\" content=\"William Chevillon\" \/>\n<meta name=\"twitter:card\" content=\"summary_large_image\" \/>\n<meta name=\"twitter:title\" content=\"Les lunettes, la mer, le motoculteur\" \/>\n<meta name=\"twitter:description\" content=\"C\u2019est un truc assez \u00e9l\u00e9mentaire : on change les verres et on voit mieux.\" \/>\n<meta name=\"twitter:image\" content=\"https:\/\/williamchevillon.fr\/wp-content\/uploads\/2026\/03\/IMG_20260312_191504.jpg-scaled.jpeg\" \/>\n<meta name=\"twitter:label1\" content=\"\u00c9crit par\" \/>\n\t<meta name=\"twitter:data1\" content=\"William Chevillon\" \/>\n\t<meta name=\"twitter:label2\" content=\"Dur\u00e9e de lecture estim\u00e9e\" \/>\n\t<meta name=\"twitter:data2\" content=\"2 minutes\" \/>\n<script type=\"application\/ld+json\" class=\"yoast-schema-graph\">{\"@context\":\"https:\\\/\\\/schema.org\",\"@graph\":[{\"@type\":\"Article\",\"@id\":\"https:\\\/\\\/williamchevillon.fr\\\/index.php\\\/2026\\\/03\\\/12\\\/les-lunettes-la-mer-le-motoculteur\\\/#article\",\"isPartOf\":{\"@id\":\"https:\\\/\\\/williamchevillon.fr\\\/index.php\\\/2026\\\/03\\\/12\\\/les-lunettes-la-mer-le-motoculteur\\\/\"},\"author\":{\"name\":\"William Chevillon\",\"@id\":\"https:\\\/\\\/williamchevillon.fr\\\/#\\\/schema\\\/person\\\/eb30f03250952b7079f827caba706872\"},\"headline\":\"Les lunettes, la mer, le motoculteur\",\"datePublished\":\"2026-03-12T18:30:30+00:00\",\"dateModified\":\"2026-03-12T18:30:31+00:00\",\"mainEntityOfPage\":{\"@id\":\"https:\\\/\\\/williamchevillon.fr\\\/index.php\\\/2026\\\/03\\\/12\\\/les-lunettes-la-mer-le-motoculteur\\\/\"},\"wordCount\":277,\"commentCount\":0,\"publisher\":{\"@id\":\"https:\\\/\\\/williamchevillon.fr\\\/#organization\"},\"image\":{\"@id\":\"https:\\\/\\\/williamchevillon.fr\\\/index.php\\\/2026\\\/03\\\/12\\\/les-lunettes-la-mer-le-motoculteur\\\/#primaryimage\"},\"thumbnailUrl\":\"https:\\\/\\\/williamchevillon.fr\\\/wp-content\\\/uploads\\\/2026\\\/03\\\/IMG_20260312_191504.jpg-767x1024.jpeg\",\"articleSection\":[\"Fragments \u00e9crits - Journal\"],\"inLanguage\":\"fr-FR\",\"potentialAction\":[{\"@type\":\"CommentAction\",\"name\":\"Comment\",\"target\":[\"https:\\\/\\\/williamchevillon.fr\\\/index.php\\\/2026\\\/03\\\/12\\\/les-lunettes-la-mer-le-motoculteur\\\/#respond\"]}]},{\"@type\":\"WebPage\",\"@id\":\"https:\\\/\\\/williamchevillon.fr\\\/index.php\\\/2026\\\/03\\\/12\\\/les-lunettes-la-mer-le-motoculteur\\\/\",\"url\":\"https:\\\/\\\/williamchevillon.fr\\\/index.php\\\/2026\\\/03\\\/12\\\/les-lunettes-la-mer-le-motoculteur\\\/\",\"name\":\"Les lunettes, la mer, le motoculteur - William Chevillon\",\"isPartOf\":{\"@id\":\"https:\\\/\\\/williamchevillon.fr\\\/#website\"},\"primaryImageOfPage\":{\"@id\":\"https:\\\/\\\/williamchevillon.fr\\\/index.php\\\/2026\\\/03\\\/12\\\/les-lunettes-la-mer-le-motoculteur\\\/#primaryimage\"},\"image\":{\"@id\":\"https:\\\/\\\/williamchevillon.fr\\\/index.php\\\/2026\\\/03\\\/12\\\/les-lunettes-la-mer-le-motoculteur\\\/#primaryimage\"},\"thumbnailUrl\":\"https:\\\/\\\/williamchevillon.fr\\\/wp-content\\\/uploads\\\/2026\\\/03\\\/IMG_20260312_191504.jpg-767x1024.jpeg\",\"datePublished\":\"2026-03-12T18:30:30+00:00\",\"dateModified\":\"2026-03-12T18:30:31+00:00\",\"description\":\"Les lunettes, la mer, le motoculteur Fragments \u00e9crits - Journal William Chevillon\",\"breadcrumb\":{\"@id\":\"https:\\\/\\\/williamchevillon.fr\\\/index.php\\\/2026\\\/03\\\/12\\\/les-lunettes-la-mer-le-motoculteur\\\/#breadcrumb\"},\"inLanguage\":\"fr-FR\",\"potentialAction\":[{\"@type\":\"ReadAction\",\"target\":[\"https:\\\/\\\/williamchevillon.fr\\\/index.php\\\/2026\\\/03\\\/12\\\/les-lunettes-la-mer-le-motoculteur\\\/\"]}]},{\"@type\":\"ImageObject\",\"inLanguage\":\"fr-FR\",\"@id\":\"https:\\\/\\\/williamchevillon.fr\\\/index.php\\\/2026\\\/03\\\/12\\\/les-lunettes-la-mer-le-motoculteur\\\/#primaryimage\",\"url\":\"https:\\\/\\\/williamchevillon.fr\\\/wp-content\\\/uploads\\\/2026\\\/03\\\/IMG_20260312_191504.jpg-scaled.jpeg\",\"contentUrl\":\"https:\\\/\\\/williamchevillon.fr\\\/wp-content\\\/uploads\\\/2026\\\/03\\\/IMG_20260312_191504.jpg-scaled.jpeg\",\"width\":1916,\"height\":2560,\"caption\":\"vue de la mer \u00e0 Granville\"},{\"@type\":\"BreadcrumbList\",\"@id\":\"https:\\\/\\\/williamchevillon.fr\\\/index.php\\\/2026\\\/03\\\/12\\\/les-lunettes-la-mer-le-motoculteur\\\/#breadcrumb\",\"itemListElement\":[{\"@type\":\"ListItem\",\"position\":1,\"name\":\"Accueil\",\"item\":\"https:\\\/\\\/williamchevillon.fr\\\/\"},{\"@type\":\"ListItem\",\"position\":2,\"name\":\"Les lunettes, la mer, le motoculteur\"}]},{\"@type\":\"WebSite\",\"@id\":\"https:\\\/\\\/williamchevillon.fr\\\/#website\",\"url\":\"https:\\\/\\\/williamchevillon.fr\\\/\",\"name\":\"William Chevillon\",\"description\":\"\u00ab Il n&#039;est pas dit qu&#039;en \u00e9crivant on assure le salut de son \u00e2me. \u00bb Italo Calvino\",\"publisher\":{\"@id\":\"https:\\\/\\\/williamchevillon.fr\\\/#organization\"},\"potentialAction\":[{\"@type\":\"SearchAction\",\"target\":{\"@type\":\"EntryPoint\",\"urlTemplate\":\"https:\\\/\\\/williamchevillon.fr\\\/?s={search_term_string}\"},\"query-input\":{\"@type\":\"PropertyValueSpecification\",\"valueRequired\":true,\"valueName\":\"search_term_string\"}}],\"inLanguage\":\"fr-FR\"},{\"@type\":\"Organization\",\"@id\":\"https:\\\/\\\/williamchevillon.fr\\\/#organization\",\"name\":\"William Chevillon\",\"url\":\"https:\\\/\\\/williamchevillon.fr\\\/\",\"logo\":{\"@type\":\"ImageObject\",\"inLanguage\":\"fr-FR\",\"@id\":\"https:\\\/\\\/williamchevillon.fr\\\/#\\\/schema\\\/logo\\\/image\\\/\",\"url\":\"https:\\\/\\\/williamchevillon.fr\\\/wp-content\\\/uploads\\\/2023\\\/03\\\/26881283122_9faaa7b2c2_k.jpg\",\"contentUrl\":\"https:\\\/\\\/williamchevillon.fr\\\/wp-content\\\/uploads\\\/2023\\\/03\\\/26881283122_9faaa7b2c2_k.jpg\",\"width\":2048,\"height\":1153,\"caption\":\"William Chevillon\"},\"image\":{\"@id\":\"https:\\\/\\\/williamchevillon.fr\\\/#\\\/schema\\\/logo\\\/image\\\/\"},\"sameAs\":[\"https:\\\/\\\/www.facebook.com\\\/WilliamChevillonPro\",\"https:\\\/\\\/instagram.com\\\/chevillonw\"]},{\"@type\":\"Person\",\"@id\":\"https:\\\/\\\/williamchevillon.fr\\\/#\\\/schema\\\/person\\\/eb30f03250952b7079f827caba706872\",\"name\":\"William Chevillon\",\"image\":{\"@type\":\"ImageObject\",\"inLanguage\":\"fr-FR\",\"@id\":\"https:\\\/\\\/secure.gravatar.com\\\/avatar\\\/d626b7752353789d21ea6ba008e34f538a0be7ecef0a6eefbf15acabdb28c0b9?s=96&d=mm&r=g\",\"url\":\"https:\\\/\\\/secure.gravatar.com\\\/avatar\\\/d626b7752353789d21ea6ba008e34f538a0be7ecef0a6eefbf15acabdb28c0b9?s=96&d=mm&r=g\",\"contentUrl\":\"https:\\\/\\\/secure.gravatar.com\\\/avatar\\\/d626b7752353789d21ea6ba008e34f538a0be7ecef0a6eefbf15acabdb28c0b9?s=96&d=mm&r=g\",\"caption\":\"William Chevillon\"},\"description\":\"Chercheur, artiste-auteur et m\u00e9diateur culturel attir\u00e9 par le spectacle vivant, l\u2019art contemporain, le patrimoine et les paysages.\",\"sameAs\":[\"https:\\\/\\\/williamchevillon.fr\"],\"url\":\"https:\\\/\\\/williamchevillon.fr\\\/index.php\\\/author\\\/admin2960\\\/\"}]}<\/script>\n<!-- \/ Yoast SEO plugin. -->","yoast_head_json":{"title":"Les lunettes, la mer, le motoculteur - William Chevillon","description":"Les lunettes, la mer, le motoculteur Fragments \u00e9crits - Journal William Chevillon","robots":{"index":"index","follow":"follow","max-snippet":"max-snippet:-1","max-image-preview":"max-image-preview:large","max-video-preview":"max-video-preview:-1"},"canonical":"https:\/\/williamchevillon.fr\/index.php\/2026\/03\/12\/les-lunettes-la-mer-le-motoculteur\/","og_locale":"fr_FR","og_type":"article","og_title":"Les lunettes, la mer, le motoculteur","og_description":"C\u2019est un truc assez \u00e9l\u00e9mentaire : on change les verres et on voit mieux.","og_url":"https:\/\/williamchevillon.fr\/index.php\/2026\/03\/12\/les-lunettes-la-mer-le-motoculteur\/","og_site_name":"William Chevillon","article_publisher":"https:\/\/www.facebook.com\/WilliamChevillonPro","article_published_time":"2026-03-12T18:30:30+00:00","article_modified_time":"2026-03-12T18:30:31+00:00","og_image":[{"width":1916,"height":2560,"url":"https:\/\/williamchevillon.fr\/wp-content\/uploads\/2026\/03\/IMG_20260312_191504.jpg-scaled.jpeg","type":"image\/jpeg"}],"author":"William Chevillon","twitter_card":"summary_large_image","twitter_title":"Les lunettes, la mer, le motoculteur","twitter_description":"C\u2019est un truc assez \u00e9l\u00e9mentaire : on change les verres et on voit mieux.","twitter_image":"https:\/\/williamchevillon.fr\/wp-content\/uploads\/2026\/03\/IMG_20260312_191504.jpg-scaled.jpeg","twitter_misc":{"\u00c9crit par":"William Chevillon","Dur\u00e9e de lecture estim\u00e9e":"2 minutes"},"schema":{"@context":"https:\/\/schema.org","@graph":[{"@type":"Article","@id":"https:\/\/williamchevillon.fr\/index.php\/2026\/03\/12\/les-lunettes-la-mer-le-motoculteur\/#article","isPartOf":{"@id":"https:\/\/williamchevillon.fr\/index.php\/2026\/03\/12\/les-lunettes-la-mer-le-motoculteur\/"},"author":{"name":"William Chevillon","@id":"https:\/\/williamchevillon.fr\/#\/schema\/person\/eb30f03250952b7079f827caba706872"},"headline":"Les lunettes, la mer, le motoculteur","datePublished":"2026-03-12T18:30:30+00:00","dateModified":"2026-03-12T18:30:31+00:00","mainEntityOfPage":{"@id":"https:\/\/williamchevillon.fr\/index.php\/2026\/03\/12\/les-lunettes-la-mer-le-motoculteur\/"},"wordCount":277,"commentCount":0,"publisher":{"@id":"https:\/\/williamchevillon.fr\/#organization"},"image":{"@id":"https:\/\/williamchevillon.fr\/index.php\/2026\/03\/12\/les-lunettes-la-mer-le-motoculteur\/#primaryimage"},"thumbnailUrl":"https:\/\/williamchevillon.fr\/wp-content\/uploads\/2026\/03\/IMG_20260312_191504.jpg-767x1024.jpeg","articleSection":["Fragments \u00e9crits - Journal"],"inLanguage":"fr-FR","potentialAction":[{"@type":"CommentAction","name":"Comment","target":["https:\/\/williamchevillon.fr\/index.php\/2026\/03\/12\/les-lunettes-la-mer-le-motoculteur\/#respond"]}]},{"@type":"WebPage","@id":"https:\/\/williamchevillon.fr\/index.php\/2026\/03\/12\/les-lunettes-la-mer-le-motoculteur\/","url":"https:\/\/williamchevillon.fr\/index.php\/2026\/03\/12\/les-lunettes-la-mer-le-motoculteur\/","name":"Les lunettes, la mer, le motoculteur - William Chevillon","isPartOf":{"@id":"https:\/\/williamchevillon.fr\/#website"},"primaryImageOfPage":{"@id":"https:\/\/williamchevillon.fr\/index.php\/2026\/03\/12\/les-lunettes-la-mer-le-motoculteur\/#primaryimage"},"image":{"@id":"https:\/\/williamchevillon.fr\/index.php\/2026\/03\/12\/les-lunettes-la-mer-le-motoculteur\/#primaryimage"},"thumbnailUrl":"https:\/\/williamchevillon.fr\/wp-content\/uploads\/2026\/03\/IMG_20260312_191504.jpg-767x1024.jpeg","datePublished":"2026-03-12T18:30:30+00:00","dateModified":"2026-03-12T18:30:31+00:00","description":"Les lunettes, la mer, le motoculteur Fragments \u00e9crits - Journal William Chevillon","breadcrumb":{"@id":"https:\/\/williamchevillon.fr\/index.php\/2026\/03\/12\/les-lunettes-la-mer-le-motoculteur\/#breadcrumb"},"inLanguage":"fr-FR","potentialAction":[{"@type":"ReadAction","target":["https:\/\/williamchevillon.fr\/index.php\/2026\/03\/12\/les-lunettes-la-mer-le-motoculteur\/"]}]},{"@type":"ImageObject","inLanguage":"fr-FR","@id":"https:\/\/williamchevillon.fr\/index.php\/2026\/03\/12\/les-lunettes-la-mer-le-motoculteur\/#primaryimage","url":"https:\/\/williamchevillon.fr\/wp-content\/uploads\/2026\/03\/IMG_20260312_191504.jpg-scaled.jpeg","contentUrl":"https:\/\/williamchevillon.fr\/wp-content\/uploads\/2026\/03\/IMG_20260312_191504.jpg-scaled.jpeg","width":1916,"height":2560,"caption":"vue de la mer \u00e0 Granville"},{"@type":"BreadcrumbList","@id":"https:\/\/williamchevillon.fr\/index.php\/2026\/03\/12\/les-lunettes-la-mer-le-motoculteur\/#breadcrumb","itemListElement":[{"@type":"ListItem","position":1,"name":"Accueil","item":"https:\/\/williamchevillon.fr\/"},{"@type":"ListItem","position":2,"name":"Les lunettes, la mer, le motoculteur"}]},{"@type":"WebSite","@id":"https:\/\/williamchevillon.fr\/#website","url":"https:\/\/williamchevillon.fr\/","name":"William Chevillon","description":"\u00ab Il n&#039;est pas dit qu&#039;en \u00e9crivant on assure le salut de son \u00e2me. \u00bb Italo Calvino","publisher":{"@id":"https:\/\/williamchevillon.fr\/#organization"},"potentialAction":[{"@type":"SearchAction","target":{"@type":"EntryPoint","urlTemplate":"https:\/\/williamchevillon.fr\/?s={search_term_string}"},"query-input":{"@type":"PropertyValueSpecification","valueRequired":true,"valueName":"search_term_string"}}],"inLanguage":"fr-FR"},{"@type":"Organization","@id":"https:\/\/williamchevillon.fr\/#organization","name":"William Chevillon","url":"https:\/\/williamchevillon.fr\/","logo":{"@type":"ImageObject","inLanguage":"fr-FR","@id":"https:\/\/williamchevillon.fr\/#\/schema\/logo\/image\/","url":"https:\/\/williamchevillon.fr\/wp-content\/uploads\/2023\/03\/26881283122_9faaa7b2c2_k.jpg","contentUrl":"https:\/\/williamchevillon.fr\/wp-content\/uploads\/2023\/03\/26881283122_9faaa7b2c2_k.jpg","width":2048,"height":1153,"caption":"William Chevillon"},"image":{"@id":"https:\/\/williamchevillon.fr\/#\/schema\/logo\/image\/"},"sameAs":["https:\/\/www.facebook.com\/WilliamChevillonPro","https:\/\/instagram.com\/chevillonw"]},{"@type":"Person","@id":"https:\/\/williamchevillon.fr\/#\/schema\/person\/eb30f03250952b7079f827caba706872","name":"William Chevillon","image":{"@type":"ImageObject","inLanguage":"fr-FR","@id":"https:\/\/secure.gravatar.com\/avatar\/d626b7752353789d21ea6ba008e34f538a0be7ecef0a6eefbf15acabdb28c0b9?s=96&d=mm&r=g","url":"https:\/\/secure.gravatar.com\/avatar\/d626b7752353789d21ea6ba008e34f538a0be7ecef0a6eefbf15acabdb28c0b9?s=96&d=mm&r=g","contentUrl":"https:\/\/secure.gravatar.com\/avatar\/d626b7752353789d21ea6ba008e34f538a0be7ecef0a6eefbf15acabdb28c0b9?s=96&d=mm&r=g","caption":"William Chevillon"},"description":"Chercheur, artiste-auteur et m\u00e9diateur culturel attir\u00e9 par le spectacle vivant, l\u2019art contemporain, le patrimoine et les paysages.","sameAs":["https:\/\/williamchevillon.fr"],"url":"https:\/\/williamchevillon.fr\/index.php\/author\/admin2960\/"}]}},"_links":{"self":[{"href":"https:\/\/williamchevillon.fr\/index.php\/wp-json\/wp\/v2\/posts\/977","targetHints":{"allow":["GET"]}}],"collection":[{"href":"https:\/\/williamchevillon.fr\/index.php\/wp-json\/wp\/v2\/posts"}],"about":[{"href":"https:\/\/williamchevillon.fr\/index.php\/wp-json\/wp\/v2\/types\/post"}],"author":[{"embeddable":true,"href":"https:\/\/williamchevillon.fr\/index.php\/wp-json\/wp\/v2\/users\/1"}],"replies":[{"embeddable":true,"href":"https:\/\/williamchevillon.fr\/index.php\/wp-json\/wp\/v2\/comments?post=977"}],"version-history":[{"count":1,"href":"https:\/\/williamchevillon.fr\/index.php\/wp-json\/wp\/v2\/posts\/977\/revisions"}],"predecessor-version":[{"id":979,"href":"https:\/\/williamchevillon.fr\/index.php\/wp-json\/wp\/v2\/posts\/977\/revisions\/979"}],"wp:attachment":[{"href":"https:\/\/williamchevillon.fr\/index.php\/wp-json\/wp\/v2\/media?parent=977"}],"wp:term":[{"taxonomy":"category","embeddable":true,"href":"https:\/\/williamchevillon.fr\/index.php\/wp-json\/wp\/v2\/categories?post=977"},{"taxonomy":"post_tag","embeddable":true,"href":"https:\/\/williamchevillon.fr\/index.php\/wp-json\/wp\/v2\/tags?post=977"}],"curies":[{"name":"wp","href":"https:\/\/api.w.org\/{rel}","templated":true}]}}