{"id":937,"date":"2025-09-15T19:39:43","date_gmt":"2025-09-15T17:39:43","guid":{"rendered":"https:\/\/williamchevillon.fr\/?p=937"},"modified":"2025-09-15T19:42:10","modified_gmt":"2025-09-15T17:42:10","slug":"cest-toujours-ainsi-que-finit-lete","status":"publish","type":"post","link":"https:\/\/williamchevillon.fr\/index.php\/2025\/09\/15\/cest-toujours-ainsi-que-finit-lete\/","title":{"rendered":"C\u2019est toujours ainsi que finit l\u2019\u00e9t\u00e9"},"content":{"rendered":"\n<figure class=\"wp-block-image size-large\"><img fetchpriority=\"high\" decoding=\"async\" width=\"767\" height=\"1024\" src=\"https:\/\/williamchevillon.fr\/wp-content\/uploads\/2025\/09\/IMG_20250915_094457-767x1024.jpg\" alt=\"\" class=\"wp-image-938\" srcset=\"https:\/\/williamchevillon.fr\/wp-content\/uploads\/2025\/09\/IMG_20250915_094457-767x1024.jpg 767w, https:\/\/williamchevillon.fr\/wp-content\/uploads\/2025\/09\/IMG_20250915_094457-225x300.jpg 225w, https:\/\/williamchevillon.fr\/wp-content\/uploads\/2025\/09\/IMG_20250915_094457-768x1025.jpg 768w, https:\/\/williamchevillon.fr\/wp-content\/uploads\/2025\/09\/IMG_20250915_094457-1151x1536.jpg 1151w, https:\/\/williamchevillon.fr\/wp-content\/uploads\/2025\/09\/IMG_20250915_094457-1535x2048.jpg 1535w, https:\/\/williamchevillon.fr\/wp-content\/uploads\/2025\/09\/IMG_20250915_094457-1200x1601.jpg 1200w, https:\/\/williamchevillon.fr\/wp-content\/uploads\/2025\/09\/IMG_20250915_094457-1980x2642.jpg 1980w, https:\/\/williamchevillon.fr\/wp-content\/uploads\/2025\/09\/IMG_20250915_094457-scaled.jpg 1919w\" sizes=\"(max-width: 767px) 100vw, 767px\" \/><\/figure>\n\n\n\n<p>C\u2019est toujours ainsi que finit l\u2019\u00e9t\u00e9. <\/p>\n\n\n\n<p>Il y a un moment o\u00f9 la ville est comme le sapin que l\u2019on d\u00e9shabille un soir de janvier. On d\u00e9croche les atours, on les glisse dans un carton, on range la bo\u00eete et voil\u00e0 que No\u00ebl finit dans une armoire entre le plaid qui servira s\u2019il fait tr\u00e8s froid et les doudous des gosses qu\u2019on ne peut se r\u00e9soudre \u00e0 donner. Ce matin, voil\u00e0 le son aigrelet de la nacelle en mouvement. Il crie \u00e0 la ville engourdie que les go\u00e9lands sont partis, que les temp\u00eates arrivent et qu\u2019il est temps de retirer les papillons de plastique. Les papillons, on a jug\u00e9 bon de les \u00e9tendre par-dessus les rues, afin de d\u00e9courager les volatiles marins d&rsquo;y s\u00e9journer et d\u2019\u00e9gayer les jours o\u00f9 le ciel est ourl\u00e9 d\u2019averses. Dans la rue voisine, la marchande de pierres de toutes les tailles, de toutes les formes, de toutes les couleurs\u2026 sait que son distributeur de poign\u00e9es de min\u00e9raux pour 2 \u20ac ne sera plus beaucoup sollicit\u00e9. Juste \u00e0 c\u00f4t\u00e9, on sent que la boutique de fa\u00efence anglaise ne rouvrira pas, ou alors peut-\u00eatre. On se dit cela \u00e0 chaque rentr\u00e9e, mais cette fois c\u2019est presque s\u00fbr. Au caf\u00e9, on accuse l\u2019agence immobili\u00e8re d\u2019avoir compliqu\u00e9 les choses et on souligne que le vieux monsieur a bien eu du m\u00e9rite de collecter les tasses, soucoupes et vases par m\u00e8tres cubes pendant des ann\u00e9es.<\/p>\n\n\n\n<p>Sans l\u2019ombre d\u2019un doute, le d\u00e9crochage des guirlandes de plastique c\u2019est le signe que l\u2019on range l\u2019\u00e9t\u00e9 dans une bo\u00eete et qu\u2019il s\u2019en \u00e9chappera seulement l\u2019ann\u00e9e prochaine. Je n\u2019ai pas vraiment envie de remiser mon \u00e9t\u00e9. J\u2019aime les vagues, les feuilles, de vent, la pluie, mais j\u2019ai presque besoin de jouer des prolongations. Certes je me suis baign\u00e9 comme jamais auparavant et j\u2019ai lu plus de livres qu\u2019\u00e0 l\u2019accoutum\u00e9e, mais ce n\u2019est pas \u00e0 \u00e7a que je pense. En revoyant mes anciens coll\u00e8gues, j\u2019ai bien per\u00e7u que je sortais d\u2019un vertige long de quelques mois. Il y a du manque, de l\u2019affection, des r\u00e9flexes, des joies \u00e9videntes et beaucoup de questions qui reviennent. C\u2019est tr\u00e8s diff\u00e9rent des \u00e9t\u00e9s pr\u00e9c\u00e9dents \u00e0 Paris, \u00e0 <a href=\"https:\/\/williamchevillon.fr\/index.php\/2022\/08\/09\/la-plaine-fritz-et-le-reel\/\">Tours<\/a>, \u00e0 Rouen ou en <a href=\"https:\/\/williamchevillon.fr\/index.php\/2024\/08\/03\/sous-la-ligne-de-flottaison\/\">Dordogne<\/a>. Tout ce qui \u00e9tait d\u00e9j\u00e0 grand a pris aujourd\u2019hui une place bien plus importante, comme si les petits semis s&rsquo;\u00e9taient transform\u00e9s en une masse bien plus \u00e9tendue que l\u2019imagination. C\u2019est comme si ce qui \u00e9tait extraordinaire pour moi devenait soudainement accessible, comme si j\u2019\u00e9coutais enfin ce que certains me r\u00e9p\u00e8tent depuis toujours.<\/p>\n\n\n\n<p>France Travail me met en rapport avec un cabinet de conseil dont l\u2019algorithme m\u2019avait annonc\u00e9 il y a huit ans que \u00ab&nbsp;pr\u00eatre&nbsp;\u00bb \u00e9tait dans le top trois des m\u00e9tiers possibles en fonction de mon profil ouvert aux gens et \u00e0 la transmission. D\u2019avance, j&rsquo;ai h\u00e2te des conclusions du prochain questionnaire. Je viens de rendre mon manuscrit et d\u00e9j\u00e0 qu\u2019il me faut trouver des sous pour financer ce sur quoi je travaille depuis la fin de mon adolescence. Curieusement je ne m\u2019inqui\u00e8te pas, je me suis donn\u00e9 le droit de choisir. J\u2019ai le sentiment que les choses reviennent, mais, entre-temps, j\u2019ai r\u00eav\u00e9, aim\u00e9 et grandi. C\u2019est toujours ainsi que finit l\u2019\u00e9t\u00e9, mais cette fois-ci, il ne restera pas dans un carton.<\/p>\n\n\n\n<p><\/p>\n","protected":false},"excerpt":{"rendered":"<p>C\u2019est toujours ainsi que finit l\u2019\u00e9t\u00e9. Il y a un moment o\u00f9 la ville est comme le sapin que l\u2019on d\u00e9shabille un soir de janvier. On d\u00e9croche les atours, on les glisse dans un carton, on range la bo\u00eete et voil\u00e0 que No\u00ebl finit dans une armoire entre le plaid qui servira s\u2019il fait tr\u00e8s [&hellip;]<\/p>\n","protected":false},"author":1,"featured_media":0,"comment_status":"open","ping_status":"open","sticky":false,"template":"","format":"standard","meta":{"footnotes":""},"categories":[6],"tags":[],"class_list":["post-937","post","type-post","status-publish","format-standard","hentry","category-fragments"],"yoast_head":"<!-- This site is optimized with the Yoast SEO plugin v27.5 - https:\/\/yoast.com\/product\/yoast-seo-wordpress\/ -->\n<title>C\u2019est toujours ainsi que finit l\u2019\u00e9t\u00e9 - William Chevillon<\/title>\n<meta name=\"description\" content=\"C\u2019est toujours ainsi que finit l\u2019\u00e9t\u00e9 Fragments \u00e9crits - Journal William Chevillon\" \/>\n<meta name=\"robots\" content=\"index, follow, max-snippet:-1, max-image-preview:large, max-video-preview:-1\" \/>\n<link rel=\"canonical\" href=\"https:\/\/williamchevillon.fr\/index.php\/2025\/09\/15\/cest-toujours-ainsi-que-finit-lete\/\" \/>\n<meta property=\"og:locale\" content=\"fr_FR\" \/>\n<meta property=\"og:type\" content=\"article\" \/>\n<meta property=\"og:title\" content=\"C&#039;est toujours ainsi que finit l&#039;\u00e9t\u00e9\" \/>\n<meta property=\"og:description\" content=\"Ce matin, voil\u00e0 le son aigrelet de la nacelle en mouvement. Il crie \u00e0 la ville engourdie que les go\u00e9lands sont partis, que les temp\u00eates arrivent et qu\u2019il est temps de retirer les papillons de plastique.\" \/>\n<meta property=\"og:url\" content=\"https:\/\/williamchevillon.fr\/index.php\/2025\/09\/15\/cest-toujours-ainsi-que-finit-lete\/\" \/>\n<meta property=\"og:site_name\" content=\"William Chevillon\" \/>\n<meta property=\"article:publisher\" content=\"https:\/\/www.facebook.com\/WilliamChevillonPro\" \/>\n<meta property=\"article:published_time\" content=\"2025-09-15T17:39:43+00:00\" \/>\n<meta property=\"article:modified_time\" content=\"2025-09-15T17:42:10+00:00\" \/>\n<meta property=\"og:image\" content=\"https:\/\/williamchevillon.fr\/wp-content\/uploads\/2025\/09\/IMG_20250915_094457-scaled.jpg\" \/>\n\t<meta property=\"og:image:width\" content=\"1919\" \/>\n\t<meta property=\"og:image:height\" content=\"2560\" \/>\n\t<meta property=\"og:image:type\" content=\"image\/jpeg\" \/>\n<meta name=\"author\" content=\"William Chevillon\" \/>\n<meta name=\"twitter:card\" content=\"summary_large_image\" \/>\n<meta name=\"twitter:title\" content=\"C&#039;est toujours ainsi que finit l&#039;\u00e9t\u00e9\" \/>\n<meta name=\"twitter:description\" content=\"Ce matin, voil\u00e0 le son aigrelet de la nacelle en mouvement. Il crie \u00e0 la ville engourdie que les go\u00e9lands sont partis, que les temp\u00eates arrivent et qu\u2019il est temps de retirer les papillons de plastique.\" \/>\n<meta name=\"twitter:image\" content=\"https:\/\/williamchevillon.fr\/wp-content\/uploads\/2025\/09\/IMG_20250915_094457-scaled.jpg\" \/>\n<meta name=\"twitter:label1\" content=\"\u00c9crit par\" \/>\n\t<meta name=\"twitter:data1\" content=\"William Chevillon\" \/>\n\t<meta name=\"twitter:label2\" content=\"Dur\u00e9e de lecture estim\u00e9e\" \/>\n\t<meta name=\"twitter:data2\" content=\"3 minutes\" \/>\n<script type=\"application\/ld+json\" class=\"yoast-schema-graph\">{\"@context\":\"https:\\\/\\\/schema.org\",\"@graph\":[{\"@type\":\"Article\",\"@id\":\"https:\\\/\\\/williamchevillon.fr\\\/index.php\\\/2025\\\/09\\\/15\\\/cest-toujours-ainsi-que-finit-lete\\\/#article\",\"isPartOf\":{\"@id\":\"https:\\\/\\\/williamchevillon.fr\\\/index.php\\\/2025\\\/09\\\/15\\\/cest-toujours-ainsi-que-finit-lete\\\/\"},\"author\":{\"name\":\"William Chevillon\",\"@id\":\"https:\\\/\\\/williamchevillon.fr\\\/#\\\/schema\\\/person\\\/eb30f03250952b7079f827caba706872\"},\"headline\":\"C\u2019est toujours ainsi que finit l\u2019\u00e9t\u00e9\",\"datePublished\":\"2025-09-15T17:39:43+00:00\",\"dateModified\":\"2025-09-15T17:42:10+00:00\",\"mainEntityOfPage\":{\"@id\":\"https:\\\/\\\/williamchevillon.fr\\\/index.php\\\/2025\\\/09\\\/15\\\/cest-toujours-ainsi-que-finit-lete\\\/\"},\"wordCount\":622,\"commentCount\":0,\"publisher\":{\"@id\":\"https:\\\/\\\/williamchevillon.fr\\\/#organization\"},\"image\":{\"@id\":\"https:\\\/\\\/williamchevillon.fr\\\/index.php\\\/2025\\\/09\\\/15\\\/cest-toujours-ainsi-que-finit-lete\\\/#primaryimage\"},\"thumbnailUrl\":\"https:\\\/\\\/williamchevillon.fr\\\/wp-content\\\/uploads\\\/2025\\\/09\\\/IMG_20250915_094457-767x1024.jpg\",\"articleSection\":[\"Fragments \u00e9crits - Journal\"],\"inLanguage\":\"fr-FR\",\"potentialAction\":[{\"@type\":\"CommentAction\",\"name\":\"Comment\",\"target\":[\"https:\\\/\\\/williamchevillon.fr\\\/index.php\\\/2025\\\/09\\\/15\\\/cest-toujours-ainsi-que-finit-lete\\\/#respond\"]}]},{\"@type\":\"WebPage\",\"@id\":\"https:\\\/\\\/williamchevillon.fr\\\/index.php\\\/2025\\\/09\\\/15\\\/cest-toujours-ainsi-que-finit-lete\\\/\",\"url\":\"https:\\\/\\\/williamchevillon.fr\\\/index.php\\\/2025\\\/09\\\/15\\\/cest-toujours-ainsi-que-finit-lete\\\/\",\"name\":\"C\u2019est toujours ainsi que finit l\u2019\u00e9t\u00e9 - William Chevillon\",\"isPartOf\":{\"@id\":\"https:\\\/\\\/williamchevillon.fr\\\/#website\"},\"primaryImageOfPage\":{\"@id\":\"https:\\\/\\\/williamchevillon.fr\\\/index.php\\\/2025\\\/09\\\/15\\\/cest-toujours-ainsi-que-finit-lete\\\/#primaryimage\"},\"image\":{\"@id\":\"https:\\\/\\\/williamchevillon.fr\\\/index.php\\\/2025\\\/09\\\/15\\\/cest-toujours-ainsi-que-finit-lete\\\/#primaryimage\"},\"thumbnailUrl\":\"https:\\\/\\\/williamchevillon.fr\\\/wp-content\\\/uploads\\\/2025\\\/09\\\/IMG_20250915_094457-767x1024.jpg\",\"datePublished\":\"2025-09-15T17:39:43+00:00\",\"dateModified\":\"2025-09-15T17:42:10+00:00\",\"description\":\"C\u2019est toujours ainsi que finit l\u2019\u00e9t\u00e9 Fragments \u00e9crits - Journal William Chevillon\",\"breadcrumb\":{\"@id\":\"https:\\\/\\\/williamchevillon.fr\\\/index.php\\\/2025\\\/09\\\/15\\\/cest-toujours-ainsi-que-finit-lete\\\/#breadcrumb\"},\"inLanguage\":\"fr-FR\",\"potentialAction\":[{\"@type\":\"ReadAction\",\"target\":[\"https:\\\/\\\/williamchevillon.fr\\\/index.php\\\/2025\\\/09\\\/15\\\/cest-toujours-ainsi-que-finit-lete\\\/\"]}]},{\"@type\":\"ImageObject\",\"inLanguage\":\"fr-FR\",\"@id\":\"https:\\\/\\\/williamchevillon.fr\\\/index.php\\\/2025\\\/09\\\/15\\\/cest-toujours-ainsi-que-finit-lete\\\/#primaryimage\",\"url\":\"https:\\\/\\\/williamchevillon.fr\\\/wp-content\\\/uploads\\\/2025\\\/09\\\/IMG_20250915_094457-scaled.jpg\",\"contentUrl\":\"https:\\\/\\\/williamchevillon.fr\\\/wp-content\\\/uploads\\\/2025\\\/09\\\/IMG_20250915_094457-scaled.jpg\",\"width\":1919,\"height\":2560},{\"@type\":\"BreadcrumbList\",\"@id\":\"https:\\\/\\\/williamchevillon.fr\\\/index.php\\\/2025\\\/09\\\/15\\\/cest-toujours-ainsi-que-finit-lete\\\/#breadcrumb\",\"itemListElement\":[{\"@type\":\"ListItem\",\"position\":1,\"name\":\"Accueil\",\"item\":\"https:\\\/\\\/williamchevillon.fr\\\/\"},{\"@type\":\"ListItem\",\"position\":2,\"name\":\"C\u2019est toujours ainsi que finit l\u2019\u00e9t\u00e9\"}]},{\"@type\":\"WebSite\",\"@id\":\"https:\\\/\\\/williamchevillon.fr\\\/#website\",\"url\":\"https:\\\/\\\/williamchevillon.fr\\\/\",\"name\":\"William Chevillon\",\"description\":\"\u00ab Il n&#039;est pas dit qu&#039;en \u00e9crivant on assure le salut de son \u00e2me. \u00bb Italo Calvino\",\"publisher\":{\"@id\":\"https:\\\/\\\/williamchevillon.fr\\\/#organization\"},\"potentialAction\":[{\"@type\":\"SearchAction\",\"target\":{\"@type\":\"EntryPoint\",\"urlTemplate\":\"https:\\\/\\\/williamchevillon.fr\\\/?s={search_term_string}\"},\"query-input\":{\"@type\":\"PropertyValueSpecification\",\"valueRequired\":true,\"valueName\":\"search_term_string\"}}],\"inLanguage\":\"fr-FR\"},{\"@type\":\"Organization\",\"@id\":\"https:\\\/\\\/williamchevillon.fr\\\/#organization\",\"name\":\"William Chevillon\",\"url\":\"https:\\\/\\\/williamchevillon.fr\\\/\",\"logo\":{\"@type\":\"ImageObject\",\"inLanguage\":\"fr-FR\",\"@id\":\"https:\\\/\\\/williamchevillon.fr\\\/#\\\/schema\\\/logo\\\/image\\\/\",\"url\":\"https:\\\/\\\/williamchevillon.fr\\\/wp-content\\\/uploads\\\/2023\\\/03\\\/26881283122_9faaa7b2c2_k.jpg\",\"contentUrl\":\"https:\\\/\\\/williamchevillon.fr\\\/wp-content\\\/uploads\\\/2023\\\/03\\\/26881283122_9faaa7b2c2_k.jpg\",\"width\":2048,\"height\":1153,\"caption\":\"William Chevillon\"},\"image\":{\"@id\":\"https:\\\/\\\/williamchevillon.fr\\\/#\\\/schema\\\/logo\\\/image\\\/\"},\"sameAs\":[\"https:\\\/\\\/www.facebook.com\\\/WilliamChevillonPro\",\"https:\\\/\\\/instagram.com\\\/chevillonw\"]},{\"@type\":\"Person\",\"@id\":\"https:\\\/\\\/williamchevillon.fr\\\/#\\\/schema\\\/person\\\/eb30f03250952b7079f827caba706872\",\"name\":\"William Chevillon\",\"image\":{\"@type\":\"ImageObject\",\"inLanguage\":\"fr-FR\",\"@id\":\"https:\\\/\\\/secure.gravatar.com\\\/avatar\\\/d626b7752353789d21ea6ba008e34f538a0be7ecef0a6eefbf15acabdb28c0b9?s=96&d=mm&r=g\",\"url\":\"https:\\\/\\\/secure.gravatar.com\\\/avatar\\\/d626b7752353789d21ea6ba008e34f538a0be7ecef0a6eefbf15acabdb28c0b9?s=96&d=mm&r=g\",\"contentUrl\":\"https:\\\/\\\/secure.gravatar.com\\\/avatar\\\/d626b7752353789d21ea6ba008e34f538a0be7ecef0a6eefbf15acabdb28c0b9?s=96&d=mm&r=g\",\"caption\":\"William Chevillon\"},\"description\":\"Chercheur, artiste-auteur et m\u00e9diateur culturel attir\u00e9 par le spectacle vivant, l\u2019art contemporain, le patrimoine et les paysages.\",\"sameAs\":[\"https:\\\/\\\/williamchevillon.fr\"],\"url\":\"https:\\\/\\\/williamchevillon.fr\\\/index.php\\\/author\\\/admin2960\\\/\"}]}<\/script>\n<!-- \/ Yoast SEO plugin. -->","yoast_head_json":{"title":"C\u2019est toujours ainsi que finit l\u2019\u00e9t\u00e9 - William Chevillon","description":"C\u2019est toujours ainsi que finit l\u2019\u00e9t\u00e9 Fragments \u00e9crits - Journal William Chevillon","robots":{"index":"index","follow":"follow","max-snippet":"max-snippet:-1","max-image-preview":"max-image-preview:large","max-video-preview":"max-video-preview:-1"},"canonical":"https:\/\/williamchevillon.fr\/index.php\/2025\/09\/15\/cest-toujours-ainsi-que-finit-lete\/","og_locale":"fr_FR","og_type":"article","og_title":"C'est toujours ainsi que finit l'\u00e9t\u00e9","og_description":"Ce matin, voil\u00e0 le son aigrelet de la nacelle en mouvement. Il crie \u00e0 la ville engourdie que les go\u00e9lands sont partis, que les temp\u00eates arrivent et qu\u2019il est temps de retirer les papillons de plastique.","og_url":"https:\/\/williamchevillon.fr\/index.php\/2025\/09\/15\/cest-toujours-ainsi-que-finit-lete\/","og_site_name":"William Chevillon","article_publisher":"https:\/\/www.facebook.com\/WilliamChevillonPro","article_published_time":"2025-09-15T17:39:43+00:00","article_modified_time":"2025-09-15T17:42:10+00:00","og_image":[{"width":1919,"height":2560,"url":"https:\/\/williamchevillon.fr\/wp-content\/uploads\/2025\/09\/IMG_20250915_094457-scaled.jpg","type":"image\/jpeg"}],"author":"William Chevillon","twitter_card":"summary_large_image","twitter_title":"C'est toujours ainsi que finit l'\u00e9t\u00e9","twitter_description":"Ce matin, voil\u00e0 le son aigrelet de la nacelle en mouvement. Il crie \u00e0 la ville engourdie que les go\u00e9lands sont partis, que les temp\u00eates arrivent et qu\u2019il est temps de retirer les papillons de plastique.","twitter_image":"https:\/\/williamchevillon.fr\/wp-content\/uploads\/2025\/09\/IMG_20250915_094457-scaled.jpg","twitter_misc":{"\u00c9crit par":"William Chevillon","Dur\u00e9e de lecture estim\u00e9e":"3 minutes"},"schema":{"@context":"https:\/\/schema.org","@graph":[{"@type":"Article","@id":"https:\/\/williamchevillon.fr\/index.php\/2025\/09\/15\/cest-toujours-ainsi-que-finit-lete\/#article","isPartOf":{"@id":"https:\/\/williamchevillon.fr\/index.php\/2025\/09\/15\/cest-toujours-ainsi-que-finit-lete\/"},"author":{"name":"William Chevillon","@id":"https:\/\/williamchevillon.fr\/#\/schema\/person\/eb30f03250952b7079f827caba706872"},"headline":"C\u2019est toujours ainsi que finit l\u2019\u00e9t\u00e9","datePublished":"2025-09-15T17:39:43+00:00","dateModified":"2025-09-15T17:42:10+00:00","mainEntityOfPage":{"@id":"https:\/\/williamchevillon.fr\/index.php\/2025\/09\/15\/cest-toujours-ainsi-que-finit-lete\/"},"wordCount":622,"commentCount":0,"publisher":{"@id":"https:\/\/williamchevillon.fr\/#organization"},"image":{"@id":"https:\/\/williamchevillon.fr\/index.php\/2025\/09\/15\/cest-toujours-ainsi-que-finit-lete\/#primaryimage"},"thumbnailUrl":"https:\/\/williamchevillon.fr\/wp-content\/uploads\/2025\/09\/IMG_20250915_094457-767x1024.jpg","articleSection":["Fragments \u00e9crits - Journal"],"inLanguage":"fr-FR","potentialAction":[{"@type":"CommentAction","name":"Comment","target":["https:\/\/williamchevillon.fr\/index.php\/2025\/09\/15\/cest-toujours-ainsi-que-finit-lete\/#respond"]}]},{"@type":"WebPage","@id":"https:\/\/williamchevillon.fr\/index.php\/2025\/09\/15\/cest-toujours-ainsi-que-finit-lete\/","url":"https:\/\/williamchevillon.fr\/index.php\/2025\/09\/15\/cest-toujours-ainsi-que-finit-lete\/","name":"C\u2019est toujours ainsi que finit l\u2019\u00e9t\u00e9 - William Chevillon","isPartOf":{"@id":"https:\/\/williamchevillon.fr\/#website"},"primaryImageOfPage":{"@id":"https:\/\/williamchevillon.fr\/index.php\/2025\/09\/15\/cest-toujours-ainsi-que-finit-lete\/#primaryimage"},"image":{"@id":"https:\/\/williamchevillon.fr\/index.php\/2025\/09\/15\/cest-toujours-ainsi-que-finit-lete\/#primaryimage"},"thumbnailUrl":"https:\/\/williamchevillon.fr\/wp-content\/uploads\/2025\/09\/IMG_20250915_094457-767x1024.jpg","datePublished":"2025-09-15T17:39:43+00:00","dateModified":"2025-09-15T17:42:10+00:00","description":"C\u2019est toujours ainsi que finit l\u2019\u00e9t\u00e9 Fragments \u00e9crits - Journal William Chevillon","breadcrumb":{"@id":"https:\/\/williamchevillon.fr\/index.php\/2025\/09\/15\/cest-toujours-ainsi-que-finit-lete\/#breadcrumb"},"inLanguage":"fr-FR","potentialAction":[{"@type":"ReadAction","target":["https:\/\/williamchevillon.fr\/index.php\/2025\/09\/15\/cest-toujours-ainsi-que-finit-lete\/"]}]},{"@type":"ImageObject","inLanguage":"fr-FR","@id":"https:\/\/williamchevillon.fr\/index.php\/2025\/09\/15\/cest-toujours-ainsi-que-finit-lete\/#primaryimage","url":"https:\/\/williamchevillon.fr\/wp-content\/uploads\/2025\/09\/IMG_20250915_094457-scaled.jpg","contentUrl":"https:\/\/williamchevillon.fr\/wp-content\/uploads\/2025\/09\/IMG_20250915_094457-scaled.jpg","width":1919,"height":2560},{"@type":"BreadcrumbList","@id":"https:\/\/williamchevillon.fr\/index.php\/2025\/09\/15\/cest-toujours-ainsi-que-finit-lete\/#breadcrumb","itemListElement":[{"@type":"ListItem","position":1,"name":"Accueil","item":"https:\/\/williamchevillon.fr\/"},{"@type":"ListItem","position":2,"name":"C\u2019est toujours ainsi que finit l\u2019\u00e9t\u00e9"}]},{"@type":"WebSite","@id":"https:\/\/williamchevillon.fr\/#website","url":"https:\/\/williamchevillon.fr\/","name":"William Chevillon","description":"\u00ab Il n&#039;est pas dit qu&#039;en \u00e9crivant on assure le salut de son \u00e2me. \u00bb Italo Calvino","publisher":{"@id":"https:\/\/williamchevillon.fr\/#organization"},"potentialAction":[{"@type":"SearchAction","target":{"@type":"EntryPoint","urlTemplate":"https:\/\/williamchevillon.fr\/?s={search_term_string}"},"query-input":{"@type":"PropertyValueSpecification","valueRequired":true,"valueName":"search_term_string"}}],"inLanguage":"fr-FR"},{"@type":"Organization","@id":"https:\/\/williamchevillon.fr\/#organization","name":"William Chevillon","url":"https:\/\/williamchevillon.fr\/","logo":{"@type":"ImageObject","inLanguage":"fr-FR","@id":"https:\/\/williamchevillon.fr\/#\/schema\/logo\/image\/","url":"https:\/\/williamchevillon.fr\/wp-content\/uploads\/2023\/03\/26881283122_9faaa7b2c2_k.jpg","contentUrl":"https:\/\/williamchevillon.fr\/wp-content\/uploads\/2023\/03\/26881283122_9faaa7b2c2_k.jpg","width":2048,"height":1153,"caption":"William Chevillon"},"image":{"@id":"https:\/\/williamchevillon.fr\/#\/schema\/logo\/image\/"},"sameAs":["https:\/\/www.facebook.com\/WilliamChevillonPro","https:\/\/instagram.com\/chevillonw"]},{"@type":"Person","@id":"https:\/\/williamchevillon.fr\/#\/schema\/person\/eb30f03250952b7079f827caba706872","name":"William Chevillon","image":{"@type":"ImageObject","inLanguage":"fr-FR","@id":"https:\/\/secure.gravatar.com\/avatar\/d626b7752353789d21ea6ba008e34f538a0be7ecef0a6eefbf15acabdb28c0b9?s=96&d=mm&r=g","url":"https:\/\/secure.gravatar.com\/avatar\/d626b7752353789d21ea6ba008e34f538a0be7ecef0a6eefbf15acabdb28c0b9?s=96&d=mm&r=g","contentUrl":"https:\/\/secure.gravatar.com\/avatar\/d626b7752353789d21ea6ba008e34f538a0be7ecef0a6eefbf15acabdb28c0b9?s=96&d=mm&r=g","caption":"William Chevillon"},"description":"Chercheur, artiste-auteur et m\u00e9diateur culturel attir\u00e9 par le spectacle vivant, l\u2019art contemporain, le patrimoine et les paysages.","sameAs":["https:\/\/williamchevillon.fr"],"url":"https:\/\/williamchevillon.fr\/index.php\/author\/admin2960\/"}]}},"_links":{"self":[{"href":"https:\/\/williamchevillon.fr\/index.php\/wp-json\/wp\/v2\/posts\/937","targetHints":{"allow":["GET"]}}],"collection":[{"href":"https:\/\/williamchevillon.fr\/index.php\/wp-json\/wp\/v2\/posts"}],"about":[{"href":"https:\/\/williamchevillon.fr\/index.php\/wp-json\/wp\/v2\/types\/post"}],"author":[{"embeddable":true,"href":"https:\/\/williamchevillon.fr\/index.php\/wp-json\/wp\/v2\/users\/1"}],"replies":[{"embeddable":true,"href":"https:\/\/williamchevillon.fr\/index.php\/wp-json\/wp\/v2\/comments?post=937"}],"version-history":[{"count":3,"href":"https:\/\/williamchevillon.fr\/index.php\/wp-json\/wp\/v2\/posts\/937\/revisions"}],"predecessor-version":[{"id":941,"href":"https:\/\/williamchevillon.fr\/index.php\/wp-json\/wp\/v2\/posts\/937\/revisions\/941"}],"wp:attachment":[{"href":"https:\/\/williamchevillon.fr\/index.php\/wp-json\/wp\/v2\/media?parent=937"}],"wp:term":[{"taxonomy":"category","embeddable":true,"href":"https:\/\/williamchevillon.fr\/index.php\/wp-json\/wp\/v2\/categories?post=937"},{"taxonomy":"post_tag","embeddable":true,"href":"https:\/\/williamchevillon.fr\/index.php\/wp-json\/wp\/v2\/tags?post=937"}],"curies":[{"name":"wp","href":"https:\/\/api.w.org\/{rel}","templated":true}]}}