{"id":910,"date":"2025-08-13T21:35:43","date_gmt":"2025-08-13T19:35:43","guid":{"rendered":"https:\/\/williamchevillon.fr\/?p=910"},"modified":"2025-08-13T22:08:55","modified_gmt":"2025-08-13T20:08:55","slug":"demain-le-port","status":"publish","type":"post","link":"https:\/\/williamchevillon.fr\/index.php\/2025\/08\/13\/demain-le-port\/","title":{"rendered":"Demain, le port"},"content":{"rendered":"\n<figure class=\"wp-block-image size-large\"><img fetchpriority=\"high\" decoding=\"async\" width=\"1024\" height=\"683\" src=\"https:\/\/williamchevillon.fr\/wp-content\/uploads\/2025\/08\/IMG_5801-1024x683.jpg\" alt=\"La Manche \u00e0 Granville sous les brumes\" class=\"wp-image-911\" srcset=\"https:\/\/williamchevillon.fr\/wp-content\/uploads\/2025\/08\/IMG_5801-1024x683.jpg 1024w, https:\/\/williamchevillon.fr\/wp-content\/uploads\/2025\/08\/IMG_5801-300x200.jpg 300w, https:\/\/williamchevillon.fr\/wp-content\/uploads\/2025\/08\/IMG_5801-768x512.jpg 768w, https:\/\/williamchevillon.fr\/wp-content\/uploads\/2025\/08\/IMG_5801-1536x1024.jpg 1536w, https:\/\/williamchevillon.fr\/wp-content\/uploads\/2025\/08\/IMG_5801-2048x1365.jpg 2048w, https:\/\/williamchevillon.fr\/wp-content\/uploads\/2025\/08\/IMG_5801-1200x800.jpg 1200w, https:\/\/williamchevillon.fr\/wp-content\/uploads\/2025\/08\/IMG_5801-1980x1320.jpg 1980w\" sizes=\"(max-width: 1024px) 100vw, 1024px\" \/><\/figure>\n\n\n\n<p>C\u2019est quelque chose comme un rituel, une fa\u00e7on d\u2019aller saluer la mer avant de d\u00e9buter la journ\u00e9e. Presque toujours je commence avec le m\u00eame chemin. La seule entorse c\u2019est le choix du bar-tabac pour le caf\u00e9&nbsp;: l\u00e0, les patrons faisant payer le suppl\u00e9ment terrasse selon leur humeur&nbsp;; ici, le caf\u00e9 sur la table avant-m\u00eame que n\u2019en soit prononc\u00e9e la demande&nbsp;; dans la rue adjacente, le tenancier qui conna\u00eet tout le gratin local ; \u00e0 peine plus loin, les clients lisant le journal \u00e0 voix-haute. On apprend dans<em> La Manche Libre <\/em>que le tourisme est peut-\u00eatre trop d\u00e9velopp\u00e9, j\u2019ai su, hier, que le mareyeur venait de mettre des \u00e9trilles sur son \u00e9tal. D\u00e9j\u00e0 <a href=\"https:\/\/williamchevillon.fr\/index.php\/2021\/10\/25\/necora-puber\/\">avec ces petits crabes<\/a> des souvenirs remontent, les langues de roches noires s\u2019enfon\u00e7ant dans les vagues et sur lesquelles il fallait avancer pour esp\u00e9rer en capturer. Je me rappelle assez pr\u00e9cis\u00e9ment de la lutte des d\u00e9capodes contre les parois du seau en plastique. Un mouvement invariable comme une geste nonchalante, saccad\u00e9e autant que vaine.<\/p>\n\n\n\n<p>Je ne m\u2019y trompe pas, la mer c\u2019est mon aimant \u00e0 souvenirs. Lorsque je vois l\u2019affiche invitant \u00e0 sauver le dernier trois-m\u00e2ts morutier de France je me rends compte que ce bateau m\u2019est familier depuis toujours gr\u00e2ce \u00e0 Georges Pernoud le vendredi soir sur France 3. Avec les remparts le port c\u2019est l\u2019endroit o\u00f9 je me sens bien ici. Ce n\u2019est pas de la beaut\u00e9, c\u2019est au contraire de la rudesse et de la n\u00e9cessit\u00e9. C\u2019est parce qu\u2019il ne ment pas que j\u2019aime ce port. Rien n\u2019y est am\u00e9nag\u00e9 pour la promenade, par moments \u00e7a pue la laque de polyur\u00e9thane et la fermentation, le crachin mord la nuque au petit matin, mais je m&rsquo;en moque bien. Je vois les navires \u00e0 quai, les marins qui s\u2019affairent, les chalutiers s\u2019en aller, les semi-remorques man\u0153uvrer\u2026 tout cela exerce sur moi une fascination que je n\u2019explique pas.<\/p>\n\n\n\n<p>Apr\u00e8s la cri\u00e9e c\u2019est l\u2019avant-port qui se profile, puis la cale et la pointe. L\u00e0, je choisis les escarpements du contrebas ou bien la rue formant une rampe jusqu\u2019au plateau. Je regarde les blockhaus et l\u2019aquarium ferm\u00e9 pour travaux. J\u2019imagine les gosses qui devaient en sortir avec une fausse dent de requin achet\u00e9e \u00e0 la boutique, je pense \u00e0 mon fr\u00e8re qui \u00e9tait de ceux-l\u00e0. Au nord c\u2019est la promenade le long de la muraille, juste apr\u00e8s la caserne. Je regarde l\u2019eau et je pense aux animaux marins, plus prosa\u00efquement aux thons et sardines, \u00e0 ceux qui ne sont pas revenus, au silence absolu d\u00e8s que les passants sont partis. Aujourd\u2019hui il n\u2019y a pas de ligne d\u2019horizon et les \u00eeles sont invisibles. \u00c0 l\u2019aplomb un plongeur scrute les eaux claires et bleues, \u00e0 quelques centaines de m\u00e8tres les caseyeurs ont disparu dans les brumes \u00e9paisses. La mer joue de l\u2019ambigu\u00eft\u00e9, c\u2019est ce qui me pla\u00eet. C\u2019est ce qui me plaira demain.<\/p>\n","protected":false},"excerpt":{"rendered":"<p>C\u2019est quelque chose comme un rituel, une fa\u00e7on d\u2019aller saluer la mer avant de d\u00e9buter la journ\u00e9e. Presque toujours je commence avec le m\u00eame chemin. La seule entorse c\u2019est le choix du bar-tabac pour le caf\u00e9&nbsp;: l\u00e0, les patrons faisant payer le suppl\u00e9ment terrasse selon leur humeur&nbsp;; ici, le caf\u00e9 sur la table avant-m\u00eame que [&hellip;]<\/p>\n","protected":false},"author":1,"featured_media":0,"comment_status":"open","ping_status":"open","sticky":false,"template":"","format":"standard","meta":{"footnotes":""},"categories":[6],"tags":[94,93],"class_list":["post-910","post","type-post","status-publish","format-standard","hentry","category-fragments","tag-manche","tag-port-de-granville"],"yoast_head":"<!-- This site is optimized with the Yoast SEO plugin v27.5 - https:\/\/yoast.com\/product\/yoast-seo-wordpress\/ -->\n<title>Demain, le port - William Chevillon<\/title>\n<meta name=\"description\" content=\"Demain, le port Fragments \u00e9crits - Journal William Chevillon\" \/>\n<meta name=\"robots\" content=\"index, follow, max-snippet:-1, max-image-preview:large, max-video-preview:-1\" \/>\n<link rel=\"canonical\" href=\"https:\/\/williamchevillon.fr\/index.php\/2025\/08\/13\/demain-le-port\/\" \/>\n<meta property=\"og:locale\" content=\"fr_FR\" \/>\n<meta property=\"og:type\" content=\"article\" \/>\n<meta property=\"og:title\" content=\"Demain, le port\" \/>\n<meta property=\"og:description\" content=\"C\u2019est quelque chose comme un rituel, une fa\u00e7on d\u2019aller saluer la mer avant de d\u00e9buter la journ\u00e9e. Presque toujours je commence avec le m\u00eame chemin.\" \/>\n<meta property=\"og:url\" content=\"https:\/\/williamchevillon.fr\/index.php\/2025\/08\/13\/demain-le-port\/\" \/>\n<meta property=\"og:site_name\" content=\"William Chevillon\" \/>\n<meta property=\"article:publisher\" content=\"https:\/\/www.facebook.com\/WilliamChevillonPro\" \/>\n<meta property=\"article:published_time\" content=\"2025-08-13T19:35:43+00:00\" \/>\n<meta property=\"article:modified_time\" content=\"2025-08-13T20:08:55+00:00\" \/>\n<meta property=\"og:image\" content=\"https:\/\/williamchevillon.fr\/wp-content\/uploads\/2025\/08\/IMG_5801-scaled.jpg\" \/>\n\t<meta property=\"og:image:width\" content=\"2560\" \/>\n\t<meta property=\"og:image:height\" content=\"1707\" \/>\n\t<meta property=\"og:image:type\" content=\"image\/jpeg\" \/>\n<meta name=\"author\" content=\"William Chevillon\" \/>\n<meta name=\"twitter:card\" content=\"summary_large_image\" \/>\n<meta name=\"twitter:title\" content=\"Demain, le port\" \/>\n<meta name=\"twitter:description\" content=\"C\u2019est quelque chose comme un rituel, une fa\u00e7on d\u2019aller saluer la mer avant de d\u00e9buter la journ\u00e9e. Presque toujours je commence avec le m\u00eame chemin.\" \/>\n<meta name=\"twitter:image\" content=\"https:\/\/williamchevillon.fr\/wp-content\/uploads\/2025\/08\/IMG_5801-scaled.jpg\" \/>\n<meta name=\"twitter:label1\" content=\"\u00c9crit par\" \/>\n\t<meta name=\"twitter:data1\" content=\"William Chevillon\" \/>\n\t<meta name=\"twitter:label2\" content=\"Dur\u00e9e de lecture estim\u00e9e\" \/>\n\t<meta name=\"twitter:data2\" content=\"3 minutes\" \/>\n<script type=\"application\/ld+json\" class=\"yoast-schema-graph\">{\"@context\":\"https:\\\/\\\/schema.org\",\"@graph\":[{\"@type\":\"Article\",\"@id\":\"https:\\\/\\\/williamchevillon.fr\\\/index.php\\\/2025\\\/08\\\/13\\\/demain-le-port\\\/#article\",\"isPartOf\":{\"@id\":\"https:\\\/\\\/williamchevillon.fr\\\/index.php\\\/2025\\\/08\\\/13\\\/demain-le-port\\\/\"},\"author\":{\"name\":\"William Chevillon\",\"@id\":\"https:\\\/\\\/williamchevillon.fr\\\/#\\\/schema\\\/person\\\/eb30f03250952b7079f827caba706872\"},\"headline\":\"Demain, le port\",\"datePublished\":\"2025-08-13T19:35:43+00:00\",\"dateModified\":\"2025-08-13T20:08:55+00:00\",\"mainEntityOfPage\":{\"@id\":\"https:\\\/\\\/williamchevillon.fr\\\/index.php\\\/2025\\\/08\\\/13\\\/demain-le-port\\\/\"},\"wordCount\":534,\"commentCount\":3,\"publisher\":{\"@id\":\"https:\\\/\\\/williamchevillon.fr\\\/#organization\"},\"image\":{\"@id\":\"https:\\\/\\\/williamchevillon.fr\\\/index.php\\\/2025\\\/08\\\/13\\\/demain-le-port\\\/#primaryimage\"},\"thumbnailUrl\":\"https:\\\/\\\/williamchevillon.fr\\\/wp-content\\\/uploads\\\/2025\\\/08\\\/IMG_5801-1024x683.jpg\",\"keywords\":[\"manche\",\"port de granville\"],\"articleSection\":[\"Fragments \u00e9crits - Journal\"],\"inLanguage\":\"fr-FR\",\"potentialAction\":[{\"@type\":\"CommentAction\",\"name\":\"Comment\",\"target\":[\"https:\\\/\\\/williamchevillon.fr\\\/index.php\\\/2025\\\/08\\\/13\\\/demain-le-port\\\/#respond\"]}]},{\"@type\":\"WebPage\",\"@id\":\"https:\\\/\\\/williamchevillon.fr\\\/index.php\\\/2025\\\/08\\\/13\\\/demain-le-port\\\/\",\"url\":\"https:\\\/\\\/williamchevillon.fr\\\/index.php\\\/2025\\\/08\\\/13\\\/demain-le-port\\\/\",\"name\":\"Demain, le port - William Chevillon\",\"isPartOf\":{\"@id\":\"https:\\\/\\\/williamchevillon.fr\\\/#website\"},\"primaryImageOfPage\":{\"@id\":\"https:\\\/\\\/williamchevillon.fr\\\/index.php\\\/2025\\\/08\\\/13\\\/demain-le-port\\\/#primaryimage\"},\"image\":{\"@id\":\"https:\\\/\\\/williamchevillon.fr\\\/index.php\\\/2025\\\/08\\\/13\\\/demain-le-port\\\/#primaryimage\"},\"thumbnailUrl\":\"https:\\\/\\\/williamchevillon.fr\\\/wp-content\\\/uploads\\\/2025\\\/08\\\/IMG_5801-1024x683.jpg\",\"datePublished\":\"2025-08-13T19:35:43+00:00\",\"dateModified\":\"2025-08-13T20:08:55+00:00\",\"description\":\"Demain, le port Fragments \u00e9crits - Journal William Chevillon\",\"breadcrumb\":{\"@id\":\"https:\\\/\\\/williamchevillon.fr\\\/index.php\\\/2025\\\/08\\\/13\\\/demain-le-port\\\/#breadcrumb\"},\"inLanguage\":\"fr-FR\",\"potentialAction\":[{\"@type\":\"ReadAction\",\"target\":[\"https:\\\/\\\/williamchevillon.fr\\\/index.php\\\/2025\\\/08\\\/13\\\/demain-le-port\\\/\"]}]},{\"@type\":\"ImageObject\",\"inLanguage\":\"fr-FR\",\"@id\":\"https:\\\/\\\/williamchevillon.fr\\\/index.php\\\/2025\\\/08\\\/13\\\/demain-le-port\\\/#primaryimage\",\"url\":\"https:\\\/\\\/williamchevillon.fr\\\/wp-content\\\/uploads\\\/2025\\\/08\\\/IMG_5801-scaled.jpg\",\"contentUrl\":\"https:\\\/\\\/williamchevillon.fr\\\/wp-content\\\/uploads\\\/2025\\\/08\\\/IMG_5801-scaled.jpg\",\"width\":2560,\"height\":1707,\"caption\":\"Vue de la Manche \u00e0 Granville, sous la brume\"},{\"@type\":\"BreadcrumbList\",\"@id\":\"https:\\\/\\\/williamchevillon.fr\\\/index.php\\\/2025\\\/08\\\/13\\\/demain-le-port\\\/#breadcrumb\",\"itemListElement\":[{\"@type\":\"ListItem\",\"position\":1,\"name\":\"Accueil\",\"item\":\"https:\\\/\\\/williamchevillon.fr\\\/\"},{\"@type\":\"ListItem\",\"position\":2,\"name\":\"Demain, le port\"}]},{\"@type\":\"WebSite\",\"@id\":\"https:\\\/\\\/williamchevillon.fr\\\/#website\",\"url\":\"https:\\\/\\\/williamchevillon.fr\\\/\",\"name\":\"William Chevillon\",\"description\":\"\u00ab Il n&#039;est pas dit qu&#039;en \u00e9crivant on assure le salut de son \u00e2me. \u00bb Italo Calvino\",\"publisher\":{\"@id\":\"https:\\\/\\\/williamchevillon.fr\\\/#organization\"},\"potentialAction\":[{\"@type\":\"SearchAction\",\"target\":{\"@type\":\"EntryPoint\",\"urlTemplate\":\"https:\\\/\\\/williamchevillon.fr\\\/?s={search_term_string}\"},\"query-input\":{\"@type\":\"PropertyValueSpecification\",\"valueRequired\":true,\"valueName\":\"search_term_string\"}}],\"inLanguage\":\"fr-FR\"},{\"@type\":\"Organization\",\"@id\":\"https:\\\/\\\/williamchevillon.fr\\\/#organization\",\"name\":\"William Chevillon\",\"url\":\"https:\\\/\\\/williamchevillon.fr\\\/\",\"logo\":{\"@type\":\"ImageObject\",\"inLanguage\":\"fr-FR\",\"@id\":\"https:\\\/\\\/williamchevillon.fr\\\/#\\\/schema\\\/logo\\\/image\\\/\",\"url\":\"https:\\\/\\\/williamchevillon.fr\\\/wp-content\\\/uploads\\\/2023\\\/03\\\/26881283122_9faaa7b2c2_k.jpg\",\"contentUrl\":\"https:\\\/\\\/williamchevillon.fr\\\/wp-content\\\/uploads\\\/2023\\\/03\\\/26881283122_9faaa7b2c2_k.jpg\",\"width\":2048,\"height\":1153,\"caption\":\"William Chevillon\"},\"image\":{\"@id\":\"https:\\\/\\\/williamchevillon.fr\\\/#\\\/schema\\\/logo\\\/image\\\/\"},\"sameAs\":[\"https:\\\/\\\/www.facebook.com\\\/WilliamChevillonPro\",\"https:\\\/\\\/instagram.com\\\/chevillonw\"]},{\"@type\":\"Person\",\"@id\":\"https:\\\/\\\/williamchevillon.fr\\\/#\\\/schema\\\/person\\\/eb30f03250952b7079f827caba706872\",\"name\":\"William Chevillon\",\"image\":{\"@type\":\"ImageObject\",\"inLanguage\":\"fr-FR\",\"@id\":\"https:\\\/\\\/secure.gravatar.com\\\/avatar\\\/d626b7752353789d21ea6ba008e34f538a0be7ecef0a6eefbf15acabdb28c0b9?s=96&d=mm&r=g\",\"url\":\"https:\\\/\\\/secure.gravatar.com\\\/avatar\\\/d626b7752353789d21ea6ba008e34f538a0be7ecef0a6eefbf15acabdb28c0b9?s=96&d=mm&r=g\",\"contentUrl\":\"https:\\\/\\\/secure.gravatar.com\\\/avatar\\\/d626b7752353789d21ea6ba008e34f538a0be7ecef0a6eefbf15acabdb28c0b9?s=96&d=mm&r=g\",\"caption\":\"William Chevillon\"},\"description\":\"Chercheur, artiste-auteur et m\u00e9diateur culturel attir\u00e9 par le spectacle vivant, l\u2019art contemporain, le patrimoine et les paysages.\",\"sameAs\":[\"https:\\\/\\\/williamchevillon.fr\"],\"url\":\"https:\\\/\\\/williamchevillon.fr\\\/index.php\\\/author\\\/admin2960\\\/\"}]}<\/script>\n<!-- \/ Yoast SEO plugin. -->","yoast_head_json":{"title":"Demain, le port - William Chevillon","description":"Demain, le port Fragments \u00e9crits - Journal William Chevillon","robots":{"index":"index","follow":"follow","max-snippet":"max-snippet:-1","max-image-preview":"max-image-preview:large","max-video-preview":"max-video-preview:-1"},"canonical":"https:\/\/williamchevillon.fr\/index.php\/2025\/08\/13\/demain-le-port\/","og_locale":"fr_FR","og_type":"article","og_title":"Demain, le port","og_description":"C\u2019est quelque chose comme un rituel, une fa\u00e7on d\u2019aller saluer la mer avant de d\u00e9buter la journ\u00e9e. Presque toujours je commence avec le m\u00eame chemin.","og_url":"https:\/\/williamchevillon.fr\/index.php\/2025\/08\/13\/demain-le-port\/","og_site_name":"William Chevillon","article_publisher":"https:\/\/www.facebook.com\/WilliamChevillonPro","article_published_time":"2025-08-13T19:35:43+00:00","article_modified_time":"2025-08-13T20:08:55+00:00","og_image":[{"width":2560,"height":1707,"url":"https:\/\/williamchevillon.fr\/wp-content\/uploads\/2025\/08\/IMG_5801-scaled.jpg","type":"image\/jpeg"}],"author":"William Chevillon","twitter_card":"summary_large_image","twitter_title":"Demain, le port","twitter_description":"C\u2019est quelque chose comme un rituel, une fa\u00e7on d\u2019aller saluer la mer avant de d\u00e9buter la journ\u00e9e. Presque toujours je commence avec le m\u00eame chemin.","twitter_image":"https:\/\/williamchevillon.fr\/wp-content\/uploads\/2025\/08\/IMG_5801-scaled.jpg","twitter_misc":{"\u00c9crit par":"William Chevillon","Dur\u00e9e de lecture estim\u00e9e":"3 minutes"},"schema":{"@context":"https:\/\/schema.org","@graph":[{"@type":"Article","@id":"https:\/\/williamchevillon.fr\/index.php\/2025\/08\/13\/demain-le-port\/#article","isPartOf":{"@id":"https:\/\/williamchevillon.fr\/index.php\/2025\/08\/13\/demain-le-port\/"},"author":{"name":"William Chevillon","@id":"https:\/\/williamchevillon.fr\/#\/schema\/person\/eb30f03250952b7079f827caba706872"},"headline":"Demain, le port","datePublished":"2025-08-13T19:35:43+00:00","dateModified":"2025-08-13T20:08:55+00:00","mainEntityOfPage":{"@id":"https:\/\/williamchevillon.fr\/index.php\/2025\/08\/13\/demain-le-port\/"},"wordCount":534,"commentCount":3,"publisher":{"@id":"https:\/\/williamchevillon.fr\/#organization"},"image":{"@id":"https:\/\/williamchevillon.fr\/index.php\/2025\/08\/13\/demain-le-port\/#primaryimage"},"thumbnailUrl":"https:\/\/williamchevillon.fr\/wp-content\/uploads\/2025\/08\/IMG_5801-1024x683.jpg","keywords":["manche","port de granville"],"articleSection":["Fragments \u00e9crits - Journal"],"inLanguage":"fr-FR","potentialAction":[{"@type":"CommentAction","name":"Comment","target":["https:\/\/williamchevillon.fr\/index.php\/2025\/08\/13\/demain-le-port\/#respond"]}]},{"@type":"WebPage","@id":"https:\/\/williamchevillon.fr\/index.php\/2025\/08\/13\/demain-le-port\/","url":"https:\/\/williamchevillon.fr\/index.php\/2025\/08\/13\/demain-le-port\/","name":"Demain, le port - William Chevillon","isPartOf":{"@id":"https:\/\/williamchevillon.fr\/#website"},"primaryImageOfPage":{"@id":"https:\/\/williamchevillon.fr\/index.php\/2025\/08\/13\/demain-le-port\/#primaryimage"},"image":{"@id":"https:\/\/williamchevillon.fr\/index.php\/2025\/08\/13\/demain-le-port\/#primaryimage"},"thumbnailUrl":"https:\/\/williamchevillon.fr\/wp-content\/uploads\/2025\/08\/IMG_5801-1024x683.jpg","datePublished":"2025-08-13T19:35:43+00:00","dateModified":"2025-08-13T20:08:55+00:00","description":"Demain, le port Fragments \u00e9crits - Journal William Chevillon","breadcrumb":{"@id":"https:\/\/williamchevillon.fr\/index.php\/2025\/08\/13\/demain-le-port\/#breadcrumb"},"inLanguage":"fr-FR","potentialAction":[{"@type":"ReadAction","target":["https:\/\/williamchevillon.fr\/index.php\/2025\/08\/13\/demain-le-port\/"]}]},{"@type":"ImageObject","inLanguage":"fr-FR","@id":"https:\/\/williamchevillon.fr\/index.php\/2025\/08\/13\/demain-le-port\/#primaryimage","url":"https:\/\/williamchevillon.fr\/wp-content\/uploads\/2025\/08\/IMG_5801-scaled.jpg","contentUrl":"https:\/\/williamchevillon.fr\/wp-content\/uploads\/2025\/08\/IMG_5801-scaled.jpg","width":2560,"height":1707,"caption":"Vue de la Manche \u00e0 Granville, sous la brume"},{"@type":"BreadcrumbList","@id":"https:\/\/williamchevillon.fr\/index.php\/2025\/08\/13\/demain-le-port\/#breadcrumb","itemListElement":[{"@type":"ListItem","position":1,"name":"Accueil","item":"https:\/\/williamchevillon.fr\/"},{"@type":"ListItem","position":2,"name":"Demain, le port"}]},{"@type":"WebSite","@id":"https:\/\/williamchevillon.fr\/#website","url":"https:\/\/williamchevillon.fr\/","name":"William Chevillon","description":"\u00ab Il n&#039;est pas dit qu&#039;en \u00e9crivant on assure le salut de son \u00e2me. \u00bb Italo Calvino","publisher":{"@id":"https:\/\/williamchevillon.fr\/#organization"},"potentialAction":[{"@type":"SearchAction","target":{"@type":"EntryPoint","urlTemplate":"https:\/\/williamchevillon.fr\/?s={search_term_string}"},"query-input":{"@type":"PropertyValueSpecification","valueRequired":true,"valueName":"search_term_string"}}],"inLanguage":"fr-FR"},{"@type":"Organization","@id":"https:\/\/williamchevillon.fr\/#organization","name":"William Chevillon","url":"https:\/\/williamchevillon.fr\/","logo":{"@type":"ImageObject","inLanguage":"fr-FR","@id":"https:\/\/williamchevillon.fr\/#\/schema\/logo\/image\/","url":"https:\/\/williamchevillon.fr\/wp-content\/uploads\/2023\/03\/26881283122_9faaa7b2c2_k.jpg","contentUrl":"https:\/\/williamchevillon.fr\/wp-content\/uploads\/2023\/03\/26881283122_9faaa7b2c2_k.jpg","width":2048,"height":1153,"caption":"William Chevillon"},"image":{"@id":"https:\/\/williamchevillon.fr\/#\/schema\/logo\/image\/"},"sameAs":["https:\/\/www.facebook.com\/WilliamChevillonPro","https:\/\/instagram.com\/chevillonw"]},{"@type":"Person","@id":"https:\/\/williamchevillon.fr\/#\/schema\/person\/eb30f03250952b7079f827caba706872","name":"William Chevillon","image":{"@type":"ImageObject","inLanguage":"fr-FR","@id":"https:\/\/secure.gravatar.com\/avatar\/d626b7752353789d21ea6ba008e34f538a0be7ecef0a6eefbf15acabdb28c0b9?s=96&d=mm&r=g","url":"https:\/\/secure.gravatar.com\/avatar\/d626b7752353789d21ea6ba008e34f538a0be7ecef0a6eefbf15acabdb28c0b9?s=96&d=mm&r=g","contentUrl":"https:\/\/secure.gravatar.com\/avatar\/d626b7752353789d21ea6ba008e34f538a0be7ecef0a6eefbf15acabdb28c0b9?s=96&d=mm&r=g","caption":"William Chevillon"},"description":"Chercheur, artiste-auteur et m\u00e9diateur culturel attir\u00e9 par le spectacle vivant, l\u2019art contemporain, le patrimoine et les paysages.","sameAs":["https:\/\/williamchevillon.fr"],"url":"https:\/\/williamchevillon.fr\/index.php\/author\/admin2960\/"}]}},"_links":{"self":[{"href":"https:\/\/williamchevillon.fr\/index.php\/wp-json\/wp\/v2\/posts\/910","targetHints":{"allow":["GET"]}}],"collection":[{"href":"https:\/\/williamchevillon.fr\/index.php\/wp-json\/wp\/v2\/posts"}],"about":[{"href":"https:\/\/williamchevillon.fr\/index.php\/wp-json\/wp\/v2\/types\/post"}],"author":[{"embeddable":true,"href":"https:\/\/williamchevillon.fr\/index.php\/wp-json\/wp\/v2\/users\/1"}],"replies":[{"embeddable":true,"href":"https:\/\/williamchevillon.fr\/index.php\/wp-json\/wp\/v2\/comments?post=910"}],"version-history":[{"count":2,"href":"https:\/\/williamchevillon.fr\/index.php\/wp-json\/wp\/v2\/posts\/910\/revisions"}],"predecessor-version":[{"id":913,"href":"https:\/\/williamchevillon.fr\/index.php\/wp-json\/wp\/v2\/posts\/910\/revisions\/913"}],"wp:attachment":[{"href":"https:\/\/williamchevillon.fr\/index.php\/wp-json\/wp\/v2\/media?parent=910"}],"wp:term":[{"taxonomy":"category","embeddable":true,"href":"https:\/\/williamchevillon.fr\/index.php\/wp-json\/wp\/v2\/categories?post=910"},{"taxonomy":"post_tag","embeddable":true,"href":"https:\/\/williamchevillon.fr\/index.php\/wp-json\/wp\/v2\/tags?post=910"}],"curies":[{"name":"wp","href":"https:\/\/api.w.org\/{rel}","templated":true}]}}