{"id":896,"date":"2025-07-20T20:26:17","date_gmt":"2025-07-20T18:26:17","guid":{"rendered":"https:\/\/williamchevillon.fr\/?p=896"},"modified":"2025-07-22T11:50:40","modified_gmt":"2025-07-22T09:50:40","slug":"il-a-suffi-dun-saut-du-plongeoir","status":"publish","type":"post","link":"https:\/\/williamchevillon.fr\/index.php\/2025\/07\/20\/il-a-suffi-dun-saut-du-plongeoir\/","title":{"rendered":"Il a suffi d&rsquo;un saut du plongeoir"},"content":{"rendered":"\n<figure class=\"wp-block-image size-large\"><img fetchpriority=\"high\" decoding=\"async\" width=\"1024\" height=\"682\" src=\"https:\/\/williamchevillon.fr\/wp-content\/uploads\/2025\/07\/IMG_5660-1024x682.jpg\" alt=\"\" class=\"wp-image-897\" srcset=\"https:\/\/williamchevillon.fr\/wp-content\/uploads\/2025\/07\/IMG_5660-1024x682.jpg 1024w, https:\/\/williamchevillon.fr\/wp-content\/uploads\/2025\/07\/IMG_5660-300x200.jpg 300w, https:\/\/williamchevillon.fr\/wp-content\/uploads\/2025\/07\/IMG_5660-768x511.jpg 768w, https:\/\/williamchevillon.fr\/wp-content\/uploads\/2025\/07\/IMG_5660-1536x1022.jpg 1536w, https:\/\/williamchevillon.fr\/wp-content\/uploads\/2025\/07\/IMG_5660-2048x1363.jpg 2048w, https:\/\/williamchevillon.fr\/wp-content\/uploads\/2025\/07\/IMG_5660-1200x799.jpg 1200w, https:\/\/williamchevillon.fr\/wp-content\/uploads\/2025\/07\/IMG_5660-1980x1318.jpg 1980w\" sizes=\"(max-width: 1024px) 100vw, 1024px\" \/><\/figure>\n\n\n\n<p>Je crois que j\u2019ai toujours \u00e9t\u00e9 attir\u00e9 par la m\u00e9lancolie qui tient lieu parfois dans les villes de bord de mer. Quand je parle de m\u00e9lancolie je veux dire celle cr\u00e9\u00e9e par l\u2019esp\u00e8ce de truc un peu doucereux et p\u00e9rissable que l\u2019on rencontre sans arriver \u00e0 le comprendre v\u00e9ritablement, comme le ressenti devant ce musicien qui, chaque soir, \u00e9cume la terrasse d\u2019un nouveau bar en reprenant Alain Bashung. Aujourd\u2019hui c\u2019est la sixi\u00e8me fois que je l\u2019entends. Je ne l\u2019\u00e9coute pas v\u00e9ritablement mais \u00e0 force, je commence \u00e0 conna\u00eetre son programme de concert par c\u0153ur. \u00ab&nbsp;La nuit je mens&nbsp;\u00bb entends-je encore. Je me dis que c\u2019est la ville qui ment un petit peu, ne serait-ce que lorsque la file d\u2019attente est interminable chez le glacier quand bien m\u00eame le crachin est incessant. L\u2019\u00e9t\u00e9 concret tiendrait ici \u00e0 un cornet tiramisu\/noix de p\u00e9can mang\u00e9 en vitesse afin d\u2019\u00e9viter de tenter un jeune go\u00e9land, un grisard, d\u00e9j\u00e0 charnu comme une pintade. Quel que soit le temps et \u00e0 n\u2019importe quelle heure. Alors oui, je pense qu\u2019une station baln\u00e9aire doit mentir un tantinet pour exister.<\/p>\n\n\n\n<p>Je ne sais pas si je mens, parfois sans doute pour dissimuler une peur ou pour ne pas abattre un rempart. C\u2019est J. qui me parle des remparts que je ne franchis pas toujours ou que je me cr\u00e9e. L\u2019expression me touche, me heurte certainement, mais il a raison. Je prends une d\u00e9cision radicale, je choisis de changer de braquet et voil\u00e0 qu\u2019une r\u00e9sistance se fait jour. Du reste, cela ne m\u2019emp\u00eache pas d\u2019avancer. Ces derniers temps j\u2019ai un peu forc\u00e9 ma nature, peut-\u00eatre plut\u00f4t ais-je essay\u00e9 de la d\u00e9couvrir. \u00c7a n\u2019est pas douloureux, c\u2019est m\u00eame presque doux. Voil\u00e0 des ann\u00e9es que J., A., I., H.-C. et P. m\u2019y encouragent et me voil\u00e0 l\u00e2ch\u00e9 sans filet. Je ne sais pas vraiment ce que je veux faire ici mais j\u2019ai la certitude que ce sera bien. Cela ne rend pas l\u2019aventure moins p\u00e9rilleuse, seulement est-elle plus n\u00e9cessaire encore.<\/p>\n\n\n\n<p>Hier on a dans\u00e9 dans la rue sous la pluie. Le caf\u00e9 sous l\u2019appartement f\u00eatait son anniversaire, l\u2019occasion encore de tester des choses aussi absurdes que de manger une glace en grelottant sous le crachin. Absurdes mais tangibles, j\u2019ai l\u2019impression de revivre des scories d\u2019adolescence. Une adolescence s\u00e9rieuse puisqu\u2019en m\u00eame temps que <a href=\"https:\/\/williamchevillon.fr\/index.php\/2023\/07\/09\/et-a-la-fin-je-flotte\/\">j\u2019apprends \u00e0 sauter comme un d\u00e9rat\u00e9 dans les vagues<\/a>, je paye mes factures, je d\u00e9couvre le footing pratiqu\u00e9 r\u00e9guli\u00e8rement, j\u2019ach\u00e8te du poisson au march\u00e9 et r\u00e2le contre le clignotant qui est certainement aussi optionnel en Normandie qu\u2019en Vend\u00e9e. Demain il y a aura d\u2019autres sauts du plongeoir, d\u2019autres barrages \u00e0 rompre et <a href=\"https:\/\/williamchevillon.fr\/index.php\/2025\/01\/29\/une-facon-de-faire-partie-des-murs\/\">de remparts \u00e0 abattre<\/a>. Suffisamment d\u2019\u00e9l\u00e9ments pour mesurer que les turbulences ne sont pas si grandes que ce que les vagues donnent \u00e0 regarder, il m&rsquo;a suffi de les aimer. Et l\u00e0, je ne me mens pas.<\/p>\n\n\n\n<p><\/p>\n","protected":false},"excerpt":{"rendered":"<p>Je crois que j\u2019ai toujours \u00e9t\u00e9 attir\u00e9 par la m\u00e9lancolie qui tient lieu parfois dans les villes de bord de mer. Quand je parle de m\u00e9lancolie je veux dire celle cr\u00e9\u00e9e par l\u2019esp\u00e8ce de truc un peu doucereux et p\u00e9rissable que l\u2019on rencontre sans arriver \u00e0 le comprendre v\u00e9ritablement, comme le ressenti devant ce musicien [&hellip;]<\/p>\n","protected":false},"author":1,"featured_media":0,"comment_status":"open","ping_status":"open","sticky":false,"template":"","format":"standard","meta":{"footnotes":""},"categories":[6],"tags":[],"class_list":["post-896","post","type-post","status-publish","format-standard","hentry","category-fragments"],"yoast_head":"<!-- This site is optimized with the Yoast SEO plugin v27.5 - https:\/\/yoast.com\/product\/yoast-seo-wordpress\/ -->\n<title>Il a suffi d&#039;un saut du plongeoir - William Chevillon<\/title>\n<meta name=\"description\" content=\"Il a suffi d&#039;un saut du plongeoir Fragments \u00e9crits - Journal William Chevillon\" \/>\n<meta name=\"robots\" content=\"index, follow, max-snippet:-1, max-image-preview:large, max-video-preview:-1\" \/>\n<link rel=\"canonical\" href=\"https:\/\/williamchevillon.fr\/index.php\/2025\/07\/20\/il-a-suffi-dun-saut-du-plongeoir\/\" \/>\n<meta property=\"og:locale\" content=\"fr_FR\" \/>\n<meta property=\"og:type\" content=\"article\" \/>\n<meta property=\"og:title\" content=\"Il a suffi d&#039;un saut du plongeoir\" \/>\n<meta property=\"og:description\" content=\"Je crois que j\u2019ai toujours \u00e9t\u00e9 attir\u00e9 par la m\u00e9lancolie qui tient lieu parfois dans les villes de bord de mer.\" \/>\n<meta property=\"og:url\" content=\"https:\/\/williamchevillon.fr\/index.php\/2025\/07\/20\/il-a-suffi-dun-saut-du-plongeoir\/\" \/>\n<meta property=\"og:site_name\" content=\"William Chevillon\" \/>\n<meta property=\"article:publisher\" content=\"https:\/\/www.facebook.com\/WilliamChevillonPro\" \/>\n<meta property=\"article:published_time\" content=\"2025-07-20T18:26:17+00:00\" \/>\n<meta property=\"article:modified_time\" content=\"2025-07-22T09:50:40+00:00\" \/>\n<meta property=\"og:image\" content=\"https:\/\/williamchevillon.fr\/wp-content\/uploads\/2025\/07\/IMG_5660-scaled.jpg\" \/>\n\t<meta property=\"og:image:width\" content=\"2560\" \/>\n\t<meta property=\"og:image:height\" content=\"1704\" \/>\n\t<meta property=\"og:image:type\" content=\"image\/jpeg\" \/>\n<meta name=\"author\" content=\"William Chevillon\" \/>\n<meta name=\"twitter:card\" content=\"summary_large_image\" \/>\n<meta name=\"twitter:title\" content=\"Il a suffi d&#039;un saut du plongeoir\" \/>\n<meta name=\"twitter:description\" content=\"Je crois que j\u2019ai toujours \u00e9t\u00e9 attir\u00e9 par la m\u00e9lancolie qui tient lieu parfois dans les villes de bord de mer.\" \/>\n<meta name=\"twitter:image\" content=\"https:\/\/williamchevillon.fr\/wp-content\/uploads\/2025\/07\/IMG_5660-scaled.jpg\" \/>\n<meta name=\"twitter:label1\" content=\"\u00c9crit par\" \/>\n\t<meta name=\"twitter:data1\" content=\"William Chevillon\" \/>\n\t<meta name=\"twitter:label2\" content=\"Dur\u00e9e de lecture estim\u00e9e\" \/>\n\t<meta name=\"twitter:data2\" content=\"3 minutes\" \/>\n<script type=\"application\/ld+json\" class=\"yoast-schema-graph\">{\"@context\":\"https:\\\/\\\/schema.org\",\"@graph\":[{\"@type\":\"Article\",\"@id\":\"https:\\\/\\\/williamchevillon.fr\\\/index.php\\\/2025\\\/07\\\/20\\\/il-a-suffi-dun-saut-du-plongeoir\\\/#article\",\"isPartOf\":{\"@id\":\"https:\\\/\\\/williamchevillon.fr\\\/index.php\\\/2025\\\/07\\\/20\\\/il-a-suffi-dun-saut-du-plongeoir\\\/\"},\"author\":{\"name\":\"William Chevillon\",\"@id\":\"https:\\\/\\\/williamchevillon.fr\\\/#\\\/schema\\\/person\\\/eb30f03250952b7079f827caba706872\"},\"headline\":\"Il a suffi d&rsquo;un saut du plongeoir\",\"datePublished\":\"2025-07-20T18:26:17+00:00\",\"dateModified\":\"2025-07-22T09:50:40+00:00\",\"mainEntityOfPage\":{\"@id\":\"https:\\\/\\\/williamchevillon.fr\\\/index.php\\\/2025\\\/07\\\/20\\\/il-a-suffi-dun-saut-du-plongeoir\\\/\"},\"wordCount\":548,\"commentCount\":2,\"publisher\":{\"@id\":\"https:\\\/\\\/williamchevillon.fr\\\/#organization\"},\"image\":{\"@id\":\"https:\\\/\\\/williamchevillon.fr\\\/index.php\\\/2025\\\/07\\\/20\\\/il-a-suffi-dun-saut-du-plongeoir\\\/#primaryimage\"},\"thumbnailUrl\":\"https:\\\/\\\/williamchevillon.fr\\\/wp-content\\\/uploads\\\/2025\\\/07\\\/IMG_5660-1024x682.jpg\",\"articleSection\":[\"Fragments \u00e9crits - Journal\"],\"inLanguage\":\"fr-FR\",\"potentialAction\":[{\"@type\":\"CommentAction\",\"name\":\"Comment\",\"target\":[\"https:\\\/\\\/williamchevillon.fr\\\/index.php\\\/2025\\\/07\\\/20\\\/il-a-suffi-dun-saut-du-plongeoir\\\/#respond\"]}]},{\"@type\":\"WebPage\",\"@id\":\"https:\\\/\\\/williamchevillon.fr\\\/index.php\\\/2025\\\/07\\\/20\\\/il-a-suffi-dun-saut-du-plongeoir\\\/\",\"url\":\"https:\\\/\\\/williamchevillon.fr\\\/index.php\\\/2025\\\/07\\\/20\\\/il-a-suffi-dun-saut-du-plongeoir\\\/\",\"name\":\"Il a suffi d'un saut du plongeoir - William Chevillon\",\"isPartOf\":{\"@id\":\"https:\\\/\\\/williamchevillon.fr\\\/#website\"},\"primaryImageOfPage\":{\"@id\":\"https:\\\/\\\/williamchevillon.fr\\\/index.php\\\/2025\\\/07\\\/20\\\/il-a-suffi-dun-saut-du-plongeoir\\\/#primaryimage\"},\"image\":{\"@id\":\"https:\\\/\\\/williamchevillon.fr\\\/index.php\\\/2025\\\/07\\\/20\\\/il-a-suffi-dun-saut-du-plongeoir\\\/#primaryimage\"},\"thumbnailUrl\":\"https:\\\/\\\/williamchevillon.fr\\\/wp-content\\\/uploads\\\/2025\\\/07\\\/IMG_5660-1024x682.jpg\",\"datePublished\":\"2025-07-20T18:26:17+00:00\",\"dateModified\":\"2025-07-22T09:50:40+00:00\",\"description\":\"Il a suffi d'un saut du plongeoir Fragments \u00e9crits - Journal William Chevillon\",\"breadcrumb\":{\"@id\":\"https:\\\/\\\/williamchevillon.fr\\\/index.php\\\/2025\\\/07\\\/20\\\/il-a-suffi-dun-saut-du-plongeoir\\\/#breadcrumb\"},\"inLanguage\":\"fr-FR\",\"potentialAction\":[{\"@type\":\"ReadAction\",\"target\":[\"https:\\\/\\\/williamchevillon.fr\\\/index.php\\\/2025\\\/07\\\/20\\\/il-a-suffi-dun-saut-du-plongeoir\\\/\"]}]},{\"@type\":\"ImageObject\",\"inLanguage\":\"fr-FR\",\"@id\":\"https:\\\/\\\/williamchevillon.fr\\\/index.php\\\/2025\\\/07\\\/20\\\/il-a-suffi-dun-saut-du-plongeoir\\\/#primaryimage\",\"url\":\"https:\\\/\\\/williamchevillon.fr\\\/wp-content\\\/uploads\\\/2025\\\/07\\\/IMG_5660-scaled.jpg\",\"contentUrl\":\"https:\\\/\\\/williamchevillon.fr\\\/wp-content\\\/uploads\\\/2025\\\/07\\\/IMG_5660-scaled.jpg\",\"width\":2560,\"height\":1704,\"caption\":\"Vue d'un plongeoir entour\u00e9 d'eau \u00e0 Granville\"},{\"@type\":\"BreadcrumbList\",\"@id\":\"https:\\\/\\\/williamchevillon.fr\\\/index.php\\\/2025\\\/07\\\/20\\\/il-a-suffi-dun-saut-du-plongeoir\\\/#breadcrumb\",\"itemListElement\":[{\"@type\":\"ListItem\",\"position\":1,\"name\":\"Accueil\",\"item\":\"https:\\\/\\\/williamchevillon.fr\\\/\"},{\"@type\":\"ListItem\",\"position\":2,\"name\":\"Il a suffi d&rsquo;un saut du plongeoir\"}]},{\"@type\":\"WebSite\",\"@id\":\"https:\\\/\\\/williamchevillon.fr\\\/#website\",\"url\":\"https:\\\/\\\/williamchevillon.fr\\\/\",\"name\":\"William Chevillon\",\"description\":\"\u00ab Il n&#039;est pas dit qu&#039;en \u00e9crivant on assure le salut de son \u00e2me. \u00bb Italo Calvino\",\"publisher\":{\"@id\":\"https:\\\/\\\/williamchevillon.fr\\\/#organization\"},\"potentialAction\":[{\"@type\":\"SearchAction\",\"target\":{\"@type\":\"EntryPoint\",\"urlTemplate\":\"https:\\\/\\\/williamchevillon.fr\\\/?s={search_term_string}\"},\"query-input\":{\"@type\":\"PropertyValueSpecification\",\"valueRequired\":true,\"valueName\":\"search_term_string\"}}],\"inLanguage\":\"fr-FR\"},{\"@type\":\"Organization\",\"@id\":\"https:\\\/\\\/williamchevillon.fr\\\/#organization\",\"name\":\"William Chevillon\",\"url\":\"https:\\\/\\\/williamchevillon.fr\\\/\",\"logo\":{\"@type\":\"ImageObject\",\"inLanguage\":\"fr-FR\",\"@id\":\"https:\\\/\\\/williamchevillon.fr\\\/#\\\/schema\\\/logo\\\/image\\\/\",\"url\":\"https:\\\/\\\/williamchevillon.fr\\\/wp-content\\\/uploads\\\/2023\\\/03\\\/26881283122_9faaa7b2c2_k.jpg\",\"contentUrl\":\"https:\\\/\\\/williamchevillon.fr\\\/wp-content\\\/uploads\\\/2023\\\/03\\\/26881283122_9faaa7b2c2_k.jpg\",\"width\":2048,\"height\":1153,\"caption\":\"William Chevillon\"},\"image\":{\"@id\":\"https:\\\/\\\/williamchevillon.fr\\\/#\\\/schema\\\/logo\\\/image\\\/\"},\"sameAs\":[\"https:\\\/\\\/www.facebook.com\\\/WilliamChevillonPro\",\"https:\\\/\\\/instagram.com\\\/chevillonw\"]},{\"@type\":\"Person\",\"@id\":\"https:\\\/\\\/williamchevillon.fr\\\/#\\\/schema\\\/person\\\/eb30f03250952b7079f827caba706872\",\"name\":\"William Chevillon\",\"image\":{\"@type\":\"ImageObject\",\"inLanguage\":\"fr-FR\",\"@id\":\"https:\\\/\\\/secure.gravatar.com\\\/avatar\\\/d626b7752353789d21ea6ba008e34f538a0be7ecef0a6eefbf15acabdb28c0b9?s=96&d=mm&r=g\",\"url\":\"https:\\\/\\\/secure.gravatar.com\\\/avatar\\\/d626b7752353789d21ea6ba008e34f538a0be7ecef0a6eefbf15acabdb28c0b9?s=96&d=mm&r=g\",\"contentUrl\":\"https:\\\/\\\/secure.gravatar.com\\\/avatar\\\/d626b7752353789d21ea6ba008e34f538a0be7ecef0a6eefbf15acabdb28c0b9?s=96&d=mm&r=g\",\"caption\":\"William Chevillon\"},\"description\":\"Chercheur, artiste-auteur et m\u00e9diateur culturel attir\u00e9 par le spectacle vivant, l\u2019art contemporain, le patrimoine et les paysages.\",\"sameAs\":[\"https:\\\/\\\/williamchevillon.fr\"],\"url\":\"https:\\\/\\\/williamchevillon.fr\\\/index.php\\\/author\\\/admin2960\\\/\"}]}<\/script>\n<!-- \/ Yoast SEO plugin. -->","yoast_head_json":{"title":"Il a suffi d'un saut du plongeoir - William Chevillon","description":"Il a suffi d'un saut du plongeoir Fragments \u00e9crits - Journal William Chevillon","robots":{"index":"index","follow":"follow","max-snippet":"max-snippet:-1","max-image-preview":"max-image-preview:large","max-video-preview":"max-video-preview:-1"},"canonical":"https:\/\/williamchevillon.fr\/index.php\/2025\/07\/20\/il-a-suffi-dun-saut-du-plongeoir\/","og_locale":"fr_FR","og_type":"article","og_title":"Il a suffi d'un saut du plongeoir","og_description":"Je crois que j\u2019ai toujours \u00e9t\u00e9 attir\u00e9 par la m\u00e9lancolie qui tient lieu parfois dans les villes de bord de mer.","og_url":"https:\/\/williamchevillon.fr\/index.php\/2025\/07\/20\/il-a-suffi-dun-saut-du-plongeoir\/","og_site_name":"William Chevillon","article_publisher":"https:\/\/www.facebook.com\/WilliamChevillonPro","article_published_time":"2025-07-20T18:26:17+00:00","article_modified_time":"2025-07-22T09:50:40+00:00","og_image":[{"width":2560,"height":1704,"url":"https:\/\/williamchevillon.fr\/wp-content\/uploads\/2025\/07\/IMG_5660-scaled.jpg","type":"image\/jpeg"}],"author":"William Chevillon","twitter_card":"summary_large_image","twitter_title":"Il a suffi d'un saut du plongeoir","twitter_description":"Je crois que j\u2019ai toujours \u00e9t\u00e9 attir\u00e9 par la m\u00e9lancolie qui tient lieu parfois dans les villes de bord de mer.","twitter_image":"https:\/\/williamchevillon.fr\/wp-content\/uploads\/2025\/07\/IMG_5660-scaled.jpg","twitter_misc":{"\u00c9crit par":"William Chevillon","Dur\u00e9e de lecture estim\u00e9e":"3 minutes"},"schema":{"@context":"https:\/\/schema.org","@graph":[{"@type":"Article","@id":"https:\/\/williamchevillon.fr\/index.php\/2025\/07\/20\/il-a-suffi-dun-saut-du-plongeoir\/#article","isPartOf":{"@id":"https:\/\/williamchevillon.fr\/index.php\/2025\/07\/20\/il-a-suffi-dun-saut-du-plongeoir\/"},"author":{"name":"William Chevillon","@id":"https:\/\/williamchevillon.fr\/#\/schema\/person\/eb30f03250952b7079f827caba706872"},"headline":"Il a suffi d&rsquo;un saut du plongeoir","datePublished":"2025-07-20T18:26:17+00:00","dateModified":"2025-07-22T09:50:40+00:00","mainEntityOfPage":{"@id":"https:\/\/williamchevillon.fr\/index.php\/2025\/07\/20\/il-a-suffi-dun-saut-du-plongeoir\/"},"wordCount":548,"commentCount":2,"publisher":{"@id":"https:\/\/williamchevillon.fr\/#organization"},"image":{"@id":"https:\/\/williamchevillon.fr\/index.php\/2025\/07\/20\/il-a-suffi-dun-saut-du-plongeoir\/#primaryimage"},"thumbnailUrl":"https:\/\/williamchevillon.fr\/wp-content\/uploads\/2025\/07\/IMG_5660-1024x682.jpg","articleSection":["Fragments \u00e9crits - Journal"],"inLanguage":"fr-FR","potentialAction":[{"@type":"CommentAction","name":"Comment","target":["https:\/\/williamchevillon.fr\/index.php\/2025\/07\/20\/il-a-suffi-dun-saut-du-plongeoir\/#respond"]}]},{"@type":"WebPage","@id":"https:\/\/williamchevillon.fr\/index.php\/2025\/07\/20\/il-a-suffi-dun-saut-du-plongeoir\/","url":"https:\/\/williamchevillon.fr\/index.php\/2025\/07\/20\/il-a-suffi-dun-saut-du-plongeoir\/","name":"Il a suffi d'un saut du plongeoir - William Chevillon","isPartOf":{"@id":"https:\/\/williamchevillon.fr\/#website"},"primaryImageOfPage":{"@id":"https:\/\/williamchevillon.fr\/index.php\/2025\/07\/20\/il-a-suffi-dun-saut-du-plongeoir\/#primaryimage"},"image":{"@id":"https:\/\/williamchevillon.fr\/index.php\/2025\/07\/20\/il-a-suffi-dun-saut-du-plongeoir\/#primaryimage"},"thumbnailUrl":"https:\/\/williamchevillon.fr\/wp-content\/uploads\/2025\/07\/IMG_5660-1024x682.jpg","datePublished":"2025-07-20T18:26:17+00:00","dateModified":"2025-07-22T09:50:40+00:00","description":"Il a suffi d'un saut du plongeoir Fragments \u00e9crits - Journal William Chevillon","breadcrumb":{"@id":"https:\/\/williamchevillon.fr\/index.php\/2025\/07\/20\/il-a-suffi-dun-saut-du-plongeoir\/#breadcrumb"},"inLanguage":"fr-FR","potentialAction":[{"@type":"ReadAction","target":["https:\/\/williamchevillon.fr\/index.php\/2025\/07\/20\/il-a-suffi-dun-saut-du-plongeoir\/"]}]},{"@type":"ImageObject","inLanguage":"fr-FR","@id":"https:\/\/williamchevillon.fr\/index.php\/2025\/07\/20\/il-a-suffi-dun-saut-du-plongeoir\/#primaryimage","url":"https:\/\/williamchevillon.fr\/wp-content\/uploads\/2025\/07\/IMG_5660-scaled.jpg","contentUrl":"https:\/\/williamchevillon.fr\/wp-content\/uploads\/2025\/07\/IMG_5660-scaled.jpg","width":2560,"height":1704,"caption":"Vue d'un plongeoir entour\u00e9 d'eau \u00e0 Granville"},{"@type":"BreadcrumbList","@id":"https:\/\/williamchevillon.fr\/index.php\/2025\/07\/20\/il-a-suffi-dun-saut-du-plongeoir\/#breadcrumb","itemListElement":[{"@type":"ListItem","position":1,"name":"Accueil","item":"https:\/\/williamchevillon.fr\/"},{"@type":"ListItem","position":2,"name":"Il a suffi d&rsquo;un saut du plongeoir"}]},{"@type":"WebSite","@id":"https:\/\/williamchevillon.fr\/#website","url":"https:\/\/williamchevillon.fr\/","name":"William Chevillon","description":"\u00ab Il n&#039;est pas dit qu&#039;en \u00e9crivant on assure le salut de son \u00e2me. \u00bb Italo Calvino","publisher":{"@id":"https:\/\/williamchevillon.fr\/#organization"},"potentialAction":[{"@type":"SearchAction","target":{"@type":"EntryPoint","urlTemplate":"https:\/\/williamchevillon.fr\/?s={search_term_string}"},"query-input":{"@type":"PropertyValueSpecification","valueRequired":true,"valueName":"search_term_string"}}],"inLanguage":"fr-FR"},{"@type":"Organization","@id":"https:\/\/williamchevillon.fr\/#organization","name":"William Chevillon","url":"https:\/\/williamchevillon.fr\/","logo":{"@type":"ImageObject","inLanguage":"fr-FR","@id":"https:\/\/williamchevillon.fr\/#\/schema\/logo\/image\/","url":"https:\/\/williamchevillon.fr\/wp-content\/uploads\/2023\/03\/26881283122_9faaa7b2c2_k.jpg","contentUrl":"https:\/\/williamchevillon.fr\/wp-content\/uploads\/2023\/03\/26881283122_9faaa7b2c2_k.jpg","width":2048,"height":1153,"caption":"William Chevillon"},"image":{"@id":"https:\/\/williamchevillon.fr\/#\/schema\/logo\/image\/"},"sameAs":["https:\/\/www.facebook.com\/WilliamChevillonPro","https:\/\/instagram.com\/chevillonw"]},{"@type":"Person","@id":"https:\/\/williamchevillon.fr\/#\/schema\/person\/eb30f03250952b7079f827caba706872","name":"William Chevillon","image":{"@type":"ImageObject","inLanguage":"fr-FR","@id":"https:\/\/secure.gravatar.com\/avatar\/d626b7752353789d21ea6ba008e34f538a0be7ecef0a6eefbf15acabdb28c0b9?s=96&d=mm&r=g","url":"https:\/\/secure.gravatar.com\/avatar\/d626b7752353789d21ea6ba008e34f538a0be7ecef0a6eefbf15acabdb28c0b9?s=96&d=mm&r=g","contentUrl":"https:\/\/secure.gravatar.com\/avatar\/d626b7752353789d21ea6ba008e34f538a0be7ecef0a6eefbf15acabdb28c0b9?s=96&d=mm&r=g","caption":"William Chevillon"},"description":"Chercheur, artiste-auteur et m\u00e9diateur culturel attir\u00e9 par le spectacle vivant, l\u2019art contemporain, le patrimoine et les paysages.","sameAs":["https:\/\/williamchevillon.fr"],"url":"https:\/\/williamchevillon.fr\/index.php\/author\/admin2960\/"}]}},"_links":{"self":[{"href":"https:\/\/williamchevillon.fr\/index.php\/wp-json\/wp\/v2\/posts\/896","targetHints":{"allow":["GET"]}}],"collection":[{"href":"https:\/\/williamchevillon.fr\/index.php\/wp-json\/wp\/v2\/posts"}],"about":[{"href":"https:\/\/williamchevillon.fr\/index.php\/wp-json\/wp\/v2\/types\/post"}],"author":[{"embeddable":true,"href":"https:\/\/williamchevillon.fr\/index.php\/wp-json\/wp\/v2\/users\/1"}],"replies":[{"embeddable":true,"href":"https:\/\/williamchevillon.fr\/index.php\/wp-json\/wp\/v2\/comments?post=896"}],"version-history":[{"count":2,"href":"https:\/\/williamchevillon.fr\/index.php\/wp-json\/wp\/v2\/posts\/896\/revisions"}],"predecessor-version":[{"id":902,"href":"https:\/\/williamchevillon.fr\/index.php\/wp-json\/wp\/v2\/posts\/896\/revisions\/902"}],"wp:attachment":[{"href":"https:\/\/williamchevillon.fr\/index.php\/wp-json\/wp\/v2\/media?parent=896"}],"wp:term":[{"taxonomy":"category","embeddable":true,"href":"https:\/\/williamchevillon.fr\/index.php\/wp-json\/wp\/v2\/categories?post=896"},{"taxonomy":"post_tag","embeddable":true,"href":"https:\/\/williamchevillon.fr\/index.php\/wp-json\/wp\/v2\/tags?post=896"}],"curies":[{"name":"wp","href":"https:\/\/api.w.org\/{rel}","templated":true}]}}