{"id":884,"date":"2025-05-03T19:14:33","date_gmt":"2025-05-03T17:14:33","guid":{"rendered":"https:\/\/williamchevillon.fr\/?p=884"},"modified":"2025-05-04T11:15:29","modified_gmt":"2025-05-04T09:15:29","slug":"ce-que-sera-ce-jour-de-printemps","status":"publish","type":"post","link":"https:\/\/williamchevillon.fr\/index.php\/2025\/05\/03\/ce-que-sera-ce-jour-de-printemps\/","title":{"rendered":"Ce que sera ce jour de printemps"},"content":{"rendered":"\n<figure class=\"wp-block-image size-large\"><img fetchpriority=\"high\" decoding=\"async\" width=\"1024\" height=\"683\" src=\"https:\/\/williamchevillon.fr\/wp-content\/uploads\/2025\/05\/IMG_5303-1024x683.jpg\" alt=\"Arbre de Jud\u00e9e en fleurs\" class=\"wp-image-885\" srcset=\"https:\/\/williamchevillon.fr\/wp-content\/uploads\/2025\/05\/IMG_5303-1024x683.jpg 1024w, https:\/\/williamchevillon.fr\/wp-content\/uploads\/2025\/05\/IMG_5303-300x200.jpg 300w, https:\/\/williamchevillon.fr\/wp-content\/uploads\/2025\/05\/IMG_5303-768x513.jpg 768w, https:\/\/williamchevillon.fr\/wp-content\/uploads\/2025\/05\/IMG_5303-1536x1025.jpg 1536w, https:\/\/williamchevillon.fr\/wp-content\/uploads\/2025\/05\/IMG_5303-2048x1367.jpg 2048w, https:\/\/williamchevillon.fr\/wp-content\/uploads\/2025\/05\/IMG_5303-1200x801.jpg 1200w, https:\/\/williamchevillon.fr\/wp-content\/uploads\/2025\/05\/IMG_5303-1980x1322.jpg 1980w\" sizes=\"(max-width: 1024px) 100vw, 1024px\" \/><\/figure>\n\n\n\n<p>En parlant d\u2019elle je dirai que je l\u2019appelle M.<\/p>\n\n\n\n<p>M. vit dans un petit appartement de la via Santa Giovanna d&rsquo;Arco. La rue est \u00e9troite entre le Panth\u00e9on et la place Navone. Il y a ici un centre d\u2019accueil religieux pour p\u00e8lerins et r\u00e9sidents au long cours. M. est de cette seconde cat\u00e9gorie. \u00c0 l\u2019heure des balayeurs, les devantures des boutiques de souvenirs sont encore vides et les martinets noirs commencent \u00e0 peine \u00e0 d\u00e9couper le ciel de leurs cris per\u00e7ants. C\u2019est le moment choisi par M. pour br\u00fbler un cierge \u00e0 Saint-Louis-des-Fran\u00e7ais. Ensuite, elle parcourt la rue Sainte-Claire puis la rue Sainte-Catherine-de-Sienne avant de bifurquer \u00e0 droite au niveau du magasin d\u2019articles d\u2019art Ditta G. Poggi o\u00f9, habituellement, elle ach\u00e8te ses sanguines. Elle poursuit en contournant le Vittoriano par le nord, jette un \u0153il sur la colonne Trajane et s\u2019installe en surplomb du Forum sur l\u2019une des terrasses bordant la Via Sacra. \u00c0 la mi-journ\u00e9e elle fera le chemin inverse, passera regarder les chats du Largo Argentina, prendra la rue \u00e0 droite, puis \u00e0 gauche, puis re-\u00e0 droite, remontera le flux des touristes et s\u2019engouffrera d\u2019un pas l\u00e9ger dans le sombre corridor de la via Santa Giovanna d&rsquo;Arco.<\/p>\n\n\n\n<p>Au m\u00eame instant, je d\u00e9couvre la mer Ligure depuis les reliefs de Spezia. La hauteur de l\u2019autocar permet alors de se faire une id\u00e9e des parois rocheuses dress\u00e9es presque \u00e0 l\u2019aplomb de l\u2019eau. Je m\u2019amuse \u00e0 l\u2019id\u00e9e de voir un nouvel horizon apr\u00e8s chaque tunnel, comme autant de gorg\u00e9es d\u2019un panorama que je bois sans discontinuer. L\u2019\u00e9tat de la route nous fait trembler mais je m\u2019en soucie peu. J\u2019attends chaque passage, chaque nouveau versant, comme une s\u00e9quence de plus dans un film qui n\u2019a pas de fin. Je ronge mon frein quand un mur anti-bruit coupe la vision. Et m\u00eame l\u00e0 je m\u2019amuse \u00e0 cr\u00e9er des typologies que je classe dans ma t\u00eate. Tel module de b\u00e9ton, selon sa d\u00e9coupe et sa couleur, \u00e9quivaut \u00e0 un paysage. Telle pile de pont correspond \u00e0 un relief propre, \u00e0 une contrainte sp\u00e9cifique, au go\u00fbt d\u2019une p\u00e9riode\u2026&nbsp; Au fil des d\u00e9placements je suis devenu expert du style \u00ab Autoroutes du Sud de la France circa 1990-2005 \u00bb, alors je choisis d\u2019appliquer ce que je sais dans mes nouvelles observations. J\u2019essaye de penser s\u00e9rieusement mais je n\u2019y arrive pas. Alors je me rattache \u00e0 cette s\u00e9rie de d\u00e9tails et aux fen\u00eatres visuelles qui s\u2019ouvrent. Plus tard, je verrais pour la premi\u00e8re fois la c\u00f4te Tyrrh\u00e9nienne en essayant de deviner le paysage derri\u00e8re la chemin\u00e9e et les c\u00e2bles \u00e0 haute tension de la centrale thermique Alessandro Volta.&nbsp; Ce m\u00eame jour, vers 18h30, d\u2019apr\u00e8s l\u2019heure consign\u00e9e par mon appareil photo, je me ferais une id\u00e9e des plages \u00e0 travers les pr\u00e9fabriqu\u00e9s pos\u00e9s sur le lungomare de Lido di Ostia.<\/p>\n\n\n\n<p>Ce jour-l\u00e0, je ne sais pas que je vais rencontrer M. Ce jour-l\u00e0, M. ne sait pas qu\u2019elle va me rencontrer. Arrivera ce matin o\u00f9 M. parcourra la rue Sainte-Claire puis la rue Sainte-Catherine-de-Sienne, ne contournera pas l\u2019Altare della Patria, ne jettera pas un \u0153il sur la colonne Trajane, mais choisira le Capitole avant de s\u2019installer sur une terrasse dominant le Forum pour croquer les pins et arbres de Jud\u00e9e. Arrivera ce matin o\u00f9 l\u2019autocar quittera la via Armando Diaz \u00e0 Fiuggi, traversera la zone commerciale de <a href=\"https:\/\/williamchevillon.fr\/index.php\/2024\/05\/21\/un-sillon-a-creuser\/\">Roma <\/a>Est, longera le Campo Verano et nous laissera au pied des thermes de Titus o\u00f9 fleurissent \u00e9galement quelques arbres de Jud\u00e9e. Je ne sais pas que je vais entendre le zozotement de M., elle ne sait pas qu\u2019elle va avoir droit \u00e0 une tentative de phrase en italien de ma part. Je sais simplement que la seule vision de l\u2019arbre en fleurs agit depuis sur moi comme un baume.<\/p>\n\n\n\n<p><\/p>\n","protected":false},"excerpt":{"rendered":"<p>En parlant d\u2019elle je dirai que je l\u2019appelle M. M. vit dans un petit appartement de la via Santa Giovanna d&rsquo;Arco. La rue est \u00e9troite entre le Panth\u00e9on et la place Navone. Il y a ici un centre d\u2019accueil religieux pour p\u00e8lerins et r\u00e9sidents au long cours. M. est de cette seconde cat\u00e9gorie. \u00c0 l\u2019heure [&hellip;]<\/p>\n","protected":false},"author":1,"featured_media":0,"comment_status":"open","ping_status":"open","sticky":false,"template":"","format":"standard","meta":{"footnotes":""},"categories":[6],"tags":[91,92],"class_list":["post-884","post","type-post","status-publish","format-standard","hentry","category-fragments","tag-rome","tag-souvenir"],"yoast_head":"<!-- This site is optimized with the Yoast SEO plugin v27.5 - https:\/\/yoast.com\/product\/yoast-seo-wordpress\/ -->\n<title>Ce que sera ce jour de printemps - William Chevillon<\/title>\n<meta name=\"description\" content=\"Ce que sera ce jour de printemps Fragments \u00e9crits - Journal William Chevillon\" \/>\n<meta name=\"robots\" content=\"index, follow, max-snippet:-1, max-image-preview:large, max-video-preview:-1\" \/>\n<link rel=\"canonical\" href=\"https:\/\/williamchevillon.fr\/index.php\/2025\/05\/03\/ce-que-sera-ce-jour-de-printemps\/\" \/>\n<meta property=\"og:locale\" content=\"fr_FR\" \/>\n<meta property=\"og:type\" content=\"article\" \/>\n<meta property=\"og:title\" content=\"Ce que sera ce jour de printemps\" \/>\n<meta property=\"og:description\" content=\"M. vit dans un petit appartement de la via Santa Giovanna d&#039;Arco. La rue est \u00e9troite entre le Panth\u00e9on et la place Navone.\" \/>\n<meta property=\"og:url\" content=\"https:\/\/williamchevillon.fr\/index.php\/2025\/05\/03\/ce-que-sera-ce-jour-de-printemps\/\" \/>\n<meta property=\"og:site_name\" content=\"William Chevillon\" \/>\n<meta property=\"article:publisher\" content=\"https:\/\/www.facebook.com\/WilliamChevillonPro\" \/>\n<meta property=\"article:published_time\" content=\"2025-05-03T17:14:33+00:00\" \/>\n<meta property=\"article:modified_time\" content=\"2025-05-04T09:15:29+00:00\" \/>\n<meta property=\"og:image\" content=\"https:\/\/williamchevillon.fr\/wp-content\/uploads\/2025\/05\/IMG_5303-scaled.jpg\" \/>\n\t<meta property=\"og:image:width\" content=\"2560\" \/>\n\t<meta property=\"og:image:height\" content=\"1709\" \/>\n\t<meta property=\"og:image:type\" content=\"image\/jpeg\" \/>\n<meta name=\"author\" content=\"William Chevillon\" \/>\n<meta name=\"twitter:card\" content=\"summary_large_image\" \/>\n<meta name=\"twitter:title\" content=\"Ce que sera ce jour de printemps\" \/>\n<meta name=\"twitter:description\" content=\"M. vit dans un petit appartement de la via Santa Giovanna d&#039;Arco. La rue est \u00e9troite entre le Panth\u00e9on et la place Navone.\" \/>\n<meta name=\"twitter:image\" content=\"https:\/\/williamchevillon.fr\/wp-content\/uploads\/2025\/05\/IMG_5303-scaled.jpg\" \/>\n<meta name=\"twitter:label1\" content=\"\u00c9crit par\" \/>\n\t<meta name=\"twitter:data1\" content=\"William Chevillon\" \/>\n\t<meta name=\"twitter:label2\" content=\"Dur\u00e9e de lecture estim\u00e9e\" \/>\n\t<meta name=\"twitter:data2\" content=\"4 minutes\" \/>\n<script type=\"application\/ld+json\" class=\"yoast-schema-graph\">{\"@context\":\"https:\\\/\\\/schema.org\",\"@graph\":[{\"@type\":\"Article\",\"@id\":\"https:\\\/\\\/williamchevillon.fr\\\/index.php\\\/2025\\\/05\\\/03\\\/ce-que-sera-ce-jour-de-printemps\\\/#article\",\"isPartOf\":{\"@id\":\"https:\\\/\\\/williamchevillon.fr\\\/index.php\\\/2025\\\/05\\\/03\\\/ce-que-sera-ce-jour-de-printemps\\\/\"},\"author\":{\"name\":\"William Chevillon\",\"@id\":\"https:\\\/\\\/williamchevillon.fr\\\/#\\\/schema\\\/person\\\/eb30f03250952b7079f827caba706872\"},\"headline\":\"Ce que sera ce jour de printemps\",\"datePublished\":\"2025-05-03T17:14:33+00:00\",\"dateModified\":\"2025-05-04T09:15:29+00:00\",\"mainEntityOfPage\":{\"@id\":\"https:\\\/\\\/williamchevillon.fr\\\/index.php\\\/2025\\\/05\\\/03\\\/ce-que-sera-ce-jour-de-printemps\\\/\"},\"wordCount\":691,\"commentCount\":2,\"publisher\":{\"@id\":\"https:\\\/\\\/williamchevillon.fr\\\/#organization\"},\"image\":{\"@id\":\"https:\\\/\\\/williamchevillon.fr\\\/index.php\\\/2025\\\/05\\\/03\\\/ce-que-sera-ce-jour-de-printemps\\\/#primaryimage\"},\"thumbnailUrl\":\"https:\\\/\\\/williamchevillon.fr\\\/wp-content\\\/uploads\\\/2025\\\/05\\\/IMG_5303-1024x683.jpg\",\"keywords\":[\"Rome\",\"Souvenir\"],\"articleSection\":[\"Fragments \u00e9crits - Journal\"],\"inLanguage\":\"fr-FR\",\"potentialAction\":[{\"@type\":\"CommentAction\",\"name\":\"Comment\",\"target\":[\"https:\\\/\\\/williamchevillon.fr\\\/index.php\\\/2025\\\/05\\\/03\\\/ce-que-sera-ce-jour-de-printemps\\\/#respond\"]}]},{\"@type\":\"WebPage\",\"@id\":\"https:\\\/\\\/williamchevillon.fr\\\/index.php\\\/2025\\\/05\\\/03\\\/ce-que-sera-ce-jour-de-printemps\\\/\",\"url\":\"https:\\\/\\\/williamchevillon.fr\\\/index.php\\\/2025\\\/05\\\/03\\\/ce-que-sera-ce-jour-de-printemps\\\/\",\"name\":\"Ce que sera ce jour de printemps - William Chevillon\",\"isPartOf\":{\"@id\":\"https:\\\/\\\/williamchevillon.fr\\\/#website\"},\"primaryImageOfPage\":{\"@id\":\"https:\\\/\\\/williamchevillon.fr\\\/index.php\\\/2025\\\/05\\\/03\\\/ce-que-sera-ce-jour-de-printemps\\\/#primaryimage\"},\"image\":{\"@id\":\"https:\\\/\\\/williamchevillon.fr\\\/index.php\\\/2025\\\/05\\\/03\\\/ce-que-sera-ce-jour-de-printemps\\\/#primaryimage\"},\"thumbnailUrl\":\"https:\\\/\\\/williamchevillon.fr\\\/wp-content\\\/uploads\\\/2025\\\/05\\\/IMG_5303-1024x683.jpg\",\"datePublished\":\"2025-05-03T17:14:33+00:00\",\"dateModified\":\"2025-05-04T09:15:29+00:00\",\"description\":\"Ce que sera ce jour de printemps Fragments \u00e9crits - Journal William Chevillon\",\"breadcrumb\":{\"@id\":\"https:\\\/\\\/williamchevillon.fr\\\/index.php\\\/2025\\\/05\\\/03\\\/ce-que-sera-ce-jour-de-printemps\\\/#breadcrumb\"},\"inLanguage\":\"fr-FR\",\"potentialAction\":[{\"@type\":\"ReadAction\",\"target\":[\"https:\\\/\\\/williamchevillon.fr\\\/index.php\\\/2025\\\/05\\\/03\\\/ce-que-sera-ce-jour-de-printemps\\\/\"]}]},{\"@type\":\"ImageObject\",\"inLanguage\":\"fr-FR\",\"@id\":\"https:\\\/\\\/williamchevillon.fr\\\/index.php\\\/2025\\\/05\\\/03\\\/ce-que-sera-ce-jour-de-printemps\\\/#primaryimage\",\"url\":\"https:\\\/\\\/williamchevillon.fr\\\/wp-content\\\/uploads\\\/2025\\\/05\\\/IMG_5303-scaled.jpg\",\"contentUrl\":\"https:\\\/\\\/williamchevillon.fr\\\/wp-content\\\/uploads\\\/2025\\\/05\\\/IMG_5303-scaled.jpg\",\"width\":2560,\"height\":1709},{\"@type\":\"BreadcrumbList\",\"@id\":\"https:\\\/\\\/williamchevillon.fr\\\/index.php\\\/2025\\\/05\\\/03\\\/ce-que-sera-ce-jour-de-printemps\\\/#breadcrumb\",\"itemListElement\":[{\"@type\":\"ListItem\",\"position\":1,\"name\":\"Accueil\",\"item\":\"https:\\\/\\\/williamchevillon.fr\\\/\"},{\"@type\":\"ListItem\",\"position\":2,\"name\":\"Ce que sera ce jour de printemps\"}]},{\"@type\":\"WebSite\",\"@id\":\"https:\\\/\\\/williamchevillon.fr\\\/#website\",\"url\":\"https:\\\/\\\/williamchevillon.fr\\\/\",\"name\":\"William Chevillon\",\"description\":\"\u00ab Il n&#039;est pas dit qu&#039;en \u00e9crivant on assure le salut de son \u00e2me. \u00bb Italo Calvino\",\"publisher\":{\"@id\":\"https:\\\/\\\/williamchevillon.fr\\\/#organization\"},\"potentialAction\":[{\"@type\":\"SearchAction\",\"target\":{\"@type\":\"EntryPoint\",\"urlTemplate\":\"https:\\\/\\\/williamchevillon.fr\\\/?s={search_term_string}\"},\"query-input\":{\"@type\":\"PropertyValueSpecification\",\"valueRequired\":true,\"valueName\":\"search_term_string\"}}],\"inLanguage\":\"fr-FR\"},{\"@type\":\"Organization\",\"@id\":\"https:\\\/\\\/williamchevillon.fr\\\/#organization\",\"name\":\"William Chevillon\",\"url\":\"https:\\\/\\\/williamchevillon.fr\\\/\",\"logo\":{\"@type\":\"ImageObject\",\"inLanguage\":\"fr-FR\",\"@id\":\"https:\\\/\\\/williamchevillon.fr\\\/#\\\/schema\\\/logo\\\/image\\\/\",\"url\":\"https:\\\/\\\/williamchevillon.fr\\\/wp-content\\\/uploads\\\/2023\\\/03\\\/26881283122_9faaa7b2c2_k.jpg\",\"contentUrl\":\"https:\\\/\\\/williamchevillon.fr\\\/wp-content\\\/uploads\\\/2023\\\/03\\\/26881283122_9faaa7b2c2_k.jpg\",\"width\":2048,\"height\":1153,\"caption\":\"William Chevillon\"},\"image\":{\"@id\":\"https:\\\/\\\/williamchevillon.fr\\\/#\\\/schema\\\/logo\\\/image\\\/\"},\"sameAs\":[\"https:\\\/\\\/www.facebook.com\\\/WilliamChevillonPro\",\"https:\\\/\\\/instagram.com\\\/chevillonw\"]},{\"@type\":\"Person\",\"@id\":\"https:\\\/\\\/williamchevillon.fr\\\/#\\\/schema\\\/person\\\/eb30f03250952b7079f827caba706872\",\"name\":\"William Chevillon\",\"image\":{\"@type\":\"ImageObject\",\"inLanguage\":\"fr-FR\",\"@id\":\"https:\\\/\\\/secure.gravatar.com\\\/avatar\\\/d626b7752353789d21ea6ba008e34f538a0be7ecef0a6eefbf15acabdb28c0b9?s=96&d=mm&r=g\",\"url\":\"https:\\\/\\\/secure.gravatar.com\\\/avatar\\\/d626b7752353789d21ea6ba008e34f538a0be7ecef0a6eefbf15acabdb28c0b9?s=96&d=mm&r=g\",\"contentUrl\":\"https:\\\/\\\/secure.gravatar.com\\\/avatar\\\/d626b7752353789d21ea6ba008e34f538a0be7ecef0a6eefbf15acabdb28c0b9?s=96&d=mm&r=g\",\"caption\":\"William Chevillon\"},\"description\":\"Chercheur, artiste-auteur et m\u00e9diateur culturel attir\u00e9 par le spectacle vivant, l\u2019art contemporain, le patrimoine et les paysages.\",\"sameAs\":[\"https:\\\/\\\/williamchevillon.fr\"],\"url\":\"https:\\\/\\\/williamchevillon.fr\\\/index.php\\\/author\\\/admin2960\\\/\"}]}<\/script>\n<!-- \/ Yoast SEO plugin. -->","yoast_head_json":{"title":"Ce que sera ce jour de printemps - William Chevillon","description":"Ce que sera ce jour de printemps Fragments \u00e9crits - Journal William Chevillon","robots":{"index":"index","follow":"follow","max-snippet":"max-snippet:-1","max-image-preview":"max-image-preview:large","max-video-preview":"max-video-preview:-1"},"canonical":"https:\/\/williamchevillon.fr\/index.php\/2025\/05\/03\/ce-que-sera-ce-jour-de-printemps\/","og_locale":"fr_FR","og_type":"article","og_title":"Ce que sera ce jour de printemps","og_description":"M. vit dans un petit appartement de la via Santa Giovanna d'Arco. La rue est \u00e9troite entre le Panth\u00e9on et la place Navone.","og_url":"https:\/\/williamchevillon.fr\/index.php\/2025\/05\/03\/ce-que-sera-ce-jour-de-printemps\/","og_site_name":"William Chevillon","article_publisher":"https:\/\/www.facebook.com\/WilliamChevillonPro","article_published_time":"2025-05-03T17:14:33+00:00","article_modified_time":"2025-05-04T09:15:29+00:00","og_image":[{"width":2560,"height":1709,"url":"https:\/\/williamchevillon.fr\/wp-content\/uploads\/2025\/05\/IMG_5303-scaled.jpg","type":"image\/jpeg"}],"author":"William Chevillon","twitter_card":"summary_large_image","twitter_title":"Ce que sera ce jour de printemps","twitter_description":"M. vit dans un petit appartement de la via Santa Giovanna d'Arco. La rue est \u00e9troite entre le Panth\u00e9on et la place Navone.","twitter_image":"https:\/\/williamchevillon.fr\/wp-content\/uploads\/2025\/05\/IMG_5303-scaled.jpg","twitter_misc":{"\u00c9crit par":"William Chevillon","Dur\u00e9e de lecture estim\u00e9e":"4 minutes"},"schema":{"@context":"https:\/\/schema.org","@graph":[{"@type":"Article","@id":"https:\/\/williamchevillon.fr\/index.php\/2025\/05\/03\/ce-que-sera-ce-jour-de-printemps\/#article","isPartOf":{"@id":"https:\/\/williamchevillon.fr\/index.php\/2025\/05\/03\/ce-que-sera-ce-jour-de-printemps\/"},"author":{"name":"William Chevillon","@id":"https:\/\/williamchevillon.fr\/#\/schema\/person\/eb30f03250952b7079f827caba706872"},"headline":"Ce que sera ce jour de printemps","datePublished":"2025-05-03T17:14:33+00:00","dateModified":"2025-05-04T09:15:29+00:00","mainEntityOfPage":{"@id":"https:\/\/williamchevillon.fr\/index.php\/2025\/05\/03\/ce-que-sera-ce-jour-de-printemps\/"},"wordCount":691,"commentCount":2,"publisher":{"@id":"https:\/\/williamchevillon.fr\/#organization"},"image":{"@id":"https:\/\/williamchevillon.fr\/index.php\/2025\/05\/03\/ce-que-sera-ce-jour-de-printemps\/#primaryimage"},"thumbnailUrl":"https:\/\/williamchevillon.fr\/wp-content\/uploads\/2025\/05\/IMG_5303-1024x683.jpg","keywords":["Rome","Souvenir"],"articleSection":["Fragments \u00e9crits - Journal"],"inLanguage":"fr-FR","potentialAction":[{"@type":"CommentAction","name":"Comment","target":["https:\/\/williamchevillon.fr\/index.php\/2025\/05\/03\/ce-que-sera-ce-jour-de-printemps\/#respond"]}]},{"@type":"WebPage","@id":"https:\/\/williamchevillon.fr\/index.php\/2025\/05\/03\/ce-que-sera-ce-jour-de-printemps\/","url":"https:\/\/williamchevillon.fr\/index.php\/2025\/05\/03\/ce-que-sera-ce-jour-de-printemps\/","name":"Ce que sera ce jour de printemps - William Chevillon","isPartOf":{"@id":"https:\/\/williamchevillon.fr\/#website"},"primaryImageOfPage":{"@id":"https:\/\/williamchevillon.fr\/index.php\/2025\/05\/03\/ce-que-sera-ce-jour-de-printemps\/#primaryimage"},"image":{"@id":"https:\/\/williamchevillon.fr\/index.php\/2025\/05\/03\/ce-que-sera-ce-jour-de-printemps\/#primaryimage"},"thumbnailUrl":"https:\/\/williamchevillon.fr\/wp-content\/uploads\/2025\/05\/IMG_5303-1024x683.jpg","datePublished":"2025-05-03T17:14:33+00:00","dateModified":"2025-05-04T09:15:29+00:00","description":"Ce que sera ce jour de printemps Fragments \u00e9crits - Journal William Chevillon","breadcrumb":{"@id":"https:\/\/williamchevillon.fr\/index.php\/2025\/05\/03\/ce-que-sera-ce-jour-de-printemps\/#breadcrumb"},"inLanguage":"fr-FR","potentialAction":[{"@type":"ReadAction","target":["https:\/\/williamchevillon.fr\/index.php\/2025\/05\/03\/ce-que-sera-ce-jour-de-printemps\/"]}]},{"@type":"ImageObject","inLanguage":"fr-FR","@id":"https:\/\/williamchevillon.fr\/index.php\/2025\/05\/03\/ce-que-sera-ce-jour-de-printemps\/#primaryimage","url":"https:\/\/williamchevillon.fr\/wp-content\/uploads\/2025\/05\/IMG_5303-scaled.jpg","contentUrl":"https:\/\/williamchevillon.fr\/wp-content\/uploads\/2025\/05\/IMG_5303-scaled.jpg","width":2560,"height":1709},{"@type":"BreadcrumbList","@id":"https:\/\/williamchevillon.fr\/index.php\/2025\/05\/03\/ce-que-sera-ce-jour-de-printemps\/#breadcrumb","itemListElement":[{"@type":"ListItem","position":1,"name":"Accueil","item":"https:\/\/williamchevillon.fr\/"},{"@type":"ListItem","position":2,"name":"Ce que sera ce jour de printemps"}]},{"@type":"WebSite","@id":"https:\/\/williamchevillon.fr\/#website","url":"https:\/\/williamchevillon.fr\/","name":"William Chevillon","description":"\u00ab Il n&#039;est pas dit qu&#039;en \u00e9crivant on assure le salut de son \u00e2me. \u00bb Italo Calvino","publisher":{"@id":"https:\/\/williamchevillon.fr\/#organization"},"potentialAction":[{"@type":"SearchAction","target":{"@type":"EntryPoint","urlTemplate":"https:\/\/williamchevillon.fr\/?s={search_term_string}"},"query-input":{"@type":"PropertyValueSpecification","valueRequired":true,"valueName":"search_term_string"}}],"inLanguage":"fr-FR"},{"@type":"Organization","@id":"https:\/\/williamchevillon.fr\/#organization","name":"William Chevillon","url":"https:\/\/williamchevillon.fr\/","logo":{"@type":"ImageObject","inLanguage":"fr-FR","@id":"https:\/\/williamchevillon.fr\/#\/schema\/logo\/image\/","url":"https:\/\/williamchevillon.fr\/wp-content\/uploads\/2023\/03\/26881283122_9faaa7b2c2_k.jpg","contentUrl":"https:\/\/williamchevillon.fr\/wp-content\/uploads\/2023\/03\/26881283122_9faaa7b2c2_k.jpg","width":2048,"height":1153,"caption":"William Chevillon"},"image":{"@id":"https:\/\/williamchevillon.fr\/#\/schema\/logo\/image\/"},"sameAs":["https:\/\/www.facebook.com\/WilliamChevillonPro","https:\/\/instagram.com\/chevillonw"]},{"@type":"Person","@id":"https:\/\/williamchevillon.fr\/#\/schema\/person\/eb30f03250952b7079f827caba706872","name":"William Chevillon","image":{"@type":"ImageObject","inLanguage":"fr-FR","@id":"https:\/\/secure.gravatar.com\/avatar\/d626b7752353789d21ea6ba008e34f538a0be7ecef0a6eefbf15acabdb28c0b9?s=96&d=mm&r=g","url":"https:\/\/secure.gravatar.com\/avatar\/d626b7752353789d21ea6ba008e34f538a0be7ecef0a6eefbf15acabdb28c0b9?s=96&d=mm&r=g","contentUrl":"https:\/\/secure.gravatar.com\/avatar\/d626b7752353789d21ea6ba008e34f538a0be7ecef0a6eefbf15acabdb28c0b9?s=96&d=mm&r=g","caption":"William Chevillon"},"description":"Chercheur, artiste-auteur et m\u00e9diateur culturel attir\u00e9 par le spectacle vivant, l\u2019art contemporain, le patrimoine et les paysages.","sameAs":["https:\/\/williamchevillon.fr"],"url":"https:\/\/williamchevillon.fr\/index.php\/author\/admin2960\/"}]}},"_links":{"self":[{"href":"https:\/\/williamchevillon.fr\/index.php\/wp-json\/wp\/v2\/posts\/884","targetHints":{"allow":["GET"]}}],"collection":[{"href":"https:\/\/williamchevillon.fr\/index.php\/wp-json\/wp\/v2\/posts"}],"about":[{"href":"https:\/\/williamchevillon.fr\/index.php\/wp-json\/wp\/v2\/types\/post"}],"author":[{"embeddable":true,"href":"https:\/\/williamchevillon.fr\/index.php\/wp-json\/wp\/v2\/users\/1"}],"replies":[{"embeddable":true,"href":"https:\/\/williamchevillon.fr\/index.php\/wp-json\/wp\/v2\/comments?post=884"}],"version-history":[{"count":2,"href":"https:\/\/williamchevillon.fr\/index.php\/wp-json\/wp\/v2\/posts\/884\/revisions"}],"predecessor-version":[{"id":887,"href":"https:\/\/williamchevillon.fr\/index.php\/wp-json\/wp\/v2\/posts\/884\/revisions\/887"}],"wp:attachment":[{"href":"https:\/\/williamchevillon.fr\/index.php\/wp-json\/wp\/v2\/media?parent=884"}],"wp:term":[{"taxonomy":"category","embeddable":true,"href":"https:\/\/williamchevillon.fr\/index.php\/wp-json\/wp\/v2\/categories?post=884"},{"taxonomy":"post_tag","embeddable":true,"href":"https:\/\/williamchevillon.fr\/index.php\/wp-json\/wp\/v2\/tags?post=884"}],"curies":[{"name":"wp","href":"https:\/\/api.w.org\/{rel}","templated":true}]}}