{"id":861,"date":"2025-01-29T18:50:45","date_gmt":"2025-01-29T17:50:45","guid":{"rendered":"https:\/\/williamchevillon.fr\/?p=861"},"modified":"2025-01-29T18:58:30","modified_gmt":"2025-01-29T17:58:30","slug":"une-facon-de-faire-partie-des-murs","status":"publish","type":"post","link":"https:\/\/williamchevillon.fr\/index.php\/2025\/01\/29\/une-facon-de-faire-partie-des-murs\/","title":{"rendered":"Une fa\u00e7on de faire partie des murs"},"content":{"rendered":"\n<figure class=\"wp-block-image size-large\"><img fetchpriority=\"high\" decoding=\"async\" width=\"1024\" height=\"683\" src=\"https:\/\/williamchevillon.fr\/wp-content\/uploads\/2025\/01\/IMG_4888-1024x683.jpg\" alt=\"\" class=\"wp-image-862\" srcset=\"https:\/\/williamchevillon.fr\/wp-content\/uploads\/2025\/01\/IMG_4888-1024x683.jpg 1024w, https:\/\/williamchevillon.fr\/wp-content\/uploads\/2025\/01\/IMG_4888-300x200.jpg 300w, https:\/\/williamchevillon.fr\/wp-content\/uploads\/2025\/01\/IMG_4888-768x512.jpg 768w, https:\/\/williamchevillon.fr\/wp-content\/uploads\/2025\/01\/IMG_4888-1536x1024.jpg 1536w, https:\/\/williamchevillon.fr\/wp-content\/uploads\/2025\/01\/IMG_4888-2048x1365.jpg 2048w, https:\/\/williamchevillon.fr\/wp-content\/uploads\/2025\/01\/IMG_4888-1200x800.jpg 1200w, https:\/\/williamchevillon.fr\/wp-content\/uploads\/2025\/01\/IMG_4888-1980x1320.jpg 1980w\" sizes=\"(max-width: 1024px) 100vw, 1024px\" \/><\/figure>\n\n\n\n<p>Dans la rue un homme travaille. La quarantaine, ni grand ni petit et, le temps faisant son \u0153uvre, les cheveux virant du blond au gris. Il porte un bleu, en deux pi\u00e8ces. Le site internet de Bricomachin parle du bleu comme \u00ab un indispensable pour vos travaux, qu&rsquo;ils soient professionnels ou domestiques. Il vous permet d&rsquo;\u00eatre prot\u00e9g\u00e9 contre les \u00e9claboussures \u00bb ; me voil\u00e0 rassur\u00e9 pour lui. Il marche. \u00c0 quelques m\u00e8tres vers la gauche je crois que ses coll\u00e8gues l\u2019attendent. Ils portent des salopettes. Bricomachin explique que \u00ab contrairement \u00e0 un pantalon, la salopette va permettre de prot\u00e9ger au maximum le professionnel, notamment au niveau des reins gr\u00e2ce \u00e0 ses bretelles \u00bb ; ouf ! Ces hommes qui travaillent m\u2019intriguent comme le moindre ouvrier posant une bordure, comme n\u2019importe quelle conductrice d\u2019engin prenant un virage en \u00e9pingle. L\u2019homme qui marche porte un panneau. Je ne sais si c\u2019est lui qui \u00e9vite de pi\u00e9tiner herbes adventices, mais il y a vingt-cinq ans, quand il travaillait d\u00e9j\u00e0 au m\u00eame poste, rien ne d\u00e9passait de l\u2019interstice entre le sol et la paroi de b\u00e9ton. Je crois que j\u2019aime bien que les plantes occupent d\u00e9sormais un r\u00f4le dans cette sc\u00e8ne.<\/p>\n\n\n\n<p>J\u2019appr\u00e9cie cette ville parce que c\u2019est le lieu o\u00f9 je me raconte des histoires, o\u00f9 je d\u00e9froisse des plis, o\u00f9 je donne du relief \u00e0 la raideur, <a href=\"https:\/\/williamchevillon.fr\/index.php\/2023\/10\/16\/une-ville-pour-y-colorier\/\">o\u00f9 tout m\u2019int\u00e9resse<\/a>, mais tout m\u2019int\u00e9resse partout ailleurs. \u00ab De toute mani\u00e8re tu es obs\u00e9d\u00e9 par les fa\u00eetages et les perspectives. \u00bb Bon, il n\u2019a pas tort. Je crois bien que je passe mon temps la t\u00eate en l\u2019air quitte \u00e0 me prendre les pieds dans tout et rien, de la flaque d\u2019eau au moindre truc tra\u00eenant au sol. Il n\u2019a pas tort et lorsque l\u2019on me parle de l\u2019aust\u00e9rit\u00e9 des lieux, je suis plus concern\u00e9 par l\u2019espace laiss\u00e9 au ciel que par le reste. En r\u00e9alit\u00e9 tout me questionne. J\u2019ignore pourtant \u00e0 quoi me sert de conna\u00eetre la temp\u00e9rature d\u2019un enrob\u00e9 \u00e0 chaud au moment de sa pose, je ne suis pas tout \u00e0 fait certain que cela soit utile \u00e0 briller en soir\u00e9e. J\u2019imagine cette dimension parall\u00e8le o\u00f9 me pr\u00e9sentant je dirais : \u00ab Bonjour, je m\u2019appelle William et j\u2019ai une passion pour les lampadaires \u00e0 sodium \u00bb. Alors, la ville, une autre ville, les murs que l\u2019on peint\u2026 ce n\u2019est peut-\u00eatre qu\u2019une suite de d\u00e9tails parmi des milliers d\u2019autres.<\/p>\n\n\n\n<figure class=\"wp-block-image size-large\"><img decoding=\"async\" width=\"766\" height=\"1024\" src=\"https:\/\/williamchevillon.fr\/wp-content\/uploads\/2025\/01\/IMG_4889-766x1024.jpg\" alt=\"\" class=\"wp-image-865\" srcset=\"https:\/\/williamchevillon.fr\/wp-content\/uploads\/2025\/01\/IMG_4889-766x1024.jpg 766w, https:\/\/williamchevillon.fr\/wp-content\/uploads\/2025\/01\/IMG_4889-224x300.jpg 224w, https:\/\/williamchevillon.fr\/wp-content\/uploads\/2025\/01\/IMG_4889-768x1027.jpg 768w, https:\/\/williamchevillon.fr\/wp-content\/uploads\/2025\/01\/IMG_4889-1149x1536.jpg 1149w, https:\/\/williamchevillon.fr\/wp-content\/uploads\/2025\/01\/IMG_4889-1531x2048.jpg 1531w, https:\/\/williamchevillon.fr\/wp-content\/uploads\/2025\/01\/IMG_4889-1200x1605.jpg 1200w, https:\/\/williamchevillon.fr\/wp-content\/uploads\/2025\/01\/IMG_4889-1980x2648.jpg 1980w, https:\/\/williamchevillon.fr\/wp-content\/uploads\/2025\/01\/IMG_4889-scaled.jpg 1914w\" sizes=\"(max-width: 766px) 100vw, 766px\" \/><\/figure>\n\n\n\n<p>Cette fois-ci je gare ma voiture. Je ne suis pas sur un rehausseur \u00e0 l\u2019arri\u00e8re de la Renault 21, je ne conduis pas non plus. Je descends pour regarder fixement ce morceau d\u2019un travelling que je r\u00e9p\u00e8te depuis toujours. Je me demande qui pr\u00eate vraiment attention \u00e0 cet homme en combinaison bleue et \u00e0 ses coll\u00e8gues, on dirait qu\u2019ils repr\u00e9sentent une vision du travail fig\u00e9e \u00e0 un instant donn\u00e9, comme une strate de quelque chose qui a, heureusement, commenc\u00e9 \u00e0 changer. Ils sont mon paysage familier et je me suis toujours interrog\u00e9 sur leur pr\u00e9sence. Ils font partie des murs au point de n\u2019\u00eatre r\u00e9ductibles qu\u2019\u00e0 cela. Des fois j\u2019ai peur aussi de faire partie des murs ou bien que l\u2019on me renvoie \u00e0 un r\u00f4le indispensable auquel je ne crois pas. J\u2019aime les choses qui bringuebalent, se d\u00e9robent et se renouvellent. J\u2019aime aussi voir ce mur peint s\u2019effacer d\u2019un jour \u00e0 l\u2019autre ; et me dire que sa disparition sera heureuse parce que sa pr\u00e9sence n\u2019a pas \u00e9t\u00e9 vaine. Et je me dis que c\u2019est de cette fa\u00e7on que j\u2019ai envie de faire partie des murs.<\/p>\n","protected":false},"excerpt":{"rendered":"<p>Dans la rue un homme travaille. La quarantaine, ni grand ni petit et, le temps faisant son \u0153uvre, les cheveux virant du blond au gris. Il porte un bleu, en deux pi\u00e8ces. Le site internet de Bricomachin parle du bleu comme \u00ab un indispensable pour vos travaux, qu&rsquo;ils soient professionnels ou domestiques. Il vous permet [&hellip;]<\/p>\n","protected":false},"author":1,"featured_media":0,"comment_status":"open","ping_status":"open","sticky":false,"template":"","format":"standard","meta":{"footnotes":""},"categories":[6],"tags":[],"class_list":["post-861","post","type-post","status-publish","format-standard","hentry","category-fragments"],"yoast_head":"<!-- This site is optimized with the Yoast SEO plugin v27.5 - https:\/\/yoast.com\/product\/yoast-seo-wordpress\/ -->\n<title>Une fa\u00e7on de faire partie des murs - William Chevillon<\/title>\n<meta name=\"description\" content=\"Une fa\u00e7on de faire partie des murs Fragments \u00e9crits - Journal William Chevillon %\" \/>\n<meta name=\"robots\" content=\"index, follow, max-snippet:-1, max-image-preview:large, max-video-preview:-1\" \/>\n<link rel=\"canonical\" href=\"https:\/\/williamchevillon.fr\/index.php\/2025\/01\/29\/une-facon-de-faire-partie-des-murs\/\" \/>\n<meta property=\"og:locale\" content=\"fr_FR\" \/>\n<meta property=\"og:type\" content=\"article\" \/>\n<meta property=\"og:title\" content=\"Une fa\u00e7on de faire partie des murs\" \/>\n<meta property=\"og:description\" content=\"Dans la rue un homme travaille. La quarantaine, ni grand ni petit et, le temps faisant son \u0153uvre, les cheveux virant du blond au gris. Il porte un bleu, en deux pi\u00e8ces.\" \/>\n<meta property=\"og:url\" content=\"https:\/\/williamchevillon.fr\/index.php\/2025\/01\/29\/une-facon-de-faire-partie-des-murs\/\" \/>\n<meta property=\"og:site_name\" content=\"William Chevillon\" \/>\n<meta property=\"article:publisher\" content=\"https:\/\/www.facebook.com\/WilliamChevillonPro\" \/>\n<meta property=\"article:published_time\" content=\"2025-01-29T17:50:45+00:00\" \/>\n<meta property=\"article:modified_time\" content=\"2025-01-29T17:58:30+00:00\" \/>\n<meta property=\"og:image\" content=\"https:\/\/williamchevillon.fr\/wp-content\/uploads\/2025\/01\/IMG_4888-scaled.jpg\" \/>\n\t<meta property=\"og:image:width\" content=\"2560\" \/>\n\t<meta property=\"og:image:height\" content=\"1707\" \/>\n\t<meta property=\"og:image:type\" content=\"image\/jpeg\" \/>\n<meta name=\"author\" content=\"William Chevillon\" \/>\n<meta name=\"twitter:card\" content=\"summary_large_image\" \/>\n<meta name=\"twitter:title\" content=\"Une fa\u00e7on de faire partie des murs\" \/>\n<meta name=\"twitter:description\" content=\"Dans la rue un homme travaille. La quarantaine, ni grand ni petit et, le temps faisant son \u0153uvre, les cheveux virant du blond au gris. Il porte un bleu, en deux pi\u00e8ces.\" \/>\n<meta name=\"twitter:image\" content=\"https:\/\/williamchevillon.fr\/wp-content\/uploads\/2025\/01\/IMG_4888-scaled.jpg\" \/>\n<meta name=\"twitter:label1\" content=\"\u00c9crit par\" \/>\n\t<meta name=\"twitter:data1\" content=\"William Chevillon\" \/>\n\t<meta name=\"twitter:label2\" content=\"Dur\u00e9e de lecture estim\u00e9e\" \/>\n\t<meta name=\"twitter:data2\" content=\"4 minutes\" \/>\n<script type=\"application\/ld+json\" class=\"yoast-schema-graph\">{\"@context\":\"https:\\\/\\\/schema.org\",\"@graph\":[{\"@type\":\"Article\",\"@id\":\"https:\\\/\\\/williamchevillon.fr\\\/index.php\\\/2025\\\/01\\\/29\\\/une-facon-de-faire-partie-des-murs\\\/#article\",\"isPartOf\":{\"@id\":\"https:\\\/\\\/williamchevillon.fr\\\/index.php\\\/2025\\\/01\\\/29\\\/une-facon-de-faire-partie-des-murs\\\/\"},\"author\":{\"name\":\"William Chevillon\",\"@id\":\"https:\\\/\\\/williamchevillon.fr\\\/#\\\/schema\\\/person\\\/eb30f03250952b7079f827caba706872\"},\"headline\":\"Une fa\u00e7on de faire partie des murs\",\"datePublished\":\"2025-01-29T17:50:45+00:00\",\"dateModified\":\"2025-01-29T17:58:30+00:00\",\"mainEntityOfPage\":{\"@id\":\"https:\\\/\\\/williamchevillon.fr\\\/index.php\\\/2025\\\/01\\\/29\\\/une-facon-de-faire-partie-des-murs\\\/\"},\"wordCount\":649,\"commentCount\":1,\"publisher\":{\"@id\":\"https:\\\/\\\/williamchevillon.fr\\\/#organization\"},\"image\":{\"@id\":\"https:\\\/\\\/williamchevillon.fr\\\/index.php\\\/2025\\\/01\\\/29\\\/une-facon-de-faire-partie-des-murs\\\/#primaryimage\"},\"thumbnailUrl\":\"https:\\\/\\\/williamchevillon.fr\\\/wp-content\\\/uploads\\\/2025\\\/01\\\/IMG_4888-1024x683.jpg\",\"articleSection\":[\"Fragments \u00e9crits - Journal\"],\"inLanguage\":\"fr-FR\",\"potentialAction\":[{\"@type\":\"CommentAction\",\"name\":\"Comment\",\"target\":[\"https:\\\/\\\/williamchevillon.fr\\\/index.php\\\/2025\\\/01\\\/29\\\/une-facon-de-faire-partie-des-murs\\\/#respond\"]}]},{\"@type\":\"WebPage\",\"@id\":\"https:\\\/\\\/williamchevillon.fr\\\/index.php\\\/2025\\\/01\\\/29\\\/une-facon-de-faire-partie-des-murs\\\/\",\"url\":\"https:\\\/\\\/williamchevillon.fr\\\/index.php\\\/2025\\\/01\\\/29\\\/une-facon-de-faire-partie-des-murs\\\/\",\"name\":\"Une fa\u00e7on de faire partie des murs - William Chevillon\",\"isPartOf\":{\"@id\":\"https:\\\/\\\/williamchevillon.fr\\\/#website\"},\"primaryImageOfPage\":{\"@id\":\"https:\\\/\\\/williamchevillon.fr\\\/index.php\\\/2025\\\/01\\\/29\\\/une-facon-de-faire-partie-des-murs\\\/#primaryimage\"},\"image\":{\"@id\":\"https:\\\/\\\/williamchevillon.fr\\\/index.php\\\/2025\\\/01\\\/29\\\/une-facon-de-faire-partie-des-murs\\\/#primaryimage\"},\"thumbnailUrl\":\"https:\\\/\\\/williamchevillon.fr\\\/wp-content\\\/uploads\\\/2025\\\/01\\\/IMG_4888-1024x683.jpg\",\"datePublished\":\"2025-01-29T17:50:45+00:00\",\"dateModified\":\"2025-01-29T17:58:30+00:00\",\"description\":\"Une fa\u00e7on de faire partie des murs Fragments \u00e9crits - Journal William Chevillon %\",\"breadcrumb\":{\"@id\":\"https:\\\/\\\/williamchevillon.fr\\\/index.php\\\/2025\\\/01\\\/29\\\/une-facon-de-faire-partie-des-murs\\\/#breadcrumb\"},\"inLanguage\":\"fr-FR\",\"potentialAction\":[{\"@type\":\"ReadAction\",\"target\":[\"https:\\\/\\\/williamchevillon.fr\\\/index.php\\\/2025\\\/01\\\/29\\\/une-facon-de-faire-partie-des-murs\\\/\"]}]},{\"@type\":\"ImageObject\",\"inLanguage\":\"fr-FR\",\"@id\":\"https:\\\/\\\/williamchevillon.fr\\\/index.php\\\/2025\\\/01\\\/29\\\/une-facon-de-faire-partie-des-murs\\\/#primaryimage\",\"url\":\"https:\\\/\\\/williamchevillon.fr\\\/wp-content\\\/uploads\\\/2025\\\/01\\\/IMG_4888-scaled.jpg\",\"contentUrl\":\"https:\\\/\\\/williamchevillon.fr\\\/wp-content\\\/uploads\\\/2025\\\/01\\\/IMG_4888-scaled.jpg\",\"width\":2560,\"height\":1707},{\"@type\":\"BreadcrumbList\",\"@id\":\"https:\\\/\\\/williamchevillon.fr\\\/index.php\\\/2025\\\/01\\\/29\\\/une-facon-de-faire-partie-des-murs\\\/#breadcrumb\",\"itemListElement\":[{\"@type\":\"ListItem\",\"position\":1,\"name\":\"Accueil\",\"item\":\"https:\\\/\\\/williamchevillon.fr\\\/\"},{\"@type\":\"ListItem\",\"position\":2,\"name\":\"Une fa\u00e7on de faire partie des murs\"}]},{\"@type\":\"WebSite\",\"@id\":\"https:\\\/\\\/williamchevillon.fr\\\/#website\",\"url\":\"https:\\\/\\\/williamchevillon.fr\\\/\",\"name\":\"William Chevillon\",\"description\":\"\u00ab Il n&#039;est pas dit qu&#039;en \u00e9crivant on assure le salut de son \u00e2me. \u00bb Italo Calvino\",\"publisher\":{\"@id\":\"https:\\\/\\\/williamchevillon.fr\\\/#organization\"},\"potentialAction\":[{\"@type\":\"SearchAction\",\"target\":{\"@type\":\"EntryPoint\",\"urlTemplate\":\"https:\\\/\\\/williamchevillon.fr\\\/?s={search_term_string}\"},\"query-input\":{\"@type\":\"PropertyValueSpecification\",\"valueRequired\":true,\"valueName\":\"search_term_string\"}}],\"inLanguage\":\"fr-FR\"},{\"@type\":\"Organization\",\"@id\":\"https:\\\/\\\/williamchevillon.fr\\\/#organization\",\"name\":\"William Chevillon\",\"url\":\"https:\\\/\\\/williamchevillon.fr\\\/\",\"logo\":{\"@type\":\"ImageObject\",\"inLanguage\":\"fr-FR\",\"@id\":\"https:\\\/\\\/williamchevillon.fr\\\/#\\\/schema\\\/logo\\\/image\\\/\",\"url\":\"https:\\\/\\\/williamchevillon.fr\\\/wp-content\\\/uploads\\\/2023\\\/03\\\/26881283122_9faaa7b2c2_k.jpg\",\"contentUrl\":\"https:\\\/\\\/williamchevillon.fr\\\/wp-content\\\/uploads\\\/2023\\\/03\\\/26881283122_9faaa7b2c2_k.jpg\",\"width\":2048,\"height\":1153,\"caption\":\"William Chevillon\"},\"image\":{\"@id\":\"https:\\\/\\\/williamchevillon.fr\\\/#\\\/schema\\\/logo\\\/image\\\/\"},\"sameAs\":[\"https:\\\/\\\/www.facebook.com\\\/WilliamChevillonPro\",\"https:\\\/\\\/instagram.com\\\/chevillonw\"]},{\"@type\":\"Person\",\"@id\":\"https:\\\/\\\/williamchevillon.fr\\\/#\\\/schema\\\/person\\\/eb30f03250952b7079f827caba706872\",\"name\":\"William Chevillon\",\"image\":{\"@type\":\"ImageObject\",\"inLanguage\":\"fr-FR\",\"@id\":\"https:\\\/\\\/secure.gravatar.com\\\/avatar\\\/d626b7752353789d21ea6ba008e34f538a0be7ecef0a6eefbf15acabdb28c0b9?s=96&d=mm&r=g\",\"url\":\"https:\\\/\\\/secure.gravatar.com\\\/avatar\\\/d626b7752353789d21ea6ba008e34f538a0be7ecef0a6eefbf15acabdb28c0b9?s=96&d=mm&r=g\",\"contentUrl\":\"https:\\\/\\\/secure.gravatar.com\\\/avatar\\\/d626b7752353789d21ea6ba008e34f538a0be7ecef0a6eefbf15acabdb28c0b9?s=96&d=mm&r=g\",\"caption\":\"William Chevillon\"},\"description\":\"Chercheur, artiste-auteur et m\u00e9diateur culturel attir\u00e9 par le spectacle vivant, l\u2019art contemporain, le patrimoine et les paysages.\",\"sameAs\":[\"https:\\\/\\\/williamchevillon.fr\"],\"url\":\"https:\\\/\\\/williamchevillon.fr\\\/index.php\\\/author\\\/admin2960\\\/\"}]}<\/script>\n<!-- \/ Yoast SEO plugin. -->","yoast_head_json":{"title":"Une fa\u00e7on de faire partie des murs - William Chevillon","description":"Une fa\u00e7on de faire partie des murs Fragments \u00e9crits - Journal William Chevillon %","robots":{"index":"index","follow":"follow","max-snippet":"max-snippet:-1","max-image-preview":"max-image-preview:large","max-video-preview":"max-video-preview:-1"},"canonical":"https:\/\/williamchevillon.fr\/index.php\/2025\/01\/29\/une-facon-de-faire-partie-des-murs\/","og_locale":"fr_FR","og_type":"article","og_title":"Une fa\u00e7on de faire partie des murs","og_description":"Dans la rue un homme travaille. La quarantaine, ni grand ni petit et, le temps faisant son \u0153uvre, les cheveux virant du blond au gris. Il porte un bleu, en deux pi\u00e8ces.","og_url":"https:\/\/williamchevillon.fr\/index.php\/2025\/01\/29\/une-facon-de-faire-partie-des-murs\/","og_site_name":"William Chevillon","article_publisher":"https:\/\/www.facebook.com\/WilliamChevillonPro","article_published_time":"2025-01-29T17:50:45+00:00","article_modified_time":"2025-01-29T17:58:30+00:00","og_image":[{"width":2560,"height":1707,"url":"https:\/\/williamchevillon.fr\/wp-content\/uploads\/2025\/01\/IMG_4888-scaled.jpg","type":"image\/jpeg"}],"author":"William Chevillon","twitter_card":"summary_large_image","twitter_title":"Une fa\u00e7on de faire partie des murs","twitter_description":"Dans la rue un homme travaille. La quarantaine, ni grand ni petit et, le temps faisant son \u0153uvre, les cheveux virant du blond au gris. Il porte un bleu, en deux pi\u00e8ces.","twitter_image":"https:\/\/williamchevillon.fr\/wp-content\/uploads\/2025\/01\/IMG_4888-scaled.jpg","twitter_misc":{"\u00c9crit par":"William Chevillon","Dur\u00e9e de lecture estim\u00e9e":"4 minutes"},"schema":{"@context":"https:\/\/schema.org","@graph":[{"@type":"Article","@id":"https:\/\/williamchevillon.fr\/index.php\/2025\/01\/29\/une-facon-de-faire-partie-des-murs\/#article","isPartOf":{"@id":"https:\/\/williamchevillon.fr\/index.php\/2025\/01\/29\/une-facon-de-faire-partie-des-murs\/"},"author":{"name":"William Chevillon","@id":"https:\/\/williamchevillon.fr\/#\/schema\/person\/eb30f03250952b7079f827caba706872"},"headline":"Une fa\u00e7on de faire partie des murs","datePublished":"2025-01-29T17:50:45+00:00","dateModified":"2025-01-29T17:58:30+00:00","mainEntityOfPage":{"@id":"https:\/\/williamchevillon.fr\/index.php\/2025\/01\/29\/une-facon-de-faire-partie-des-murs\/"},"wordCount":649,"commentCount":1,"publisher":{"@id":"https:\/\/williamchevillon.fr\/#organization"},"image":{"@id":"https:\/\/williamchevillon.fr\/index.php\/2025\/01\/29\/une-facon-de-faire-partie-des-murs\/#primaryimage"},"thumbnailUrl":"https:\/\/williamchevillon.fr\/wp-content\/uploads\/2025\/01\/IMG_4888-1024x683.jpg","articleSection":["Fragments \u00e9crits - Journal"],"inLanguage":"fr-FR","potentialAction":[{"@type":"CommentAction","name":"Comment","target":["https:\/\/williamchevillon.fr\/index.php\/2025\/01\/29\/une-facon-de-faire-partie-des-murs\/#respond"]}]},{"@type":"WebPage","@id":"https:\/\/williamchevillon.fr\/index.php\/2025\/01\/29\/une-facon-de-faire-partie-des-murs\/","url":"https:\/\/williamchevillon.fr\/index.php\/2025\/01\/29\/une-facon-de-faire-partie-des-murs\/","name":"Une fa\u00e7on de faire partie des murs - William Chevillon","isPartOf":{"@id":"https:\/\/williamchevillon.fr\/#website"},"primaryImageOfPage":{"@id":"https:\/\/williamchevillon.fr\/index.php\/2025\/01\/29\/une-facon-de-faire-partie-des-murs\/#primaryimage"},"image":{"@id":"https:\/\/williamchevillon.fr\/index.php\/2025\/01\/29\/une-facon-de-faire-partie-des-murs\/#primaryimage"},"thumbnailUrl":"https:\/\/williamchevillon.fr\/wp-content\/uploads\/2025\/01\/IMG_4888-1024x683.jpg","datePublished":"2025-01-29T17:50:45+00:00","dateModified":"2025-01-29T17:58:30+00:00","description":"Une fa\u00e7on de faire partie des murs Fragments \u00e9crits - Journal William Chevillon %","breadcrumb":{"@id":"https:\/\/williamchevillon.fr\/index.php\/2025\/01\/29\/une-facon-de-faire-partie-des-murs\/#breadcrumb"},"inLanguage":"fr-FR","potentialAction":[{"@type":"ReadAction","target":["https:\/\/williamchevillon.fr\/index.php\/2025\/01\/29\/une-facon-de-faire-partie-des-murs\/"]}]},{"@type":"ImageObject","inLanguage":"fr-FR","@id":"https:\/\/williamchevillon.fr\/index.php\/2025\/01\/29\/une-facon-de-faire-partie-des-murs\/#primaryimage","url":"https:\/\/williamchevillon.fr\/wp-content\/uploads\/2025\/01\/IMG_4888-scaled.jpg","contentUrl":"https:\/\/williamchevillon.fr\/wp-content\/uploads\/2025\/01\/IMG_4888-scaled.jpg","width":2560,"height":1707},{"@type":"BreadcrumbList","@id":"https:\/\/williamchevillon.fr\/index.php\/2025\/01\/29\/une-facon-de-faire-partie-des-murs\/#breadcrumb","itemListElement":[{"@type":"ListItem","position":1,"name":"Accueil","item":"https:\/\/williamchevillon.fr\/"},{"@type":"ListItem","position":2,"name":"Une fa\u00e7on de faire partie des murs"}]},{"@type":"WebSite","@id":"https:\/\/williamchevillon.fr\/#website","url":"https:\/\/williamchevillon.fr\/","name":"William Chevillon","description":"\u00ab Il n&#039;est pas dit qu&#039;en \u00e9crivant on assure le salut de son \u00e2me. \u00bb Italo Calvino","publisher":{"@id":"https:\/\/williamchevillon.fr\/#organization"},"potentialAction":[{"@type":"SearchAction","target":{"@type":"EntryPoint","urlTemplate":"https:\/\/williamchevillon.fr\/?s={search_term_string}"},"query-input":{"@type":"PropertyValueSpecification","valueRequired":true,"valueName":"search_term_string"}}],"inLanguage":"fr-FR"},{"@type":"Organization","@id":"https:\/\/williamchevillon.fr\/#organization","name":"William Chevillon","url":"https:\/\/williamchevillon.fr\/","logo":{"@type":"ImageObject","inLanguage":"fr-FR","@id":"https:\/\/williamchevillon.fr\/#\/schema\/logo\/image\/","url":"https:\/\/williamchevillon.fr\/wp-content\/uploads\/2023\/03\/26881283122_9faaa7b2c2_k.jpg","contentUrl":"https:\/\/williamchevillon.fr\/wp-content\/uploads\/2023\/03\/26881283122_9faaa7b2c2_k.jpg","width":2048,"height":1153,"caption":"William Chevillon"},"image":{"@id":"https:\/\/williamchevillon.fr\/#\/schema\/logo\/image\/"},"sameAs":["https:\/\/www.facebook.com\/WilliamChevillonPro","https:\/\/instagram.com\/chevillonw"]},{"@type":"Person","@id":"https:\/\/williamchevillon.fr\/#\/schema\/person\/eb30f03250952b7079f827caba706872","name":"William Chevillon","image":{"@type":"ImageObject","inLanguage":"fr-FR","@id":"https:\/\/secure.gravatar.com\/avatar\/d626b7752353789d21ea6ba008e34f538a0be7ecef0a6eefbf15acabdb28c0b9?s=96&d=mm&r=g","url":"https:\/\/secure.gravatar.com\/avatar\/d626b7752353789d21ea6ba008e34f538a0be7ecef0a6eefbf15acabdb28c0b9?s=96&d=mm&r=g","contentUrl":"https:\/\/secure.gravatar.com\/avatar\/d626b7752353789d21ea6ba008e34f538a0be7ecef0a6eefbf15acabdb28c0b9?s=96&d=mm&r=g","caption":"William Chevillon"},"description":"Chercheur, artiste-auteur et m\u00e9diateur culturel attir\u00e9 par le spectacle vivant, l\u2019art contemporain, le patrimoine et les paysages.","sameAs":["https:\/\/williamchevillon.fr"],"url":"https:\/\/williamchevillon.fr\/index.php\/author\/admin2960\/"}]}},"_links":{"self":[{"href":"https:\/\/williamchevillon.fr\/index.php\/wp-json\/wp\/v2\/posts\/861","targetHints":{"allow":["GET"]}}],"collection":[{"href":"https:\/\/williamchevillon.fr\/index.php\/wp-json\/wp\/v2\/posts"}],"about":[{"href":"https:\/\/williamchevillon.fr\/index.php\/wp-json\/wp\/v2\/types\/post"}],"author":[{"embeddable":true,"href":"https:\/\/williamchevillon.fr\/index.php\/wp-json\/wp\/v2\/users\/1"}],"replies":[{"embeddable":true,"href":"https:\/\/williamchevillon.fr\/index.php\/wp-json\/wp\/v2\/comments?post=861"}],"version-history":[{"count":3,"href":"https:\/\/williamchevillon.fr\/index.php\/wp-json\/wp\/v2\/posts\/861\/revisions"}],"predecessor-version":[{"id":868,"href":"https:\/\/williamchevillon.fr\/index.php\/wp-json\/wp\/v2\/posts\/861\/revisions\/868"}],"wp:attachment":[{"href":"https:\/\/williamchevillon.fr\/index.php\/wp-json\/wp\/v2\/media?parent=861"}],"wp:term":[{"taxonomy":"category","embeddable":true,"href":"https:\/\/williamchevillon.fr\/index.php\/wp-json\/wp\/v2\/categories?post=861"},{"taxonomy":"post_tag","embeddable":true,"href":"https:\/\/williamchevillon.fr\/index.php\/wp-json\/wp\/v2\/tags?post=861"}],"curies":[{"name":"wp","href":"https:\/\/api.w.org\/{rel}","templated":true}]}}