{"id":848,"date":"2024-10-28T19:54:16","date_gmt":"2024-10-28T18:54:16","guid":{"rendered":"https:\/\/williamchevillon.fr\/?p=848"},"modified":"2024-10-28T19:56:53","modified_gmt":"2024-10-28T18:56:53","slug":"ces-etes-que-lon-arase","status":"publish","type":"post","link":"https:\/\/williamchevillon.fr\/index.php\/2024\/10\/28\/ces-etes-que-lon-arase\/","title":{"rendered":"Ces \u00e9t\u00e9s que l&rsquo;on arase"},"content":{"rendered":"\n<figure class=\"wp-block-image size-large\"><img fetchpriority=\"high\" decoding=\"async\" width=\"1024\" height=\"683\" src=\"https:\/\/williamchevillon.fr\/wp-content\/uploads\/2024\/10\/IMG_4812-1024x683.jpg\" alt=\"\" class=\"wp-image-849\" srcset=\"https:\/\/williamchevillon.fr\/wp-content\/uploads\/2024\/10\/IMG_4812-1024x683.jpg 1024w, https:\/\/williamchevillon.fr\/wp-content\/uploads\/2024\/10\/IMG_4812-300x200.jpg 300w, https:\/\/williamchevillon.fr\/wp-content\/uploads\/2024\/10\/IMG_4812-768x512.jpg 768w, https:\/\/williamchevillon.fr\/wp-content\/uploads\/2024\/10\/IMG_4812-1536x1024.jpg 1536w, https:\/\/williamchevillon.fr\/wp-content\/uploads\/2024\/10\/IMG_4812-2048x1365.jpg 2048w, https:\/\/williamchevillon.fr\/wp-content\/uploads\/2024\/10\/IMG_4812-1200x800.jpg 1200w, https:\/\/williamchevillon.fr\/wp-content\/uploads\/2024\/10\/IMG_4812-1980x1320.jpg 1980w\" sizes=\"(max-width: 1024px) 100vw, 1024px\" \/><\/figure>\n\n\n\n<p>\u00c0 chaque d\u00e9part vers le sud <a href=\"https:\/\/williamchevillon.fr\/index.php\/2019\/10\/29\/la-plaine\/\">la plaine<\/a> me saisit, \u00e0 chaque retour elle me frappe. Je n\u2019y vois pas toujours de d\u00e9solation m\u00eame quand, dans la nuit qui n\u2019est plus vraiment la nuit, par centaines les m\u00e2ts clignotent et r\u00e9pondent en signaux rouges et blancs au ciel qui ne renvoie plus rien. \u00c0 chaque d\u00e9part et \u00e0 chaque retour je me dis que j\u2019aime les horizons bouch\u00e9s, ceux que cogne le regard sans qu&rsquo;il puisse s\u2019\u00e9chapper par lui-seul. Je crois que \u00e7a me repose.<\/p>\n\n\n\n<p>Je suis d\u2019un pays o\u00f9 la moindre colline para\u00eet \u00eatre <a href=\"https:\/\/williamchevillon.fr\/index.php\/2024\/05\/21\/un-sillon-a-creuser\/\">une montagne<\/a>, o\u00f9 l\u2019on parle d\u2019une asp\u00e9rit\u00e9 pour signifier un monument dans le paysage. Alors que je regarde d\u00e9filer les images sur mon t\u00e9l\u00e9phone \u2013 des vies encha\u00een\u00e9es comme dans une pellicule en neuf par seize \u2013 je tombe sur une plage qu\u2019Henri prend en photo. Le sable blond, l\u2019horizon laiteux, des engins jaune safran qui mettent \u00e0 plat tout ce qui semble \u00e0 une bosse. \u00ab&nbsp;C\u2019est une dr\u00f4le de fa\u00e7on d\u2019araser l\u2019\u00e9t\u00e9&nbsp;\u00bb lui dis-je. Il trouve \u00e7a joli et moi aussi. Je crois qu\u2019ici aussi on arase l\u2019\u00e9t\u00e9. On remise les cabines color\u00e9es, on remballe le restaurant pos\u00e9 contre le mur de sout\u00e8nement, on enl\u00e8ve une derni\u00e8re fois les aiguilles de pin sur la terrasse. On remet \u00e0 plat et on esp\u00e8re recommencer l\u2019ann\u00e9e prochaine. On recommencera avec un peu plus de b\u00e9ton pour que \u00e7a tienne, avec des pilotis parce que la terrasse du blockhaus sera tomb\u00e9e dans le vide, ou on ne recommencera peut-\u00eatre pas.<\/p>\n\n\n\n<p>C\u2019est ce \u00ab\u00a0peut-\u00eatre\u00a0\u00bb qui domine quand passe l\u2019hiver. On ne sait pas si la dune existera, si la plaine n\u2019aura pas \u00e9t\u00e9 couverte par les eaux, ou la cale d\u2019acc\u00e8s arrach\u00e9e par une temp\u00eate. Il n\u2019y a aucune certitude dans ces paysages, seulement des paris hasardeux et des espoirs quelque peu douteux. Il me pla\u00eet de penser que l\u2019incertitude est ce qui m\u2019attire ici, que la possibilit\u00e9 de la disparition m\u2019int\u00e9resse autant qu\u2019elle me fatigue parfois. Et par fatigue je veux dire que j\u2019ai peut-\u00eatre le besoin de buter sur quelque chose de plus grand sans avoir \u00e0 chercher dans les interstices\u00a0; car ce sont eux, les interstices, qui mobilisent mon esprit. Je crois que je les connais pour beaucoup et j\u2019ai peur du jour o\u00f9 ils ne me nourriront plus. En attendant, j\u2019y vois un vertige toujours aussi grand. Au moins un truc que les engins jaune safran n\u2019araseront pas\u00a0; l\u00e0 o\u00f9 en d\u2019autres lieux ils ne peuvent rien face au paysage.<\/p>\n\n\n\n<p><\/p>\n","protected":false},"excerpt":{"rendered":"<p>\u00c0 chaque d\u00e9part vers le sud la plaine me saisit, \u00e0 chaque retour elle me frappe. Je n\u2019y vois pas toujours de d\u00e9solation m\u00eame quand, dans la nuit qui n\u2019est plus vraiment la nuit, par centaines les m\u00e2ts clignotent et r\u00e9pondent en signaux rouges et blancs au ciel qui ne renvoie plus rien. \u00c0 chaque [&hellip;]<\/p>\n","protected":false},"author":1,"featured_media":0,"comment_status":"open","ping_status":"open","sticky":false,"template":"","format":"standard","meta":{"footnotes":""},"categories":[6],"tags":[],"class_list":["post-848","post","type-post","status-publish","format-standard","hentry","category-fragments"],"yoast_head":"<!-- This site is optimized with the Yoast SEO plugin v27.5 - https:\/\/yoast.com\/product\/yoast-seo-wordpress\/ -->\n<title>Ces \u00e9t\u00e9s que l&#039;on arase - William Chevillon<\/title>\n<meta name=\"description\" content=\"Ces \u00e9t\u00e9s que l&#039;on arase Fragments \u00e9crits - Journal William Chevillon\" \/>\n<meta name=\"robots\" content=\"index, follow, max-snippet:-1, max-image-preview:large, max-video-preview:-1\" \/>\n<link rel=\"canonical\" href=\"https:\/\/williamchevillon.fr\/index.php\/2024\/10\/28\/ces-etes-que-lon-arase\/\" \/>\n<meta property=\"og:locale\" content=\"fr_FR\" \/>\n<meta property=\"og:type\" content=\"article\" \/>\n<meta property=\"og:title\" content=\"Ces \u00e9t\u00e9s que l&#039;on arase\" \/>\n<meta property=\"og:description\" content=\"Je suis d\u2019un pays o\u00f9 la moindre colline para\u00eet \u00eatre une montagne, o\u00f9 l\u2019on parle d\u2019une asp\u00e9rit\u00e9 pour signifier un monument dans le paysage.\" \/>\n<meta property=\"og:url\" content=\"https:\/\/williamchevillon.fr\/index.php\/2024\/10\/28\/ces-etes-que-lon-arase\/\" \/>\n<meta property=\"og:site_name\" content=\"William Chevillon\" \/>\n<meta property=\"article:publisher\" content=\"https:\/\/www.facebook.com\/WilliamChevillonPro\" \/>\n<meta property=\"article:published_time\" content=\"2024-10-28T18:54:16+00:00\" \/>\n<meta property=\"article:modified_time\" content=\"2024-10-28T18:56:53+00:00\" \/>\n<meta property=\"og:image\" content=\"https:\/\/williamchevillon.fr\/wp-content\/uploads\/2024\/10\/IMG_4812-scaled.jpg\" \/>\n\t<meta property=\"og:image:width\" content=\"2560\" \/>\n\t<meta property=\"og:image:height\" content=\"1707\" \/>\n\t<meta property=\"og:image:type\" content=\"image\/jpeg\" \/>\n<meta name=\"author\" content=\"William Chevillon\" \/>\n<meta name=\"twitter:card\" content=\"summary_large_image\" \/>\n<meta name=\"twitter:title\" content=\"Ces \u00e9t\u00e9s que l&#039;on arase\" \/>\n<meta name=\"twitter:description\" content=\"Je suis d\u2019un pays o\u00f9 la moindre colline para\u00eet \u00eatre une montagne, o\u00f9 l\u2019on parle d\u2019une asp\u00e9rit\u00e9 pour signifier un monument dans le paysage.\" \/>\n<meta name=\"twitter:image\" content=\"https:\/\/williamchevillon.fr\/wp-content\/uploads\/2024\/10\/IMG_4812-scaled.jpg\" \/>\n<meta name=\"twitter:label1\" content=\"\u00c9crit par\" \/>\n\t<meta name=\"twitter:data1\" content=\"William Chevillon\" \/>\n\t<meta name=\"twitter:label2\" content=\"Dur\u00e9e de lecture estim\u00e9e\" \/>\n\t<meta name=\"twitter:data2\" content=\"3 minutes\" \/>\n<script type=\"application\/ld+json\" class=\"yoast-schema-graph\">{\"@context\":\"https:\\\/\\\/schema.org\",\"@graph\":[{\"@type\":\"Article\",\"@id\":\"https:\\\/\\\/williamchevillon.fr\\\/index.php\\\/2024\\\/10\\\/28\\\/ces-etes-que-lon-arase\\\/#article\",\"isPartOf\":{\"@id\":\"https:\\\/\\\/williamchevillon.fr\\\/index.php\\\/2024\\\/10\\\/28\\\/ces-etes-que-lon-arase\\\/\"},\"author\":{\"name\":\"William Chevillon\",\"@id\":\"https:\\\/\\\/williamchevillon.fr\\\/#\\\/schema\\\/person\\\/eb30f03250952b7079f827caba706872\"},\"headline\":\"Ces \u00e9t\u00e9s que l&rsquo;on arase\",\"datePublished\":\"2024-10-28T18:54:16+00:00\",\"dateModified\":\"2024-10-28T18:56:53+00:00\",\"mainEntityOfPage\":{\"@id\":\"https:\\\/\\\/williamchevillon.fr\\\/index.php\\\/2024\\\/10\\\/28\\\/ces-etes-que-lon-arase\\\/\"},\"wordCount\":477,\"commentCount\":1,\"publisher\":{\"@id\":\"https:\\\/\\\/williamchevillon.fr\\\/#organization\"},\"image\":{\"@id\":\"https:\\\/\\\/williamchevillon.fr\\\/index.php\\\/2024\\\/10\\\/28\\\/ces-etes-que-lon-arase\\\/#primaryimage\"},\"thumbnailUrl\":\"https:\\\/\\\/williamchevillon.fr\\\/wp-content\\\/uploads\\\/2024\\\/10\\\/IMG_4812-1024x683.jpg\",\"articleSection\":[\"Fragments \u00e9crits - Journal\"],\"inLanguage\":\"fr-FR\",\"potentialAction\":[{\"@type\":\"CommentAction\",\"name\":\"Comment\",\"target\":[\"https:\\\/\\\/williamchevillon.fr\\\/index.php\\\/2024\\\/10\\\/28\\\/ces-etes-que-lon-arase\\\/#respond\"]}]},{\"@type\":\"WebPage\",\"@id\":\"https:\\\/\\\/williamchevillon.fr\\\/index.php\\\/2024\\\/10\\\/28\\\/ces-etes-que-lon-arase\\\/\",\"url\":\"https:\\\/\\\/williamchevillon.fr\\\/index.php\\\/2024\\\/10\\\/28\\\/ces-etes-que-lon-arase\\\/\",\"name\":\"Ces \u00e9t\u00e9s que l'on arase - William Chevillon\",\"isPartOf\":{\"@id\":\"https:\\\/\\\/williamchevillon.fr\\\/#website\"},\"primaryImageOfPage\":{\"@id\":\"https:\\\/\\\/williamchevillon.fr\\\/index.php\\\/2024\\\/10\\\/28\\\/ces-etes-que-lon-arase\\\/#primaryimage\"},\"image\":{\"@id\":\"https:\\\/\\\/williamchevillon.fr\\\/index.php\\\/2024\\\/10\\\/28\\\/ces-etes-que-lon-arase\\\/#primaryimage\"},\"thumbnailUrl\":\"https:\\\/\\\/williamchevillon.fr\\\/wp-content\\\/uploads\\\/2024\\\/10\\\/IMG_4812-1024x683.jpg\",\"datePublished\":\"2024-10-28T18:54:16+00:00\",\"dateModified\":\"2024-10-28T18:56:53+00:00\",\"description\":\"Ces \u00e9t\u00e9s que l'on arase Fragments \u00e9crits - Journal William Chevillon\",\"breadcrumb\":{\"@id\":\"https:\\\/\\\/williamchevillon.fr\\\/index.php\\\/2024\\\/10\\\/28\\\/ces-etes-que-lon-arase\\\/#breadcrumb\"},\"inLanguage\":\"fr-FR\",\"potentialAction\":[{\"@type\":\"ReadAction\",\"target\":[\"https:\\\/\\\/williamchevillon.fr\\\/index.php\\\/2024\\\/10\\\/28\\\/ces-etes-que-lon-arase\\\/\"]}]},{\"@type\":\"ImageObject\",\"inLanguage\":\"fr-FR\",\"@id\":\"https:\\\/\\\/williamchevillon.fr\\\/index.php\\\/2024\\\/10\\\/28\\\/ces-etes-que-lon-arase\\\/#primaryimage\",\"url\":\"https:\\\/\\\/williamchevillon.fr\\\/wp-content\\\/uploads\\\/2024\\\/10\\\/IMG_4812-scaled.jpg\",\"contentUrl\":\"https:\\\/\\\/williamchevillon.fr\\\/wp-content\\\/uploads\\\/2024\\\/10\\\/IMG_4812-scaled.jpg\",\"width\":2560,\"height\":1707,\"caption\":\"Vall\u00e9e de la V\u00e9z\u00e8re 2024\"},{\"@type\":\"BreadcrumbList\",\"@id\":\"https:\\\/\\\/williamchevillon.fr\\\/index.php\\\/2024\\\/10\\\/28\\\/ces-etes-que-lon-arase\\\/#breadcrumb\",\"itemListElement\":[{\"@type\":\"ListItem\",\"position\":1,\"name\":\"Accueil\",\"item\":\"https:\\\/\\\/williamchevillon.fr\\\/\"},{\"@type\":\"ListItem\",\"position\":2,\"name\":\"Ces \u00e9t\u00e9s que l&rsquo;on arase\"}]},{\"@type\":\"WebSite\",\"@id\":\"https:\\\/\\\/williamchevillon.fr\\\/#website\",\"url\":\"https:\\\/\\\/williamchevillon.fr\\\/\",\"name\":\"William Chevillon\",\"description\":\"\u00ab Il n&#039;est pas dit qu&#039;en \u00e9crivant on assure le salut de son \u00e2me. \u00bb Italo Calvino\",\"publisher\":{\"@id\":\"https:\\\/\\\/williamchevillon.fr\\\/#organization\"},\"potentialAction\":[{\"@type\":\"SearchAction\",\"target\":{\"@type\":\"EntryPoint\",\"urlTemplate\":\"https:\\\/\\\/williamchevillon.fr\\\/?s={search_term_string}\"},\"query-input\":{\"@type\":\"PropertyValueSpecification\",\"valueRequired\":true,\"valueName\":\"search_term_string\"}}],\"inLanguage\":\"fr-FR\"},{\"@type\":\"Organization\",\"@id\":\"https:\\\/\\\/williamchevillon.fr\\\/#organization\",\"name\":\"William Chevillon\",\"url\":\"https:\\\/\\\/williamchevillon.fr\\\/\",\"logo\":{\"@type\":\"ImageObject\",\"inLanguage\":\"fr-FR\",\"@id\":\"https:\\\/\\\/williamchevillon.fr\\\/#\\\/schema\\\/logo\\\/image\\\/\",\"url\":\"https:\\\/\\\/williamchevillon.fr\\\/wp-content\\\/uploads\\\/2023\\\/03\\\/26881283122_9faaa7b2c2_k.jpg\",\"contentUrl\":\"https:\\\/\\\/williamchevillon.fr\\\/wp-content\\\/uploads\\\/2023\\\/03\\\/26881283122_9faaa7b2c2_k.jpg\",\"width\":2048,\"height\":1153,\"caption\":\"William Chevillon\"},\"image\":{\"@id\":\"https:\\\/\\\/williamchevillon.fr\\\/#\\\/schema\\\/logo\\\/image\\\/\"},\"sameAs\":[\"https:\\\/\\\/www.facebook.com\\\/WilliamChevillonPro\",\"https:\\\/\\\/instagram.com\\\/chevillonw\"]},{\"@type\":\"Person\",\"@id\":\"https:\\\/\\\/williamchevillon.fr\\\/#\\\/schema\\\/person\\\/eb30f03250952b7079f827caba706872\",\"name\":\"William Chevillon\",\"image\":{\"@type\":\"ImageObject\",\"inLanguage\":\"fr-FR\",\"@id\":\"https:\\\/\\\/secure.gravatar.com\\\/avatar\\\/d626b7752353789d21ea6ba008e34f538a0be7ecef0a6eefbf15acabdb28c0b9?s=96&d=mm&r=g\",\"url\":\"https:\\\/\\\/secure.gravatar.com\\\/avatar\\\/d626b7752353789d21ea6ba008e34f538a0be7ecef0a6eefbf15acabdb28c0b9?s=96&d=mm&r=g\",\"contentUrl\":\"https:\\\/\\\/secure.gravatar.com\\\/avatar\\\/d626b7752353789d21ea6ba008e34f538a0be7ecef0a6eefbf15acabdb28c0b9?s=96&d=mm&r=g\",\"caption\":\"William Chevillon\"},\"description\":\"Chercheur, artiste-auteur et m\u00e9diateur culturel attir\u00e9 par le spectacle vivant, l\u2019art contemporain, le patrimoine et les paysages.\",\"sameAs\":[\"https:\\\/\\\/williamchevillon.fr\"],\"url\":\"https:\\\/\\\/williamchevillon.fr\\\/index.php\\\/author\\\/admin2960\\\/\"}]}<\/script>\n<!-- \/ Yoast SEO plugin. -->","yoast_head_json":{"title":"Ces \u00e9t\u00e9s que l'on arase - William Chevillon","description":"Ces \u00e9t\u00e9s que l'on arase Fragments \u00e9crits - Journal William Chevillon","robots":{"index":"index","follow":"follow","max-snippet":"max-snippet:-1","max-image-preview":"max-image-preview:large","max-video-preview":"max-video-preview:-1"},"canonical":"https:\/\/williamchevillon.fr\/index.php\/2024\/10\/28\/ces-etes-que-lon-arase\/","og_locale":"fr_FR","og_type":"article","og_title":"Ces \u00e9t\u00e9s que l'on arase","og_description":"Je suis d\u2019un pays o\u00f9 la moindre colline para\u00eet \u00eatre une montagne, o\u00f9 l\u2019on parle d\u2019une asp\u00e9rit\u00e9 pour signifier un monument dans le paysage.","og_url":"https:\/\/williamchevillon.fr\/index.php\/2024\/10\/28\/ces-etes-que-lon-arase\/","og_site_name":"William Chevillon","article_publisher":"https:\/\/www.facebook.com\/WilliamChevillonPro","article_published_time":"2024-10-28T18:54:16+00:00","article_modified_time":"2024-10-28T18:56:53+00:00","og_image":[{"width":2560,"height":1707,"url":"https:\/\/williamchevillon.fr\/wp-content\/uploads\/2024\/10\/IMG_4812-scaled.jpg","type":"image\/jpeg"}],"author":"William Chevillon","twitter_card":"summary_large_image","twitter_title":"Ces \u00e9t\u00e9s que l'on arase","twitter_description":"Je suis d\u2019un pays o\u00f9 la moindre colline para\u00eet \u00eatre une montagne, o\u00f9 l\u2019on parle d\u2019une asp\u00e9rit\u00e9 pour signifier un monument dans le paysage.","twitter_image":"https:\/\/williamchevillon.fr\/wp-content\/uploads\/2024\/10\/IMG_4812-scaled.jpg","twitter_misc":{"\u00c9crit par":"William Chevillon","Dur\u00e9e de lecture estim\u00e9e":"3 minutes"},"schema":{"@context":"https:\/\/schema.org","@graph":[{"@type":"Article","@id":"https:\/\/williamchevillon.fr\/index.php\/2024\/10\/28\/ces-etes-que-lon-arase\/#article","isPartOf":{"@id":"https:\/\/williamchevillon.fr\/index.php\/2024\/10\/28\/ces-etes-que-lon-arase\/"},"author":{"name":"William Chevillon","@id":"https:\/\/williamchevillon.fr\/#\/schema\/person\/eb30f03250952b7079f827caba706872"},"headline":"Ces \u00e9t\u00e9s que l&rsquo;on arase","datePublished":"2024-10-28T18:54:16+00:00","dateModified":"2024-10-28T18:56:53+00:00","mainEntityOfPage":{"@id":"https:\/\/williamchevillon.fr\/index.php\/2024\/10\/28\/ces-etes-que-lon-arase\/"},"wordCount":477,"commentCount":1,"publisher":{"@id":"https:\/\/williamchevillon.fr\/#organization"},"image":{"@id":"https:\/\/williamchevillon.fr\/index.php\/2024\/10\/28\/ces-etes-que-lon-arase\/#primaryimage"},"thumbnailUrl":"https:\/\/williamchevillon.fr\/wp-content\/uploads\/2024\/10\/IMG_4812-1024x683.jpg","articleSection":["Fragments \u00e9crits - Journal"],"inLanguage":"fr-FR","potentialAction":[{"@type":"CommentAction","name":"Comment","target":["https:\/\/williamchevillon.fr\/index.php\/2024\/10\/28\/ces-etes-que-lon-arase\/#respond"]}]},{"@type":"WebPage","@id":"https:\/\/williamchevillon.fr\/index.php\/2024\/10\/28\/ces-etes-que-lon-arase\/","url":"https:\/\/williamchevillon.fr\/index.php\/2024\/10\/28\/ces-etes-que-lon-arase\/","name":"Ces \u00e9t\u00e9s que l'on arase - William Chevillon","isPartOf":{"@id":"https:\/\/williamchevillon.fr\/#website"},"primaryImageOfPage":{"@id":"https:\/\/williamchevillon.fr\/index.php\/2024\/10\/28\/ces-etes-que-lon-arase\/#primaryimage"},"image":{"@id":"https:\/\/williamchevillon.fr\/index.php\/2024\/10\/28\/ces-etes-que-lon-arase\/#primaryimage"},"thumbnailUrl":"https:\/\/williamchevillon.fr\/wp-content\/uploads\/2024\/10\/IMG_4812-1024x683.jpg","datePublished":"2024-10-28T18:54:16+00:00","dateModified":"2024-10-28T18:56:53+00:00","description":"Ces \u00e9t\u00e9s que l'on arase Fragments \u00e9crits - Journal William Chevillon","breadcrumb":{"@id":"https:\/\/williamchevillon.fr\/index.php\/2024\/10\/28\/ces-etes-que-lon-arase\/#breadcrumb"},"inLanguage":"fr-FR","potentialAction":[{"@type":"ReadAction","target":["https:\/\/williamchevillon.fr\/index.php\/2024\/10\/28\/ces-etes-que-lon-arase\/"]}]},{"@type":"ImageObject","inLanguage":"fr-FR","@id":"https:\/\/williamchevillon.fr\/index.php\/2024\/10\/28\/ces-etes-que-lon-arase\/#primaryimage","url":"https:\/\/williamchevillon.fr\/wp-content\/uploads\/2024\/10\/IMG_4812-scaled.jpg","contentUrl":"https:\/\/williamchevillon.fr\/wp-content\/uploads\/2024\/10\/IMG_4812-scaled.jpg","width":2560,"height":1707,"caption":"Vall\u00e9e de la V\u00e9z\u00e8re 2024"},{"@type":"BreadcrumbList","@id":"https:\/\/williamchevillon.fr\/index.php\/2024\/10\/28\/ces-etes-que-lon-arase\/#breadcrumb","itemListElement":[{"@type":"ListItem","position":1,"name":"Accueil","item":"https:\/\/williamchevillon.fr\/"},{"@type":"ListItem","position":2,"name":"Ces \u00e9t\u00e9s que l&rsquo;on arase"}]},{"@type":"WebSite","@id":"https:\/\/williamchevillon.fr\/#website","url":"https:\/\/williamchevillon.fr\/","name":"William Chevillon","description":"\u00ab Il n&#039;est pas dit qu&#039;en \u00e9crivant on assure le salut de son \u00e2me. \u00bb Italo Calvino","publisher":{"@id":"https:\/\/williamchevillon.fr\/#organization"},"potentialAction":[{"@type":"SearchAction","target":{"@type":"EntryPoint","urlTemplate":"https:\/\/williamchevillon.fr\/?s={search_term_string}"},"query-input":{"@type":"PropertyValueSpecification","valueRequired":true,"valueName":"search_term_string"}}],"inLanguage":"fr-FR"},{"@type":"Organization","@id":"https:\/\/williamchevillon.fr\/#organization","name":"William Chevillon","url":"https:\/\/williamchevillon.fr\/","logo":{"@type":"ImageObject","inLanguage":"fr-FR","@id":"https:\/\/williamchevillon.fr\/#\/schema\/logo\/image\/","url":"https:\/\/williamchevillon.fr\/wp-content\/uploads\/2023\/03\/26881283122_9faaa7b2c2_k.jpg","contentUrl":"https:\/\/williamchevillon.fr\/wp-content\/uploads\/2023\/03\/26881283122_9faaa7b2c2_k.jpg","width":2048,"height":1153,"caption":"William Chevillon"},"image":{"@id":"https:\/\/williamchevillon.fr\/#\/schema\/logo\/image\/"},"sameAs":["https:\/\/www.facebook.com\/WilliamChevillonPro","https:\/\/instagram.com\/chevillonw"]},{"@type":"Person","@id":"https:\/\/williamchevillon.fr\/#\/schema\/person\/eb30f03250952b7079f827caba706872","name":"William Chevillon","image":{"@type":"ImageObject","inLanguage":"fr-FR","@id":"https:\/\/secure.gravatar.com\/avatar\/d626b7752353789d21ea6ba008e34f538a0be7ecef0a6eefbf15acabdb28c0b9?s=96&d=mm&r=g","url":"https:\/\/secure.gravatar.com\/avatar\/d626b7752353789d21ea6ba008e34f538a0be7ecef0a6eefbf15acabdb28c0b9?s=96&d=mm&r=g","contentUrl":"https:\/\/secure.gravatar.com\/avatar\/d626b7752353789d21ea6ba008e34f538a0be7ecef0a6eefbf15acabdb28c0b9?s=96&d=mm&r=g","caption":"William Chevillon"},"description":"Chercheur, artiste-auteur et m\u00e9diateur culturel attir\u00e9 par le spectacle vivant, l\u2019art contemporain, le patrimoine et les paysages.","sameAs":["https:\/\/williamchevillon.fr"],"url":"https:\/\/williamchevillon.fr\/index.php\/author\/admin2960\/"}]}},"_links":{"self":[{"href":"https:\/\/williamchevillon.fr\/index.php\/wp-json\/wp\/v2\/posts\/848","targetHints":{"allow":["GET"]}}],"collection":[{"href":"https:\/\/williamchevillon.fr\/index.php\/wp-json\/wp\/v2\/posts"}],"about":[{"href":"https:\/\/williamchevillon.fr\/index.php\/wp-json\/wp\/v2\/types\/post"}],"author":[{"embeddable":true,"href":"https:\/\/williamchevillon.fr\/index.php\/wp-json\/wp\/v2\/users\/1"}],"replies":[{"embeddable":true,"href":"https:\/\/williamchevillon.fr\/index.php\/wp-json\/wp\/v2\/comments?post=848"}],"version-history":[{"count":2,"href":"https:\/\/williamchevillon.fr\/index.php\/wp-json\/wp\/v2\/posts\/848\/revisions"}],"predecessor-version":[{"id":851,"href":"https:\/\/williamchevillon.fr\/index.php\/wp-json\/wp\/v2\/posts\/848\/revisions\/851"}],"wp:attachment":[{"href":"https:\/\/williamchevillon.fr\/index.php\/wp-json\/wp\/v2\/media?parent=848"}],"wp:term":[{"taxonomy":"category","embeddable":true,"href":"https:\/\/williamchevillon.fr\/index.php\/wp-json\/wp\/v2\/categories?post=848"},{"taxonomy":"post_tag","embeddable":true,"href":"https:\/\/williamchevillon.fr\/index.php\/wp-json\/wp\/v2\/tags?post=848"}],"curies":[{"name":"wp","href":"https:\/\/api.w.org\/{rel}","templated":true}]}}