{"id":84,"date":"2019-10-29T13:18:57","date_gmt":"2019-10-29T12:18:57","guid":{"rendered":"http:\/\/williamchevillon.fr\/index.php\/2019\/10\/29\/la-plaine\/"},"modified":"2023-03-12T13:57:15","modified_gmt":"2023-03-12T12:57:15","slug":"la-plaine","status":"publish","type":"post","link":"https:\/\/williamchevillon.fr\/index.php\/2019\/10\/29\/la-plaine\/","title":{"rendered":"La plaine"},"content":{"rendered":"<p>La plaine ne conna\u00eet pas les retranchements. \u00c0 mesure qu\u2019elle se d\u00e9voile l\u2019horizon devient une c\u00e9sure franche et inflexible. La seule mouvance est celle du ciel qui se pare de cadmium et d\u2019alizarine quand arrivent les soirs d\u2019hiver alors que la terre n\u2019est pas encore pourvue de son enveloppe de bl\u00e9s et de colza. Dans cette \u00e9tendue qui court aux lointains la pr\u00e9sence monumentale des silos d\u00e9fie en journ\u00e9e les clochers faiblement h\u00e9riss\u00e9s des villages alors que, la nuit, les signaux des \u00e9oliennes d\u00e9coupent l\u2019obscurit\u00e9 de leurs \u00e9clats vifs.<\/p>\n<p>L\u2019enfance qui sommeille ici est marqu\u00e9e par l\u2019odeur de l\u2019ensilage collant aux fringues et par celle des gangues, acides \u00e0 saisir les poumons, que propulsent les a\u00e9rateurs \u00e0 grains sur le terrain de foot. Une enfance de cocagne et d\u2019aridit\u00e9, impalpable comme cette plaine.<\/p>\n<figure class=\"tmblr-full\" data-orig-height=\"480\" data-orig-width=\"854\"><img decoding=\"async\" src=\"https:\/\/64.media.tumblr.com\/3665d5d9151b59a264a04623b0c3d63e\/d1107dbfaa40fa6a-05\/s540x810\/46a5ab19497eea0187acc3d2808586f6f2fc3cb9.jpg\" data-orig-height=\"480\" data-orig-width=\"854\" \/><\/figure>\n","protected":false},"excerpt":{"rendered":"<p>La plaine ne conna\u00eet pas les retranchements. \u00c0 mesure qu\u2019elle se d\u00e9voile l\u2019horizon devient une c\u00e9sure franche et inflexible. La seule mouvance est celle du ciel qui se pare de cadmium et d\u2019alizarine quand arrivent les soirs d\u2019hiver alors que la terre n\u2019est pas encore pourvue de son enveloppe de bl\u00e9s et de colza. Dans [&hellip;]<\/p>\n","protected":false},"author":1,"featured_media":0,"comment_status":"open","ping_status":"open","sticky":false,"template":"","format":"standard","meta":{"footnotes":""},"categories":[6],"tags":[],"class_list":["post-84","post","type-post","status-publish","format-standard","hentry","category-fragments"],"yoast_head":"<!-- This site is optimized with the Yoast SEO plugin v27.5 - https:\/\/yoast.com\/product\/yoast-seo-wordpress\/ -->\n<title>La plaine - William Chevillon<\/title>\n<meta name=\"description\" content=\"La plaine William Chevillon\" \/>\n<meta name=\"robots\" content=\"index, follow, max-snippet:-1, max-image-preview:large, max-video-preview:-1\" \/>\n<link rel=\"canonical\" href=\"https:\/\/williamchevillon.fr\/index.php\/2019\/10\/29\/la-plaine\/\" \/>\n<meta property=\"og:locale\" content=\"fr_FR\" \/>\n<meta property=\"og:type\" content=\"article\" \/>\n<meta property=\"og:title\" content=\"La plaine - William Chevillon\" \/>\n<meta property=\"og:description\" content=\"La plaine William Chevillon\" \/>\n<meta property=\"og:url\" content=\"https:\/\/williamchevillon.fr\/index.php\/2019\/10\/29\/la-plaine\/\" \/>\n<meta property=\"og:site_name\" content=\"William Chevillon\" \/>\n<meta property=\"article:publisher\" content=\"https:\/\/www.facebook.com\/WilliamChevillonPro\" \/>\n<meta property=\"article:published_time\" content=\"2019-10-29T12:18:57+00:00\" \/>\n<meta property=\"article:modified_time\" content=\"2023-03-12T12:57:15+00:00\" \/>\n<meta property=\"og:image\" content=\"https:\/\/64.media.tumblr.com\/3665d5d9151b59a264a04623b0c3d63e\/d1107dbfaa40fa6a-05\/s540x810\/46a5ab19497eea0187acc3d2808586f6f2fc3cb9.jpg\" \/>\n<meta name=\"author\" content=\"William Chevillon\" \/>\n<meta name=\"twitter:card\" content=\"summary_large_image\" \/>\n<meta name=\"twitter:label1\" content=\"\u00c9crit par\" \/>\n\t<meta name=\"twitter:data1\" content=\"William Chevillon\" \/>\n\t<meta name=\"twitter:label2\" content=\"Dur\u00e9e de lecture estim\u00e9e\" \/>\n\t<meta name=\"twitter:data2\" content=\"1 minute\" \/>\n<script type=\"application\/ld+json\" class=\"yoast-schema-graph\">{\"@context\":\"https:\\\/\\\/schema.org\",\"@graph\":[{\"@type\":\"Article\",\"@id\":\"https:\\\/\\\/williamchevillon.fr\\\/index.php\\\/2019\\\/10\\\/29\\\/la-plaine\\\/#article\",\"isPartOf\":{\"@id\":\"https:\\\/\\\/williamchevillon.fr\\\/index.php\\\/2019\\\/10\\\/29\\\/la-plaine\\\/\"},\"author\":{\"name\":\"William Chevillon\",\"@id\":\"https:\\\/\\\/williamchevillon.fr\\\/#\\\/schema\\\/person\\\/eb30f03250952b7079f827caba706872\"},\"headline\":\"La plaine\",\"datePublished\":\"2019-10-29T12:18:57+00:00\",\"dateModified\":\"2023-03-12T12:57:15+00:00\",\"mainEntityOfPage\":{\"@id\":\"https:\\\/\\\/williamchevillon.fr\\\/index.php\\\/2019\\\/10\\\/29\\\/la-plaine\\\/\"},\"wordCount\":154,\"commentCount\":0,\"publisher\":{\"@id\":\"https:\\\/\\\/williamchevillon.fr\\\/#organization\"},\"image\":{\"@id\":\"https:\\\/\\\/williamchevillon.fr\\\/index.php\\\/2019\\\/10\\\/29\\\/la-plaine\\\/#primaryimage\"},\"thumbnailUrl\":\"https:\\\/\\\/64.media.tumblr.com\\\/3665d5d9151b59a264a04623b0c3d63e\\\/d1107dbfaa40fa6a-05\\\/s540x810\\\/46a5ab19497eea0187acc3d2808586f6f2fc3cb9.jpg\",\"articleSection\":[\"Fragments \u00e9crits - Journal\"],\"inLanguage\":\"fr-FR\",\"potentialAction\":[{\"@type\":\"CommentAction\",\"name\":\"Comment\",\"target\":[\"https:\\\/\\\/williamchevillon.fr\\\/index.php\\\/2019\\\/10\\\/29\\\/la-plaine\\\/#respond\"]}]},{\"@type\":\"WebPage\",\"@id\":\"https:\\\/\\\/williamchevillon.fr\\\/index.php\\\/2019\\\/10\\\/29\\\/la-plaine\\\/\",\"url\":\"https:\\\/\\\/williamchevillon.fr\\\/index.php\\\/2019\\\/10\\\/29\\\/la-plaine\\\/\",\"name\":\"La plaine - William Chevillon\",\"isPartOf\":{\"@id\":\"https:\\\/\\\/williamchevillon.fr\\\/#website\"},\"primaryImageOfPage\":{\"@id\":\"https:\\\/\\\/williamchevillon.fr\\\/index.php\\\/2019\\\/10\\\/29\\\/la-plaine\\\/#primaryimage\"},\"image\":{\"@id\":\"https:\\\/\\\/williamchevillon.fr\\\/index.php\\\/2019\\\/10\\\/29\\\/la-plaine\\\/#primaryimage\"},\"thumbnailUrl\":\"https:\\\/\\\/64.media.tumblr.com\\\/3665d5d9151b59a264a04623b0c3d63e\\\/d1107dbfaa40fa6a-05\\\/s540x810\\\/46a5ab19497eea0187acc3d2808586f6f2fc3cb9.jpg\",\"datePublished\":\"2019-10-29T12:18:57+00:00\",\"dateModified\":\"2023-03-12T12:57:15+00:00\",\"description\":\"La plaine William Chevillon\",\"breadcrumb\":{\"@id\":\"https:\\\/\\\/williamchevillon.fr\\\/index.php\\\/2019\\\/10\\\/29\\\/la-plaine\\\/#breadcrumb\"},\"inLanguage\":\"fr-FR\",\"potentialAction\":[{\"@type\":\"ReadAction\",\"target\":[\"https:\\\/\\\/williamchevillon.fr\\\/index.php\\\/2019\\\/10\\\/29\\\/la-plaine\\\/\"]}]},{\"@type\":\"ImageObject\",\"inLanguage\":\"fr-FR\",\"@id\":\"https:\\\/\\\/williamchevillon.fr\\\/index.php\\\/2019\\\/10\\\/29\\\/la-plaine\\\/#primaryimage\",\"url\":\"https:\\\/\\\/64.media.tumblr.com\\\/3665d5d9151b59a264a04623b0c3d63e\\\/d1107dbfaa40fa6a-05\\\/s540x810\\\/46a5ab19497eea0187acc3d2808586f6f2fc3cb9.jpg\",\"contentUrl\":\"https:\\\/\\\/64.media.tumblr.com\\\/3665d5d9151b59a264a04623b0c3d63e\\\/d1107dbfaa40fa6a-05\\\/s540x810\\\/46a5ab19497eea0187acc3d2808586f6f2fc3cb9.jpg\"},{\"@type\":\"BreadcrumbList\",\"@id\":\"https:\\\/\\\/williamchevillon.fr\\\/index.php\\\/2019\\\/10\\\/29\\\/la-plaine\\\/#breadcrumb\",\"itemListElement\":[{\"@type\":\"ListItem\",\"position\":1,\"name\":\"Accueil\",\"item\":\"https:\\\/\\\/williamchevillon.fr\\\/\"},{\"@type\":\"ListItem\",\"position\":2,\"name\":\"La plaine\"}]},{\"@type\":\"WebSite\",\"@id\":\"https:\\\/\\\/williamchevillon.fr\\\/#website\",\"url\":\"https:\\\/\\\/williamchevillon.fr\\\/\",\"name\":\"William Chevillon\",\"description\":\"\u00ab Il n&#039;est pas dit qu&#039;en \u00e9crivant on assure le salut de son \u00e2me. \u00bb Italo Calvino\",\"publisher\":{\"@id\":\"https:\\\/\\\/williamchevillon.fr\\\/#organization\"},\"potentialAction\":[{\"@type\":\"SearchAction\",\"target\":{\"@type\":\"EntryPoint\",\"urlTemplate\":\"https:\\\/\\\/williamchevillon.fr\\\/?s={search_term_string}\"},\"query-input\":{\"@type\":\"PropertyValueSpecification\",\"valueRequired\":true,\"valueName\":\"search_term_string\"}}],\"inLanguage\":\"fr-FR\"},{\"@type\":\"Organization\",\"@id\":\"https:\\\/\\\/williamchevillon.fr\\\/#organization\",\"name\":\"William Chevillon\",\"url\":\"https:\\\/\\\/williamchevillon.fr\\\/\",\"logo\":{\"@type\":\"ImageObject\",\"inLanguage\":\"fr-FR\",\"@id\":\"https:\\\/\\\/williamchevillon.fr\\\/#\\\/schema\\\/logo\\\/image\\\/\",\"url\":\"https:\\\/\\\/williamchevillon.fr\\\/wp-content\\\/uploads\\\/2023\\\/03\\\/26881283122_9faaa7b2c2_k.jpg\",\"contentUrl\":\"https:\\\/\\\/williamchevillon.fr\\\/wp-content\\\/uploads\\\/2023\\\/03\\\/26881283122_9faaa7b2c2_k.jpg\",\"width\":2048,\"height\":1153,\"caption\":\"William Chevillon\"},\"image\":{\"@id\":\"https:\\\/\\\/williamchevillon.fr\\\/#\\\/schema\\\/logo\\\/image\\\/\"},\"sameAs\":[\"https:\\\/\\\/www.facebook.com\\\/WilliamChevillonPro\",\"https:\\\/\\\/instagram.com\\\/chevillonw\"]},{\"@type\":\"Person\",\"@id\":\"https:\\\/\\\/williamchevillon.fr\\\/#\\\/schema\\\/person\\\/eb30f03250952b7079f827caba706872\",\"name\":\"William Chevillon\",\"image\":{\"@type\":\"ImageObject\",\"inLanguage\":\"fr-FR\",\"@id\":\"https:\\\/\\\/secure.gravatar.com\\\/avatar\\\/d626b7752353789d21ea6ba008e34f538a0be7ecef0a6eefbf15acabdb28c0b9?s=96&d=mm&r=g\",\"url\":\"https:\\\/\\\/secure.gravatar.com\\\/avatar\\\/d626b7752353789d21ea6ba008e34f538a0be7ecef0a6eefbf15acabdb28c0b9?s=96&d=mm&r=g\",\"contentUrl\":\"https:\\\/\\\/secure.gravatar.com\\\/avatar\\\/d626b7752353789d21ea6ba008e34f538a0be7ecef0a6eefbf15acabdb28c0b9?s=96&d=mm&r=g\",\"caption\":\"William Chevillon\"},\"description\":\"Chercheur, artiste-auteur et m\u00e9diateur culturel attir\u00e9 par le spectacle vivant, l\u2019art contemporain, le patrimoine et les paysages.\",\"sameAs\":[\"https:\\\/\\\/williamchevillon.fr\"],\"url\":\"https:\\\/\\\/williamchevillon.fr\\\/index.php\\\/author\\\/admin2960\\\/\"}]}<\/script>\n<!-- \/ Yoast SEO plugin. -->","yoast_head_json":{"title":"La plaine - William Chevillon","description":"La plaine William Chevillon","robots":{"index":"index","follow":"follow","max-snippet":"max-snippet:-1","max-image-preview":"max-image-preview:large","max-video-preview":"max-video-preview:-1"},"canonical":"https:\/\/williamchevillon.fr\/index.php\/2019\/10\/29\/la-plaine\/","og_locale":"fr_FR","og_type":"article","og_title":"La plaine - William Chevillon","og_description":"La plaine William Chevillon","og_url":"https:\/\/williamchevillon.fr\/index.php\/2019\/10\/29\/la-plaine\/","og_site_name":"William Chevillon","article_publisher":"https:\/\/www.facebook.com\/WilliamChevillonPro","article_published_time":"2019-10-29T12:18:57+00:00","article_modified_time":"2023-03-12T12:57:15+00:00","og_image":[{"url":"https:\/\/64.media.tumblr.com\/3665d5d9151b59a264a04623b0c3d63e\/d1107dbfaa40fa6a-05\/s540x810\/46a5ab19497eea0187acc3d2808586f6f2fc3cb9.jpg","type":"","width":"","height":""}],"author":"William Chevillon","twitter_card":"summary_large_image","twitter_misc":{"\u00c9crit par":"William Chevillon","Dur\u00e9e de lecture estim\u00e9e":"1 minute"},"schema":{"@context":"https:\/\/schema.org","@graph":[{"@type":"Article","@id":"https:\/\/williamchevillon.fr\/index.php\/2019\/10\/29\/la-plaine\/#article","isPartOf":{"@id":"https:\/\/williamchevillon.fr\/index.php\/2019\/10\/29\/la-plaine\/"},"author":{"name":"William Chevillon","@id":"https:\/\/williamchevillon.fr\/#\/schema\/person\/eb30f03250952b7079f827caba706872"},"headline":"La plaine","datePublished":"2019-10-29T12:18:57+00:00","dateModified":"2023-03-12T12:57:15+00:00","mainEntityOfPage":{"@id":"https:\/\/williamchevillon.fr\/index.php\/2019\/10\/29\/la-plaine\/"},"wordCount":154,"commentCount":0,"publisher":{"@id":"https:\/\/williamchevillon.fr\/#organization"},"image":{"@id":"https:\/\/williamchevillon.fr\/index.php\/2019\/10\/29\/la-plaine\/#primaryimage"},"thumbnailUrl":"https:\/\/64.media.tumblr.com\/3665d5d9151b59a264a04623b0c3d63e\/d1107dbfaa40fa6a-05\/s540x810\/46a5ab19497eea0187acc3d2808586f6f2fc3cb9.jpg","articleSection":["Fragments \u00e9crits - Journal"],"inLanguage":"fr-FR","potentialAction":[{"@type":"CommentAction","name":"Comment","target":["https:\/\/williamchevillon.fr\/index.php\/2019\/10\/29\/la-plaine\/#respond"]}]},{"@type":"WebPage","@id":"https:\/\/williamchevillon.fr\/index.php\/2019\/10\/29\/la-plaine\/","url":"https:\/\/williamchevillon.fr\/index.php\/2019\/10\/29\/la-plaine\/","name":"La plaine - William Chevillon","isPartOf":{"@id":"https:\/\/williamchevillon.fr\/#website"},"primaryImageOfPage":{"@id":"https:\/\/williamchevillon.fr\/index.php\/2019\/10\/29\/la-plaine\/#primaryimage"},"image":{"@id":"https:\/\/williamchevillon.fr\/index.php\/2019\/10\/29\/la-plaine\/#primaryimage"},"thumbnailUrl":"https:\/\/64.media.tumblr.com\/3665d5d9151b59a264a04623b0c3d63e\/d1107dbfaa40fa6a-05\/s540x810\/46a5ab19497eea0187acc3d2808586f6f2fc3cb9.jpg","datePublished":"2019-10-29T12:18:57+00:00","dateModified":"2023-03-12T12:57:15+00:00","description":"La plaine William Chevillon","breadcrumb":{"@id":"https:\/\/williamchevillon.fr\/index.php\/2019\/10\/29\/la-plaine\/#breadcrumb"},"inLanguage":"fr-FR","potentialAction":[{"@type":"ReadAction","target":["https:\/\/williamchevillon.fr\/index.php\/2019\/10\/29\/la-plaine\/"]}]},{"@type":"ImageObject","inLanguage":"fr-FR","@id":"https:\/\/williamchevillon.fr\/index.php\/2019\/10\/29\/la-plaine\/#primaryimage","url":"https:\/\/64.media.tumblr.com\/3665d5d9151b59a264a04623b0c3d63e\/d1107dbfaa40fa6a-05\/s540x810\/46a5ab19497eea0187acc3d2808586f6f2fc3cb9.jpg","contentUrl":"https:\/\/64.media.tumblr.com\/3665d5d9151b59a264a04623b0c3d63e\/d1107dbfaa40fa6a-05\/s540x810\/46a5ab19497eea0187acc3d2808586f6f2fc3cb9.jpg"},{"@type":"BreadcrumbList","@id":"https:\/\/williamchevillon.fr\/index.php\/2019\/10\/29\/la-plaine\/#breadcrumb","itemListElement":[{"@type":"ListItem","position":1,"name":"Accueil","item":"https:\/\/williamchevillon.fr\/"},{"@type":"ListItem","position":2,"name":"La plaine"}]},{"@type":"WebSite","@id":"https:\/\/williamchevillon.fr\/#website","url":"https:\/\/williamchevillon.fr\/","name":"William Chevillon","description":"\u00ab Il n&#039;est pas dit qu&#039;en \u00e9crivant on assure le salut de son \u00e2me. \u00bb Italo Calvino","publisher":{"@id":"https:\/\/williamchevillon.fr\/#organization"},"potentialAction":[{"@type":"SearchAction","target":{"@type":"EntryPoint","urlTemplate":"https:\/\/williamchevillon.fr\/?s={search_term_string}"},"query-input":{"@type":"PropertyValueSpecification","valueRequired":true,"valueName":"search_term_string"}}],"inLanguage":"fr-FR"},{"@type":"Organization","@id":"https:\/\/williamchevillon.fr\/#organization","name":"William Chevillon","url":"https:\/\/williamchevillon.fr\/","logo":{"@type":"ImageObject","inLanguage":"fr-FR","@id":"https:\/\/williamchevillon.fr\/#\/schema\/logo\/image\/","url":"https:\/\/williamchevillon.fr\/wp-content\/uploads\/2023\/03\/26881283122_9faaa7b2c2_k.jpg","contentUrl":"https:\/\/williamchevillon.fr\/wp-content\/uploads\/2023\/03\/26881283122_9faaa7b2c2_k.jpg","width":2048,"height":1153,"caption":"William Chevillon"},"image":{"@id":"https:\/\/williamchevillon.fr\/#\/schema\/logo\/image\/"},"sameAs":["https:\/\/www.facebook.com\/WilliamChevillonPro","https:\/\/instagram.com\/chevillonw"]},{"@type":"Person","@id":"https:\/\/williamchevillon.fr\/#\/schema\/person\/eb30f03250952b7079f827caba706872","name":"William Chevillon","image":{"@type":"ImageObject","inLanguage":"fr-FR","@id":"https:\/\/secure.gravatar.com\/avatar\/d626b7752353789d21ea6ba008e34f538a0be7ecef0a6eefbf15acabdb28c0b9?s=96&d=mm&r=g","url":"https:\/\/secure.gravatar.com\/avatar\/d626b7752353789d21ea6ba008e34f538a0be7ecef0a6eefbf15acabdb28c0b9?s=96&d=mm&r=g","contentUrl":"https:\/\/secure.gravatar.com\/avatar\/d626b7752353789d21ea6ba008e34f538a0be7ecef0a6eefbf15acabdb28c0b9?s=96&d=mm&r=g","caption":"William Chevillon"},"description":"Chercheur, artiste-auteur et m\u00e9diateur culturel attir\u00e9 par le spectacle vivant, l\u2019art contemporain, le patrimoine et les paysages.","sameAs":["https:\/\/williamchevillon.fr"],"url":"https:\/\/williamchevillon.fr\/index.php\/author\/admin2960\/"}]}},"_links":{"self":[{"href":"https:\/\/williamchevillon.fr\/index.php\/wp-json\/wp\/v2\/posts\/84","targetHints":{"allow":["GET"]}}],"collection":[{"href":"https:\/\/williamchevillon.fr\/index.php\/wp-json\/wp\/v2\/posts"}],"about":[{"href":"https:\/\/williamchevillon.fr\/index.php\/wp-json\/wp\/v2\/types\/post"}],"author":[{"embeddable":true,"href":"https:\/\/williamchevillon.fr\/index.php\/wp-json\/wp\/v2\/users\/1"}],"replies":[{"embeddable":true,"href":"https:\/\/williamchevillon.fr\/index.php\/wp-json\/wp\/v2\/comments?post=84"}],"version-history":[{"count":2,"href":"https:\/\/williamchevillon.fr\/index.php\/wp-json\/wp\/v2\/posts\/84\/revisions"}],"predecessor-version":[{"id":362,"href":"https:\/\/williamchevillon.fr\/index.php\/wp-json\/wp\/v2\/posts\/84\/revisions\/362"}],"wp:attachment":[{"href":"https:\/\/williamchevillon.fr\/index.php\/wp-json\/wp\/v2\/media?parent=84"}],"wp:term":[{"taxonomy":"category","embeddable":true,"href":"https:\/\/williamchevillon.fr\/index.php\/wp-json\/wp\/v2\/categories?post=84"},{"taxonomy":"post_tag","embeddable":true,"href":"https:\/\/williamchevillon.fr\/index.php\/wp-json\/wp\/v2\/tags?post=84"}],"curies":[{"name":"wp","href":"https:\/\/api.w.org\/{rel}","templated":true}]}}