{"id":826,"date":"2024-06-26T17:18:21","date_gmt":"2024-06-26T15:18:21","guid":{"rendered":"https:\/\/williamchevillon.fr\/?p=826"},"modified":"2024-06-26T17:19:18","modified_gmt":"2024-06-26T15:19:18","slug":"images-de-la-vendee-1978-feue-lucette","status":"publish","type":"post","link":"https:\/\/williamchevillon.fr\/index.php\/2024\/06\/26\/images-de-la-vendee-1978-feue-lucette\/","title":{"rendered":"Images de la Vend\u00e9e 1978 &#8211; Feue Lucette"},"content":{"rendered":"\n<p>Texte lu au cin\u00e9ma <a href=\"https:\/\/williamchevillon.fr\/index.php\/2024\/06\/14\/publication-de-110-ans-de-cinema-rue-gouvion\/\">Concorde<\/a> de La Roche-sur-Yon le 23 juin 2024 dans le cadre de la performance de Feue Lucette sur des images de la Cin\u00e9math\u00e8que de la Vend\u00e9e mont\u00e9es par S\u00e9bastien Debeil et mises en musique par Lieutenant Dan. Textes de Vincent Bouy\u00e9 et Florent Sorin non pr\u00e9sents ici.<\/p>\n\n\n\n<p>S\u00e9quences sur des plans de Jacques Bonnaud (archives d\u00e9partementales de la Vend\u00e9e 4 Ci 69).<\/p>\n\n\n\n<blockquote class=\"wp-block-quote is-layout-flow wp-block-quote-is-layout-flow\">\n<p>\u00ab&nbsp;Pendant trente ans, ma m\u00e8re m&rsquo;a \u00e9crit chaque semaine, de son \u00e9criture appliqu\u00e9e, ronde, sans faute d&rsquo;orthographe, me racontant sa vie, c&rsquo;est-\u00e0-dire rien ; c&rsquo;est-\u00e0-dire une lente, longue attente ; l&rsquo;attente de mes r\u00e9ponses, de mes visites de plus en plus espac\u00e9es ; c&rsquo;est-\u00e0-dire son ennui, ses maladies, ses malaises ; c&rsquo;est-\u00e0-dire son inqui\u00e9tude, dont j&rsquo;\u00e9tais toujours l&rsquo;objet.<\/p>\n\n\n\n<p>Dans quelles circonstances me t\u00e9l\u00e9phona-t-elle pour la premi\u00e8re fois, je l&rsquo;ignore et cela n&rsquo;a d&rsquo;autre importance que la r\u00e9v\u00e9lation que j&rsquo;eus alors de sa voix et de son accent. Je n&rsquo;avais jamais su, auparavant, que ma m\u00e8re parlait avec cet accent tra\u00eenant de l&rsquo;Ouest, cet accent paysan qui fait la voix grasse, comme impr\u00e9gn\u00e9e de terre humide. Lorsque je la vis, aussit\u00f4t apr\u00e8s, puisqu&rsquo;elle me parla de visu, l&rsquo;accent n&rsquo;y \u00e9tait plus. Nous avions, je le remarquai, les m\u00eames tonalit\u00e9s et cette mani\u00e8re, \u00e0 la fois populaire et d\u00e9su\u00e8te, de former des phrases trop appliqu\u00e9es, trop livresques.<\/p>\n\n\n\n<p>Comment diable avais-je donc pu entendre cette voix de paysanne au t\u00e9l\u00e9phone ? Phantasme ? Mais le m\u00eame jour je rencontrai un ami qui me dit : \u201cJ&rsquo;ai t\u00e9l\u00e9phon\u00e9 chez toi. Qui \u00e9tait cette bonne femme avec ce dr\u00f4le d&rsquo;accent, qui m&rsquo;a r\u00e9pondu ? Je croyais qu&rsquo;il n&rsquo;existait plus que des femmes de m\u00e9nage espagnoles ! \u201d Donc ma m\u00e8re avait bien un accent. Mais cet accent, que je connaissais depuis ma naissance, cet accent qui \u00e9tait celui de ma langue maternelle, je ne l&rsquo;entendais pas lorsque je le \u201cvoyais\u201d parler. Je ne l&rsquo;entendais pas parce qu&rsquo;il m&rsquo;\u00e9tait naturel. Il ne m&rsquo;apparaissait qu&rsquo;\u00e0 travers l&rsquo;anonymat de l&rsquo;\u00e9couteur t\u00e9l\u00e9phonique. Je ne voyais plus alors ma m\u00e8re, je ne percevais que l&rsquo;accent.<\/p>\n\n\n\n<p>Mais si je percevais cet accent, cet accent vend\u00e9en que je connais bien, que je reconnais entre tous, si je le recevais comme une anomalie, c&rsquo;est que moi-m\u00eame je ne parlais plus avec cet accent. O\u00f9 l&rsquo;avais-je perdu ? Quand ? Pourquoi ? Aucun souvenir.&nbsp;\u00bb<\/p>\n<cite>Michel Ragon <em>L&rsquo;accent de ma m\u00e8re<\/em>, 1980.<\/cite><\/blockquote>\n\n\n\n<p>\u2003Du moment o\u00f9 je suis n\u00e9 jusqu\u2019\u00e0 mes onze ans je n\u2019ai rien connu d\u2019autre, ou si peu, que ce monde o\u00f9 l\u2019accent de la terre irise le paysage sonore. Ce monde des vieilles et des vieux du fond du village\u00a0; ce monde o\u00f9 le p\u00e8re machin gu\u00e9rit les br\u00fblures, o\u00f9 la m\u00e8re bidule donne une fess\u00e9e aux orties lorsque l\u2019on tarde \u00e0 rapporter du lait\u00a0; ce monde o\u00f9 ma grand-m\u00e8re m\u2019accueillit un jour en me disant \u00ab\u00a0Qu\u00e9 t\u2019o quo l\u00e9 que t\u2019chette bourbasse ?\u00a0\u00bb alors que je lui avais appris que je travaillais pour une compagnie th\u00e9\u00e2trale\u00a0; ce monde o\u00f9 le bout du d\u00e9partement est le bout de la terre et que derri\u00e8re le bout de la terre, il y a un autre monde, un autre bout d\u2019une autre terre qui est le bout de tout.<\/p>\n\n\n\n<p>Dans ce monde, je me vois, moi, enfant, courant dans les ruelles du bourg entre l\u2019\u00e9glise et le ch\u00e2teau. Enjambant les lavoirs, slalomant dans le flot ininterrompu des visiteurs de la foire de septembre. Ici, les vaches aux naseaux suintants, attach\u00e9es aux barres d\u2019acier zingu\u00e9 transformant la place publique en march\u00e9 aux bestiaux \u2013 o\u00f9 les mouches se confondent \u00e0 l\u2019odeur \u00e2cre propuls\u00e9e par les a\u00e9rateurs des silos \u00e0 grains. L\u00e0, les paysans devisant tel ou tel sujet en sirotant un merlot bon march\u00e9 dans des verres Gigogne. Ici encore, le claquement des burins, marteaux, serpes&nbsp;; le chant r\u00eache des rabots, ciseaux et racloirs.<\/p>\n\n\n\n<p>Ce monde est un langage sans dictionnaire, un savoir d\u00e9nu\u00e9 d\u2019encyclop\u00e9die. Un sifflement de vieillard sorti de derri\u00e8re une haie dit tout d\u2019une vie, l\u2019usure d\u2019une main raconte ce qu\u2019est de tailler un essieu dans une bille de cormier. Le corps, ses gestes, ses sons, ses balafres, comme paroles plus assourdissantes que les nombreux silences des taiseux qui regardent la route.<\/p>\n\n\n\n<p>Les accents, le raclement des outils, le bruit sec de la peau que l\u2019on enl\u00e8ve des lapins, le murmure des pr\u00e9s en soir\u00e9e. Non, pas un murmure mais plut\u00f4t une quantit\u00e9 de bruissements. Je me suis rappel\u00e9 les sorties vesp\u00e9rales o\u00f9, attif\u00e9s de bottes et d\u2019\u00e9puisettes, nous allions essayer de trouver quelques tritons dans les mares. Je ne sais pas quel bruit fait un triton mais le coassement des grenouilles je le connais. Et souvent, le soir, <a href=\"https:\/\/williamchevillon.fr\/index.php\/2020\/04\/12\/je-suis-sorti\/\">les grenouilles conversent \u00e0 n\u2019en entendre qu\u2019elles<\/a>. Finalement ce n\u2019est pas une quantit\u00e9 de bruissements, de bruits, de raclements ou d\u2019accents, mais une immense clameur qui a pris possession du ciel.<\/p>\n\n\n\n<p>[\u2026]<\/p>\n\n\n\n<figure class=\"wp-block-image size-large\"><img fetchpriority=\"high\" decoding=\"async\" width=\"1024\" height=\"731\" src=\"https:\/\/williamchevillon.fr\/wp-content\/uploads\/2024\/06\/Capture-decran-2024-06-26-170557-1024x731.png\" alt=\"Une femme et un homme fumant lors d'une f\u00eate populaire en Vend\u00e9e.\" class=\"wp-image-829\" srcset=\"https:\/\/williamchevillon.fr\/wp-content\/uploads\/2024\/06\/Capture-decran-2024-06-26-170557-1024x731.png 1024w, https:\/\/williamchevillon.fr\/wp-content\/uploads\/2024\/06\/Capture-decran-2024-06-26-170557-300x214.png 300w, https:\/\/williamchevillon.fr\/wp-content\/uploads\/2024\/06\/Capture-decran-2024-06-26-170557-768x549.png 768w, https:\/\/williamchevillon.fr\/wp-content\/uploads\/2024\/06\/Capture-decran-2024-06-26-170557-1200x857.png 1200w, https:\/\/williamchevillon.fr\/wp-content\/uploads\/2024\/06\/Capture-decran-2024-06-26-170557.png 1442w\" sizes=\"(max-width: 1024px) 100vw, 1024px\" \/><figcaption class=\"wp-element-caption\">Jacques Bonnaud, <em>Images de la Vend\u00e9e<\/em>, 1978. Archives d\u00e9partementales de la Vend\u00e9e, 4 Ci 69.<\/figcaption><\/figure>\n\n\n\n<p>\u2003Le territoire en cette p\u00e9riode c\u2019est une cocagne, un Far West. Un espace de vie o\u00f9 l\u2019on construit sa maison au milieu d\u2019un grand champ, o\u00f9 l\u2019on cultive des artichauts, des tulipes et des haricots dans des terres sablonneuses au bord de la route. Une existence simple.<\/p>\n\n\n\n<p>Le c\u00f4t\u00e9 immuable de la Vend\u00e9e ne parle pas \u00e0 grand monde. Il y a des lieux o\u00f9 la religion guide le quotidien, des endroits o\u00f9 l\u2019on bouffe les cur\u00e9s lors des banquets r\u00e9publicains. La vie se d\u00e9noue, se dilue dans le temps long. Puis un jour il y a la mort qui cl\u00f4t cette lente marche. Puis un jour on a construit une d\u00e9partementale et un supermarch\u00e9 ; et la lente marche, aussi, n\u2019en est plus une.<\/p>\n\n\n\n<p>Et, ce qui suspend tout : le feu de la Saint-Jean, le lancer de bousas, les jeux mara\u00eechins, la f\u00eate de la sardine, le concours de gobage d\u2019huitres, les battages, la f\u00eate de la fressure, la journ\u00e9e du sanglier, le moiss\u2019bat cross.<\/p>\n\n\n\n<p>On arrive le dimanche \u00e0 bord de la Renault 21, apr\u00e8s la sieste \u00e0 la maison ou avec une glaci\u00e8re charg\u00e9e de sandwichs \u0153uf-mayo dans le coffre. Le parking est un pr\u00e9 constell\u00e9 de mottes et de trous. L\u2019herbe est grill\u00e9e, c\u2019est l\u2019\u00e9t\u00e9. On a envie de jouer mais on reste derri\u00e8re la barri\u00e8re. On insiste pour ne pas partir, comme pour retarder le rythme de la rentr\u00e9e qu\u2019il faut reprendre.<\/p>\n\n\n\n<p>De fa\u00e7on certaine ici on fait n\u2019importe quoi car on se fiche de savoir si cette tradition vaut mieux qu\u2019un d\u00e9fil\u00e9 militaire \u00e9tabli dans les limbes de l\u2019humanit\u00e9. Ne vaut-il pas mieux bouffer de la cr\u00e8me lors d\u2019un concours que de mourir \u00e0 la guerre&nbsp;?<\/p>\n\n\n\n<p>Et si l\u2019important \u00e9tait de se dire que ce qui est irrationnel laisse aussi des traces pour plus tard&nbsp;; que la soci\u00e9t\u00e9 se fonde sur les instants s\u00e9rieux, sur ceux qui le sont moins et sur les autres o\u00f9 il ne se passe rien de plus que la routine.<\/p>\n\n\n\n<div style=\"height:41px\" aria-hidden=\"true\" class=\"wp-block-spacer\"><\/div>\n\n\n\n<p>NB : Le propos s&rsquo;appuie librement sur une chronologie contemporaine ou post\u00e9rieure aux images.<\/p>\n\n\n\n<p><a href=\"https:\/\/archives.vendee.fr\/ark:\/22574\/1029725?posInSet=1&amp;queryId=79011609-0ce7-4037-b7b9-596c2e6a8782\">Lien vers le film conserv\u00e9 aux Archives d\u00e9partementales de la Vend\u00e9e<\/a><\/p>\n","protected":false},"excerpt":{"rendered":"<p>Texte lu au cin\u00e9ma Concorde de La Roche-sur-Yon le 23 juin 2024 dans le cadre de la performance de Feue Lucette sur des images de la Cin\u00e9math\u00e8que de la Vend\u00e9e mont\u00e9es par S\u00e9bastien Debeil et mises en musique par Lieutenant Dan. Textes de Vincent Bouy\u00e9 et Florent Sorin non pr\u00e9sents ici. S\u00e9quences sur des plans [&hellip;]<\/p>\n","protected":false},"author":1,"featured_media":827,"comment_status":"open","ping_status":"open","sticky":false,"template":"","format":"standard","meta":{"footnotes":""},"categories":[6,7],"tags":[],"class_list":["post-826","post","type-post","status-publish","format-standard","has-post-thumbnail","hentry","category-fragments","category-propos-culturels"],"yoast_head":"<!-- This site is optimized with the Yoast SEO plugin v27.5 - https:\/\/yoast.com\/product\/yoast-seo-wordpress\/ -->\n<title>Images de la Vend\u00e9e 1978 - Feue Lucette - William Chevillon<\/title>\n<meta name=\"description\" content=\"Images de la Vend\u00e9e 1978 - Feue Lucette Propos culturels William Chevillon\" \/>\n<meta name=\"robots\" content=\"index, follow, max-snippet:-1, max-image-preview:large, max-video-preview:-1\" \/>\n<link rel=\"canonical\" href=\"https:\/\/williamchevillon.fr\/index.php\/2024\/06\/26\/images-de-la-vendee-1978-feue-lucette\/\" \/>\n<meta property=\"og:locale\" content=\"fr_FR\" \/>\n<meta property=\"og:type\" content=\"article\" \/>\n<meta property=\"og:title\" content=\"Images de la Vend\u00e9e 1978, Feue Lucette\" \/>\n<meta property=\"og:description\" content=\"Texte lu au cin\u00e9ma Concorde de La Roche-sur-Yon le 23 juin 2024 dans le cadre de la performance de Feue Lucette sur des images de la Cin\u00e9math\u00e8que de la Vend\u00e9e.\" \/>\n<meta property=\"og:url\" content=\"https:\/\/williamchevillon.fr\/index.php\/2024\/06\/26\/images-de-la-vendee-1978-feue-lucette\/\" \/>\n<meta property=\"og:site_name\" content=\"William Chevillon\" \/>\n<meta property=\"article:publisher\" content=\"https:\/\/www.facebook.com\/WilliamChevillonPro\" \/>\n<meta property=\"article:published_time\" content=\"2024-06-26T15:18:21+00:00\" \/>\n<meta property=\"article:modified_time\" content=\"2024-06-26T15:19:18+00:00\" \/>\n<meta property=\"og:image\" content=\"https:\/\/williamchevillon.fr\/wp-content\/uploads\/2024\/06\/Capture-decran-2024-06-26-162452.png\" \/>\n\t<meta property=\"og:image:width\" content=\"1191\" \/>\n\t<meta property=\"og:image:height\" content=\"858\" \/>\n\t<meta property=\"og:image:type\" content=\"image\/png\" \/>\n<meta name=\"author\" content=\"William Chevillon\" \/>\n<meta name=\"twitter:card\" content=\"summary_large_image\" \/>\n<meta name=\"twitter:title\" content=\"Images de la Vend\u00e9e 1978, Feue Lucette\" \/>\n<meta name=\"twitter:description\" content=\"Texte lu au cin\u00e9ma Concorde de La Roche-sur-Yon le 23 juin 2024 dans le cadre de la performance de Feue Lucette sur des images de la Cin\u00e9math\u00e8que de la Vend\u00e9e.\" \/>\n<meta name=\"twitter:image\" content=\"https:\/\/williamchevillon.fr\/wp-content\/uploads\/2024\/06\/Capture-decran-2024-06-26-162452.png\" \/>\n<meta name=\"twitter:label1\" content=\"\u00c9crit par\" \/>\n\t<meta name=\"twitter:data1\" content=\"William Chevillon\" \/>\n\t<meta name=\"twitter:label2\" content=\"Dur\u00e9e de lecture estim\u00e9e\" \/>\n\t<meta name=\"twitter:data2\" content=\"5 minutes\" \/>\n<script type=\"application\/ld+json\" class=\"yoast-schema-graph\">{\"@context\":\"https:\\\/\\\/schema.org\",\"@graph\":[{\"@type\":\"Article\",\"@id\":\"https:\\\/\\\/williamchevillon.fr\\\/index.php\\\/2024\\\/06\\\/26\\\/images-de-la-vendee-1978-feue-lucette\\\/#article\",\"isPartOf\":{\"@id\":\"https:\\\/\\\/williamchevillon.fr\\\/index.php\\\/2024\\\/06\\\/26\\\/images-de-la-vendee-1978-feue-lucette\\\/\"},\"author\":{\"name\":\"William Chevillon\",\"@id\":\"https:\\\/\\\/williamchevillon.fr\\\/#\\\/schema\\\/person\\\/eb30f03250952b7079f827caba706872\"},\"headline\":\"Images de la Vend\u00e9e 1978 &#8211; Feue Lucette\",\"datePublished\":\"2024-06-26T15:18:21+00:00\",\"dateModified\":\"2024-06-26T15:19:18+00:00\",\"mainEntityOfPage\":{\"@id\":\"https:\\\/\\\/williamchevillon.fr\\\/index.php\\\/2024\\\/06\\\/26\\\/images-de-la-vendee-1978-feue-lucette\\\/\"},\"wordCount\":1330,\"commentCount\":0,\"publisher\":{\"@id\":\"https:\\\/\\\/williamchevillon.fr\\\/#organization\"},\"image\":{\"@id\":\"https:\\\/\\\/williamchevillon.fr\\\/index.php\\\/2024\\\/06\\\/26\\\/images-de-la-vendee-1978-feue-lucette\\\/#primaryimage\"},\"thumbnailUrl\":\"https:\\\/\\\/williamchevillon.fr\\\/wp-content\\\/uploads\\\/2024\\\/06\\\/Capture-decran-2024-06-26-162452.png\",\"articleSection\":[\"Fragments \u00e9crits - Journal\",\"Propos culturels\"],\"inLanguage\":\"fr-FR\",\"potentialAction\":[{\"@type\":\"CommentAction\",\"name\":\"Comment\",\"target\":[\"https:\\\/\\\/williamchevillon.fr\\\/index.php\\\/2024\\\/06\\\/26\\\/images-de-la-vendee-1978-feue-lucette\\\/#respond\"]}]},{\"@type\":\"WebPage\",\"@id\":\"https:\\\/\\\/williamchevillon.fr\\\/index.php\\\/2024\\\/06\\\/26\\\/images-de-la-vendee-1978-feue-lucette\\\/\",\"url\":\"https:\\\/\\\/williamchevillon.fr\\\/index.php\\\/2024\\\/06\\\/26\\\/images-de-la-vendee-1978-feue-lucette\\\/\",\"name\":\"Images de la Vend\u00e9e 1978 - Feue Lucette - William Chevillon\",\"isPartOf\":{\"@id\":\"https:\\\/\\\/williamchevillon.fr\\\/#website\"},\"primaryImageOfPage\":{\"@id\":\"https:\\\/\\\/williamchevillon.fr\\\/index.php\\\/2024\\\/06\\\/26\\\/images-de-la-vendee-1978-feue-lucette\\\/#primaryimage\"},\"image\":{\"@id\":\"https:\\\/\\\/williamchevillon.fr\\\/index.php\\\/2024\\\/06\\\/26\\\/images-de-la-vendee-1978-feue-lucette\\\/#primaryimage\"},\"thumbnailUrl\":\"https:\\\/\\\/williamchevillon.fr\\\/wp-content\\\/uploads\\\/2024\\\/06\\\/Capture-decran-2024-06-26-162452.png\",\"datePublished\":\"2024-06-26T15:18:21+00:00\",\"dateModified\":\"2024-06-26T15:19:18+00:00\",\"description\":\"Images de la Vend\u00e9e 1978 - Feue Lucette Propos culturels William Chevillon\",\"breadcrumb\":{\"@id\":\"https:\\\/\\\/williamchevillon.fr\\\/index.php\\\/2024\\\/06\\\/26\\\/images-de-la-vendee-1978-feue-lucette\\\/#breadcrumb\"},\"inLanguage\":\"fr-FR\",\"potentialAction\":[{\"@type\":\"ReadAction\",\"target\":[\"https:\\\/\\\/williamchevillon.fr\\\/index.php\\\/2024\\\/06\\\/26\\\/images-de-la-vendee-1978-feue-lucette\\\/\"]}]},{\"@type\":\"ImageObject\",\"inLanguage\":\"fr-FR\",\"@id\":\"https:\\\/\\\/williamchevillon.fr\\\/index.php\\\/2024\\\/06\\\/26\\\/images-de-la-vendee-1978-feue-lucette\\\/#primaryimage\",\"url\":\"https:\\\/\\\/williamchevillon.fr\\\/wp-content\\\/uploads\\\/2024\\\/06\\\/Capture-decran-2024-06-26-162452.png\",\"contentUrl\":\"https:\\\/\\\/williamchevillon.fr\\\/wp-content\\\/uploads\\\/2024\\\/06\\\/Capture-decran-2024-06-26-162452.png\",\"width\":1191,\"height\":858,\"caption\":\"Jacques Bonnaud, Images de la Vend\u00e9e, 1978. Archives d\u00e9partementales de la Vend\u00e9e, 4 Ci 69.\"},{\"@type\":\"BreadcrumbList\",\"@id\":\"https:\\\/\\\/williamchevillon.fr\\\/index.php\\\/2024\\\/06\\\/26\\\/images-de-la-vendee-1978-feue-lucette\\\/#breadcrumb\",\"itemListElement\":[{\"@type\":\"ListItem\",\"position\":1,\"name\":\"Accueil\",\"item\":\"https:\\\/\\\/williamchevillon.fr\\\/\"},{\"@type\":\"ListItem\",\"position\":2,\"name\":\"Images de la Vend\u00e9e 1978 &#8211; Feue Lucette\"}]},{\"@type\":\"WebSite\",\"@id\":\"https:\\\/\\\/williamchevillon.fr\\\/#website\",\"url\":\"https:\\\/\\\/williamchevillon.fr\\\/\",\"name\":\"William Chevillon\",\"description\":\"\u00ab Il n&#039;est pas dit qu&#039;en \u00e9crivant on assure le salut de son \u00e2me. \u00bb Italo Calvino\",\"publisher\":{\"@id\":\"https:\\\/\\\/williamchevillon.fr\\\/#organization\"},\"potentialAction\":[{\"@type\":\"SearchAction\",\"target\":{\"@type\":\"EntryPoint\",\"urlTemplate\":\"https:\\\/\\\/williamchevillon.fr\\\/?s={search_term_string}\"},\"query-input\":{\"@type\":\"PropertyValueSpecification\",\"valueRequired\":true,\"valueName\":\"search_term_string\"}}],\"inLanguage\":\"fr-FR\"},{\"@type\":\"Organization\",\"@id\":\"https:\\\/\\\/williamchevillon.fr\\\/#organization\",\"name\":\"William Chevillon\",\"url\":\"https:\\\/\\\/williamchevillon.fr\\\/\",\"logo\":{\"@type\":\"ImageObject\",\"inLanguage\":\"fr-FR\",\"@id\":\"https:\\\/\\\/williamchevillon.fr\\\/#\\\/schema\\\/logo\\\/image\\\/\",\"url\":\"https:\\\/\\\/williamchevillon.fr\\\/wp-content\\\/uploads\\\/2023\\\/03\\\/26881283122_9faaa7b2c2_k.jpg\",\"contentUrl\":\"https:\\\/\\\/williamchevillon.fr\\\/wp-content\\\/uploads\\\/2023\\\/03\\\/26881283122_9faaa7b2c2_k.jpg\",\"width\":2048,\"height\":1153,\"caption\":\"William Chevillon\"},\"image\":{\"@id\":\"https:\\\/\\\/williamchevillon.fr\\\/#\\\/schema\\\/logo\\\/image\\\/\"},\"sameAs\":[\"https:\\\/\\\/www.facebook.com\\\/WilliamChevillonPro\",\"https:\\\/\\\/instagram.com\\\/chevillonw\"]},{\"@type\":\"Person\",\"@id\":\"https:\\\/\\\/williamchevillon.fr\\\/#\\\/schema\\\/person\\\/eb30f03250952b7079f827caba706872\",\"name\":\"William Chevillon\",\"image\":{\"@type\":\"ImageObject\",\"inLanguage\":\"fr-FR\",\"@id\":\"https:\\\/\\\/secure.gravatar.com\\\/avatar\\\/d626b7752353789d21ea6ba008e34f538a0be7ecef0a6eefbf15acabdb28c0b9?s=96&d=mm&r=g\",\"url\":\"https:\\\/\\\/secure.gravatar.com\\\/avatar\\\/d626b7752353789d21ea6ba008e34f538a0be7ecef0a6eefbf15acabdb28c0b9?s=96&d=mm&r=g\",\"contentUrl\":\"https:\\\/\\\/secure.gravatar.com\\\/avatar\\\/d626b7752353789d21ea6ba008e34f538a0be7ecef0a6eefbf15acabdb28c0b9?s=96&d=mm&r=g\",\"caption\":\"William Chevillon\"},\"description\":\"Chercheur, artiste-auteur et m\u00e9diateur culturel attir\u00e9 par le spectacle vivant, l\u2019art contemporain, le patrimoine et les paysages.\",\"sameAs\":[\"https:\\\/\\\/williamchevillon.fr\"],\"url\":\"https:\\\/\\\/williamchevillon.fr\\\/index.php\\\/author\\\/admin2960\\\/\"}]}<\/script>\n<!-- \/ Yoast SEO plugin. -->","yoast_head_json":{"title":"Images de la Vend\u00e9e 1978 - Feue Lucette - William Chevillon","description":"Images de la Vend\u00e9e 1978 - Feue Lucette Propos culturels William Chevillon","robots":{"index":"index","follow":"follow","max-snippet":"max-snippet:-1","max-image-preview":"max-image-preview:large","max-video-preview":"max-video-preview:-1"},"canonical":"https:\/\/williamchevillon.fr\/index.php\/2024\/06\/26\/images-de-la-vendee-1978-feue-lucette\/","og_locale":"fr_FR","og_type":"article","og_title":"Images de la Vend\u00e9e 1978, Feue Lucette","og_description":"Texte lu au cin\u00e9ma Concorde de La Roche-sur-Yon le 23 juin 2024 dans le cadre de la performance de Feue Lucette sur des images de la Cin\u00e9math\u00e8que de la Vend\u00e9e.","og_url":"https:\/\/williamchevillon.fr\/index.php\/2024\/06\/26\/images-de-la-vendee-1978-feue-lucette\/","og_site_name":"William Chevillon","article_publisher":"https:\/\/www.facebook.com\/WilliamChevillonPro","article_published_time":"2024-06-26T15:18:21+00:00","article_modified_time":"2024-06-26T15:19:18+00:00","og_image":[{"width":1191,"height":858,"url":"https:\/\/williamchevillon.fr\/wp-content\/uploads\/2024\/06\/Capture-decran-2024-06-26-162452.png","type":"image\/png"}],"author":"William Chevillon","twitter_card":"summary_large_image","twitter_title":"Images de la Vend\u00e9e 1978, Feue Lucette","twitter_description":"Texte lu au cin\u00e9ma Concorde de La Roche-sur-Yon le 23 juin 2024 dans le cadre de la performance de Feue Lucette sur des images de la Cin\u00e9math\u00e8que de la Vend\u00e9e.","twitter_image":"https:\/\/williamchevillon.fr\/wp-content\/uploads\/2024\/06\/Capture-decran-2024-06-26-162452.png","twitter_misc":{"\u00c9crit par":"William Chevillon","Dur\u00e9e de lecture estim\u00e9e":"5 minutes"},"schema":{"@context":"https:\/\/schema.org","@graph":[{"@type":"Article","@id":"https:\/\/williamchevillon.fr\/index.php\/2024\/06\/26\/images-de-la-vendee-1978-feue-lucette\/#article","isPartOf":{"@id":"https:\/\/williamchevillon.fr\/index.php\/2024\/06\/26\/images-de-la-vendee-1978-feue-lucette\/"},"author":{"name":"William Chevillon","@id":"https:\/\/williamchevillon.fr\/#\/schema\/person\/eb30f03250952b7079f827caba706872"},"headline":"Images de la Vend\u00e9e 1978 &#8211; Feue Lucette","datePublished":"2024-06-26T15:18:21+00:00","dateModified":"2024-06-26T15:19:18+00:00","mainEntityOfPage":{"@id":"https:\/\/williamchevillon.fr\/index.php\/2024\/06\/26\/images-de-la-vendee-1978-feue-lucette\/"},"wordCount":1330,"commentCount":0,"publisher":{"@id":"https:\/\/williamchevillon.fr\/#organization"},"image":{"@id":"https:\/\/williamchevillon.fr\/index.php\/2024\/06\/26\/images-de-la-vendee-1978-feue-lucette\/#primaryimage"},"thumbnailUrl":"https:\/\/williamchevillon.fr\/wp-content\/uploads\/2024\/06\/Capture-decran-2024-06-26-162452.png","articleSection":["Fragments \u00e9crits - Journal","Propos culturels"],"inLanguage":"fr-FR","potentialAction":[{"@type":"CommentAction","name":"Comment","target":["https:\/\/williamchevillon.fr\/index.php\/2024\/06\/26\/images-de-la-vendee-1978-feue-lucette\/#respond"]}]},{"@type":"WebPage","@id":"https:\/\/williamchevillon.fr\/index.php\/2024\/06\/26\/images-de-la-vendee-1978-feue-lucette\/","url":"https:\/\/williamchevillon.fr\/index.php\/2024\/06\/26\/images-de-la-vendee-1978-feue-lucette\/","name":"Images de la Vend\u00e9e 1978 - Feue Lucette - William Chevillon","isPartOf":{"@id":"https:\/\/williamchevillon.fr\/#website"},"primaryImageOfPage":{"@id":"https:\/\/williamchevillon.fr\/index.php\/2024\/06\/26\/images-de-la-vendee-1978-feue-lucette\/#primaryimage"},"image":{"@id":"https:\/\/williamchevillon.fr\/index.php\/2024\/06\/26\/images-de-la-vendee-1978-feue-lucette\/#primaryimage"},"thumbnailUrl":"https:\/\/williamchevillon.fr\/wp-content\/uploads\/2024\/06\/Capture-decran-2024-06-26-162452.png","datePublished":"2024-06-26T15:18:21+00:00","dateModified":"2024-06-26T15:19:18+00:00","description":"Images de la Vend\u00e9e 1978 - Feue Lucette Propos culturels William Chevillon","breadcrumb":{"@id":"https:\/\/williamchevillon.fr\/index.php\/2024\/06\/26\/images-de-la-vendee-1978-feue-lucette\/#breadcrumb"},"inLanguage":"fr-FR","potentialAction":[{"@type":"ReadAction","target":["https:\/\/williamchevillon.fr\/index.php\/2024\/06\/26\/images-de-la-vendee-1978-feue-lucette\/"]}]},{"@type":"ImageObject","inLanguage":"fr-FR","@id":"https:\/\/williamchevillon.fr\/index.php\/2024\/06\/26\/images-de-la-vendee-1978-feue-lucette\/#primaryimage","url":"https:\/\/williamchevillon.fr\/wp-content\/uploads\/2024\/06\/Capture-decran-2024-06-26-162452.png","contentUrl":"https:\/\/williamchevillon.fr\/wp-content\/uploads\/2024\/06\/Capture-decran-2024-06-26-162452.png","width":1191,"height":858,"caption":"Jacques Bonnaud, Images de la Vend\u00e9e, 1978. Archives d\u00e9partementales de la Vend\u00e9e, 4 Ci 69."},{"@type":"BreadcrumbList","@id":"https:\/\/williamchevillon.fr\/index.php\/2024\/06\/26\/images-de-la-vendee-1978-feue-lucette\/#breadcrumb","itemListElement":[{"@type":"ListItem","position":1,"name":"Accueil","item":"https:\/\/williamchevillon.fr\/"},{"@type":"ListItem","position":2,"name":"Images de la Vend\u00e9e 1978 &#8211; Feue Lucette"}]},{"@type":"WebSite","@id":"https:\/\/williamchevillon.fr\/#website","url":"https:\/\/williamchevillon.fr\/","name":"William Chevillon","description":"\u00ab Il n&#039;est pas dit qu&#039;en \u00e9crivant on assure le salut de son \u00e2me. \u00bb Italo Calvino","publisher":{"@id":"https:\/\/williamchevillon.fr\/#organization"},"potentialAction":[{"@type":"SearchAction","target":{"@type":"EntryPoint","urlTemplate":"https:\/\/williamchevillon.fr\/?s={search_term_string}"},"query-input":{"@type":"PropertyValueSpecification","valueRequired":true,"valueName":"search_term_string"}}],"inLanguage":"fr-FR"},{"@type":"Organization","@id":"https:\/\/williamchevillon.fr\/#organization","name":"William Chevillon","url":"https:\/\/williamchevillon.fr\/","logo":{"@type":"ImageObject","inLanguage":"fr-FR","@id":"https:\/\/williamchevillon.fr\/#\/schema\/logo\/image\/","url":"https:\/\/williamchevillon.fr\/wp-content\/uploads\/2023\/03\/26881283122_9faaa7b2c2_k.jpg","contentUrl":"https:\/\/williamchevillon.fr\/wp-content\/uploads\/2023\/03\/26881283122_9faaa7b2c2_k.jpg","width":2048,"height":1153,"caption":"William Chevillon"},"image":{"@id":"https:\/\/williamchevillon.fr\/#\/schema\/logo\/image\/"},"sameAs":["https:\/\/www.facebook.com\/WilliamChevillonPro","https:\/\/instagram.com\/chevillonw"]},{"@type":"Person","@id":"https:\/\/williamchevillon.fr\/#\/schema\/person\/eb30f03250952b7079f827caba706872","name":"William Chevillon","image":{"@type":"ImageObject","inLanguage":"fr-FR","@id":"https:\/\/secure.gravatar.com\/avatar\/d626b7752353789d21ea6ba008e34f538a0be7ecef0a6eefbf15acabdb28c0b9?s=96&d=mm&r=g","url":"https:\/\/secure.gravatar.com\/avatar\/d626b7752353789d21ea6ba008e34f538a0be7ecef0a6eefbf15acabdb28c0b9?s=96&d=mm&r=g","contentUrl":"https:\/\/secure.gravatar.com\/avatar\/d626b7752353789d21ea6ba008e34f538a0be7ecef0a6eefbf15acabdb28c0b9?s=96&d=mm&r=g","caption":"William Chevillon"},"description":"Chercheur, artiste-auteur et m\u00e9diateur culturel attir\u00e9 par le spectacle vivant, l\u2019art contemporain, le patrimoine et les paysages.","sameAs":["https:\/\/williamchevillon.fr"],"url":"https:\/\/williamchevillon.fr\/index.php\/author\/admin2960\/"}]}},"_links":{"self":[{"href":"https:\/\/williamchevillon.fr\/index.php\/wp-json\/wp\/v2\/posts\/826","targetHints":{"allow":["GET"]}}],"collection":[{"href":"https:\/\/williamchevillon.fr\/index.php\/wp-json\/wp\/v2\/posts"}],"about":[{"href":"https:\/\/williamchevillon.fr\/index.php\/wp-json\/wp\/v2\/types\/post"}],"author":[{"embeddable":true,"href":"https:\/\/williamchevillon.fr\/index.php\/wp-json\/wp\/v2\/users\/1"}],"replies":[{"embeddable":true,"href":"https:\/\/williamchevillon.fr\/index.php\/wp-json\/wp\/v2\/comments?post=826"}],"version-history":[{"count":4,"href":"https:\/\/williamchevillon.fr\/index.php\/wp-json\/wp\/v2\/posts\/826\/revisions"}],"predecessor-version":[{"id":832,"href":"https:\/\/williamchevillon.fr\/index.php\/wp-json\/wp\/v2\/posts\/826\/revisions\/832"}],"wp:featuredmedia":[{"embeddable":true,"href":"https:\/\/williamchevillon.fr\/index.php\/wp-json\/wp\/v2\/media\/827"}],"wp:attachment":[{"href":"https:\/\/williamchevillon.fr\/index.php\/wp-json\/wp\/v2\/media?parent=826"}],"wp:term":[{"taxonomy":"category","embeddable":true,"href":"https:\/\/williamchevillon.fr\/index.php\/wp-json\/wp\/v2\/categories?post=826"},{"taxonomy":"post_tag","embeddable":true,"href":"https:\/\/williamchevillon.fr\/index.php\/wp-json\/wp\/v2\/tags?post=826"}],"curies":[{"name":"wp","href":"https:\/\/api.w.org\/{rel}","templated":true}]}}