{"id":759,"date":"2024-02-25T19:40:37","date_gmt":"2024-02-25T18:40:37","guid":{"rendered":"https:\/\/williamchevillon.fr\/?p=759"},"modified":"2024-03-28T14:10:28","modified_gmt":"2024-03-28T13:10:28","slug":"les-1-des-lycees-herriot-et-piobetta-a-la-roche-sur-yon","status":"publish","type":"post","link":"https:\/\/williamchevillon.fr\/index.php\/2024\/02\/25\/les-1-des-lycees-herriot-et-piobetta-a-la-roche-sur-yon\/","title":{"rendered":"Les 1 % des lyc\u00e9es Herriot et Piobetta \u00e0 La Roche-sur-Yon"},"content":{"rendered":"\n<p><\/p>\n\n\n\n<p>1951, le ministre de l\u2019\u00c9ducation nationale Pierre-Olivier Lapie parvient \u00e0 instituer une mesure par laquelle 1 % du montant hors-taxes de la construction d\u2019un b\u00e2timent scolaire est allou\u00e9 \u00e0 des travaux de \u00ab d\u00e9coration \u00bb. \u00c9tendu par ailleurs \u00e0 d\u2019autres minist\u00e8res, le dispositif vise \u00e0 soutenir les artistes mais \u00e9galement \u00e0 d\u00e9velopper l\u2019environnement artistique \u00e0 destination des usagers. Port\u00e9e d\u00e8s les ann\u00e9es 1930, en r\u00e9ponse \u00e0 la crise, par des parlementaires de diff\u00e9rents bords politiques et par le ministre Jean Zay, la syst\u00e9matisation des commandes artistiques voit le jour dans un contexte de fort d\u00e9veloppement de l\u2019immobilier scolaire. La France est en effet saisie de deux faits majeurs : la d\u00e9mographie galopante d\u2019apr\u00e8s-guerre et la bascule vers une soci\u00e9t\u00e9 moderne. Face \u00e0 l\u2019accroissement des besoins, les travaux et constructions ne sont plus des options mais des n\u00e9cessit\u00e9s profondes.<\/p>\n\n\n\n<p><br>\u00c0 La Roche-sur-Yon, les ann\u00e9es 1950 sont celles des premiers soubresauts d\u2019une mutation urbaine g\u00e9n\u00e9ralis\u00e9e. Quartiers de la Libert\u00e9 et des Forges, am\u00e9nagement paysager de l\u2019avenue Gambetta, r\u00e9flexions sur l\u2019agrandissement des b\u00e2timents administratifs\u2026 les projets se multiplient et le cadre scolaire se greffe \u00e0 cette dynamique. Sur le versant nord de la place Napol\u00e9on, les lyc\u00e9es de gar\u00e7ons (\u00c9douard-Herriot) et de jeunes filles (St\u00e9phane-Piobetta) font l\u2019objet de travaux structurants respectivement en 1958-1960 et 1963-1964. L\u2019architecte d\u00e9sign\u00e9 pour superviser les projets est Jean Dumont (1923-2007), cela n\u2019exclut pas l\u2019intervention d\u2019architectes tiers par voie de d\u00e9l\u00e9gation. Celui qui signera plus tard le Tripode, sur l\u2019\u00eele Beaulieu de Nantes, applique \u00e0 La Roche-sur-Yon un certain nombre de principes de l\u2019architecture moderne et fonctionnelle, notamment \u00e0 partir d\u2019\u00e9l\u00e9ments pr\u00e9fabriqu\u00e9s. S\u00e9quenc\u00e9es de trav\u00e9es r\u00e9p\u00e9titives, et de claires-voies dans le cas du lyc\u00e9e de jeunes filles, les fa\u00e7ades sont b\u00e2ties sobrement. Les surfaces sont cependant rythm\u00e9es par une alternance des mat\u00e9riaux : b\u00e9ton peint ou enduit, carreaux de fa\u00efence, b\u00e9ton lav\u00e9.<\/p>\n\n\n\n<p><br>Dans ce registre architectural s\u2019int\u00e8grent quatre artistes par le biais du 1 % artistique :<\/p>\n\n\n\n<p><strong>Marthe Schwenck<\/strong><\/p>\n\n\n\n<p>Sculptrice engag\u00e9e dans le mouvement moderne, Marthe Baumel-Schwenck (1913-1992) intervient notamment dans le chantier de reconstruction du Havre. En son nom propre ou avec son \u00e9poux, Jean-Marie Baumel, elle r\u00e9alise des panneaux en reliefs incorpor\u00e9s \u00e0 des b\u00e2timents ou des sculptures pour des jardins publics. Le jardin du Luxembourg, le mus\u00e9e d\u2019art et arch\u00e9ologie de Gu\u00e9ret ou encore le mus\u00e9e d\u2019art moderne de la Ville de Paris conservent des \u0153uvres de Marthe Schwenck. Au lyc\u00e9e de gar\u00e7ons l\u2019artiste propose une figure d\u2019homme-sir\u00e8ne ou de triton. En pierre reconstitu\u00e9e blanche, la sculpture-fontaine au lignage moderne, \u00e9merge d\u2019une rocaille reproduisant l\u2019\u00e9l\u00e9ment aquatique. De taille humaine, l\u2019objet artistique ornait le centre d\u2019un bassin situ\u00e9 dans la cour des \u00e9l\u00e8ves. Tourn\u00e9 vers l\u2019entr\u00e9e de la rue de Verdun, le triton de Marthe Schwenck est d\u00e9pos\u00e9 dans le cadre de la reconstruction du coll\u00e8ge \u00c9douard-Herriot (2009-2011). Pos\u00e9e sur la rampe d\u2019entr\u00e9e du nouvel \u00e9tablissement, la sculpture est d\u00e9grad\u00e9e puis install\u00e9e dans un parterre de l\u2019ancienne cour d\u2019honneur.<\/p>\n\n\n\n<figure class=\"wp-block-image size-full is-resized\"><img fetchpriority=\"high\" decoding=\"async\" width=\"734\" height=\"979\" src=\"https:\/\/williamchevillon.fr\/wp-content\/uploads\/2024\/02\/DSCN1411.jpg\" alt=\"\" class=\"wp-image-761\" style=\"width:610px;height:auto\" srcset=\"https:\/\/williamchevillon.fr\/wp-content\/uploads\/2024\/02\/DSCN1411.jpg 734w, https:\/\/williamchevillon.fr\/wp-content\/uploads\/2024\/02\/DSCN1411-225x300.jpg 225w\" sizes=\"(max-width: 734px) 100vw, 734px\" \/><figcaption class=\"wp-element-caption\">Sculpture de Marthe Schwenck, clich\u00e9 pris en 2011 lors de son d\u00e9placement provisoire sur le site Piobetta dans le cadre des travaux du coll\u00e8ge \u00c9douard-Herriot<\/figcaption><\/figure>\n\n\n\n<p><strong>Bernard et Yvette Alleaume-Vincent<\/strong><\/p>\n\n\n\n<p>Figures des interventions artistiques en lien avec l\u2019architecture, Bernard Alleaume (1930-1998) et Yvette Vincent (1927-2011) travaillent notamment les surfaces, qu\u2019elles soient murales ou au sol. Touchant la peinture, la brique, la fa\u00efence ou encore le b\u00e9ton, les artistes d\u00e9ploient, \u00e0 deux ou chacun en son nom, une production aussi riche que diverse. Peu document\u00e9e, la r\u00e9alisation pour le lyc\u00e9e Herriot se concentre sur les murs du rez-de-chauss\u00e9e nord, pr\u00e8s de l\u2019entr\u00e9e. Couleurs riches, lignes saillantes et contrastes marqu\u00e9s, l\u2019\u0153uvre (aujourd\u2019hui d\u00e9truite) de Bernard et Yvette Alleaume-Vincent apporte mouvement et abstraction.<\/p>\n\n\n\n<figure class=\"wp-block-image size-large\"><img decoding=\"async\" width=\"948\" height=\"1024\" src=\"https:\/\/williamchevillon.fr\/wp-content\/uploads\/2024\/02\/Alleaume-Herriot-28-octobre-1960-948x1024.jpg\" alt=\"\" class=\"wp-image-762\" srcset=\"https:\/\/williamchevillon.fr\/wp-content\/uploads\/2024\/02\/Alleaume-Herriot-28-octobre-1960-948x1024.jpg 948w, https:\/\/williamchevillon.fr\/wp-content\/uploads\/2024\/02\/Alleaume-Herriot-28-octobre-1960-278x300.jpg 278w, https:\/\/williamchevillon.fr\/wp-content\/uploads\/2024\/02\/Alleaume-Herriot-28-octobre-1960-768x830.jpg 768w, https:\/\/williamchevillon.fr\/wp-content\/uploads\/2024\/02\/Alleaume-Herriot-28-octobre-1960.jpg 961w\" sizes=\"(max-width: 948px) 100vw, 948px\" \/><figcaption class=\"wp-element-caption\">Coupure de Ouest-France en date du 28 octobre 1960 portant sur les interventions de Bernard et Yvette Alleaume-Vincent<\/figcaption><\/figure>\n\n\n\n<p><strong>Albert Deman<\/strong><\/p>\n\n\n\n<p>Originaire du Nord de la France, Albert Deman (1929-1996) s\u2019\u00e9tablit en Vend\u00e9e apr\u00e8s la Seconde Guerre mondiale. Influenc\u00e9 tout au long de sa carri\u00e8re par diff\u00e9rentes mouvances (cubisme, fauvisme, expressionnisme\u2026), Deman n\u2019intervient pas directement sur le b\u00e2timent du lyc\u00e9e Herriot mais propose un ensemble de vingt dessins \u00e0 la pierre noire repr\u00e9sentant les Fables de La Fontaine. S\u00e9quenc\u00e9 en cinq s\u00e9ries dispos\u00e9es en plusieurs endroits de l\u2019\u00e9tablissement, l\u2019ensemble se veut \u00e0 la fois figuratif et abstrait. Propri\u00e9t\u00e9 publique, l\u2019\u0153uvre est, de nos jours, toujours conserv\u00e9e.<\/p>\n\n\n\n<figure class=\"wp-block-image size-large is-resized\"><img decoding=\"async\" width=\"1024\" height=\"512\" src=\"https:\/\/williamchevillon.fr\/wp-content\/uploads\/2024\/02\/DSCN3497-1024x512.jpg\" alt=\"\" class=\"wp-image-763\" style=\"width:610px;height:auto\" srcset=\"https:\/\/williamchevillon.fr\/wp-content\/uploads\/2024\/02\/DSCN3497-1024x512.jpg 1024w, https:\/\/williamchevillon.fr\/wp-content\/uploads\/2024\/02\/DSCN3497-300x150.jpg 300w, https:\/\/williamchevillon.fr\/wp-content\/uploads\/2024\/02\/DSCN3497-768x384.jpg 768w, https:\/\/williamchevillon.fr\/wp-content\/uploads\/2024\/02\/DSCN3497-1536x768.jpg 1536w, https:\/\/williamchevillon.fr\/wp-content\/uploads\/2024\/02\/DSCN3497-2048x1024.jpg 2048w, https:\/\/williamchevillon.fr\/wp-content\/uploads\/2024\/02\/DSCN3497-1200x600.jpg 1200w, https:\/\/williamchevillon.fr\/wp-content\/uploads\/2024\/02\/DSCN3497-1980x990.jpg 1980w\" sizes=\"(max-width: 1024px) 100vw, 1024px\" \/><figcaption class=\"wp-element-caption\">\u0152uvre d&rsquo;Albert Deman (vue partielle), archives municipales de La Roche-sur-Yon<\/figcaption><\/figure>\n\n\n\n<p><strong>Philippe Thill<\/strong> <\/p>\n\n\n\n<p>En 1969, quelques ann\u00e9es apr\u00e8s la livraison de la construction, l\u2019agence d\u2019architecture Durand-M\u00e9nard supervise l\u2019installation du 1 % du lyc\u00e9e de jeunes filles. Le projet est confi\u00e9 \u00e0 Philippe Thill (1937-2010), laur\u00e9at du Prix de Rome en 1963. Sculpteur habitu\u00e9 des commandes publiques, Philippe Thill deviendra plus tard un acteur cl\u00e9 des liens entre architectes et artistes. \u00c0 La Roche-sur-Yon, il propose une structure m\u00e9tallique d\u2019environ quatre m\u00e8tres de hauteur. Juch\u00e9e sur un mur \u00e0 l\u2019ouest de la cour, la sculpture s\u2019offre autant aux \u00e9l\u00e8ves qu\u2019aux passants. Compos\u00e9e majoritairement de tubes de m\u00e9tal, l\u2019\u0153uvre (d\u00e9truite de longue date) joue des contrastes entre surfaces mates et brillantes.<\/p>\n\n\n\n<figure class=\"wp-block-image size-large\"><img loading=\"lazy\" decoding=\"async\" width=\"768\" height=\"1024\" src=\"https:\/\/williamchevillon.fr\/wp-content\/uploads\/2024\/02\/DSCN3401-768x1024.jpg\" alt=\"\" class=\"wp-image-764\" srcset=\"https:\/\/williamchevillon.fr\/wp-content\/uploads\/2024\/02\/DSCN3401-768x1024.jpg 768w, https:\/\/williamchevillon.fr\/wp-content\/uploads\/2024\/02\/DSCN3401-225x300.jpg 225w, https:\/\/williamchevillon.fr\/wp-content\/uploads\/2024\/02\/DSCN3401-1152x1536.jpg 1152w, https:\/\/williamchevillon.fr\/wp-content\/uploads\/2024\/02\/DSCN3401-1536x2048.jpg 1536w, https:\/\/williamchevillon.fr\/wp-content\/uploads\/2024\/02\/DSCN3401-1200x1600.jpg 1200w, https:\/\/williamchevillon.fr\/wp-content\/uploads\/2024\/02\/DSCN3401-1980x2640.jpg 1980w, https:\/\/williamchevillon.fr\/wp-content\/uploads\/2024\/02\/DSCN3401-scaled.jpg 1920w\" sizes=\"(max-width: 768px) 100vw, 768px\" \/><figcaption class=\"wp-element-caption\">\u0152uvre de Philippe Thill, archives municipales de La Roche-sur-Yon<\/figcaption><\/figure>\n\n\n\n<p>Diverses, les \u0153uvres des lyc\u00e9es \u00c9douard-Herriot et St\u00e9phane-Piobetta portent, par leur esth\u00e9tique comme leur contexte d\u2019installation, les marques d\u2019une p\u00e9riode donn\u00e9e. Il convient d\u2019y observer un t\u00e9moignage du fait artistique dans l\u2019espace public. Par leur \u00e9volution, parfois leur d\u00e9gradation ou disparition, elles invitent \u00e0 interroger le rapport complexe jusqu&rsquo;\u00e0 \u00eatre insondable, qui se noue entre le public et l&rsquo;objet d&rsquo;art. C\u2019est le sens <a href=\"https:\/\/williamchevillon.fr\/index.php\/2017\/09\/08\/art-dans-lespace-public-a-la-roche-sur-yon\/\">du travail de recherches que je m\u00e8ne depuis plusieurs ann\u00e9es<\/a> dans l\u2019optique d\u2019une publication prochaine.<\/p>\n\n\n\n<p>William Chevillon<\/p>\n\n\n\n<blockquote class=\"wp-block-quote is-layout-flow wp-block-quote-is-layout-flow\">\n<p>Chronique publi\u00e9e en 2024 dans le bulletin annuel des anciens \u00e9l\u00e8ves et professeurs des lyc\u00e9es Herriot et Mend\u00e8s-France de La Roche-sur-Yon.<\/p>\n<\/blockquote>\n","protected":false},"excerpt":{"rendered":"<p>1951, le ministre de l\u2019\u00c9ducation nationale Pierre-Olivier Lapie parvient \u00e0 instituer une mesure par laquelle 1 % du montant hors-taxes de la construction d\u2019un b\u00e2timent scolaire est allou\u00e9 \u00e0 des travaux de \u00ab d\u00e9coration \u00bb. \u00c9tendu par ailleurs \u00e0 d\u2019autres minist\u00e8res, le dispositif vise \u00e0 soutenir les artistes mais \u00e9galement \u00e0 d\u00e9velopper l\u2019environnement artistique \u00e0 [&hellip;]<\/p>\n","protected":false},"author":1,"featured_media":760,"comment_status":"open","ping_status":"open","sticky":false,"template":"","format":"standard","meta":{"footnotes":""},"categories":[7],"tags":[29,15],"class_list":["post-759","post","type-post","status-publish","format-standard","has-post-thumbnail","hentry","category-propos-culturels","tag-art-contemporain","tag-la-roche-sur-yon"],"yoast_head":"<!-- This site is optimized with the Yoast SEO plugin v27.5 - https:\/\/yoast.com\/product\/yoast-seo-wordpress\/ -->\n<title>Les 1 % des lyc\u00e9es Herriot et Piobetta \u00e0 La Roche-sur-Yon - William Chevillon<\/title>\n<meta name=\"description\" content=\"Les 1 % des lyc\u00e9es Herriot et Piobetta \u00e0 La Roche-sur-Yon Propos culturels William Chevillon Propos culturels\" \/>\n<meta name=\"robots\" content=\"index, follow, max-snippet:-1, max-image-preview:large, max-video-preview:-1\" \/>\n<link rel=\"canonical\" href=\"https:\/\/williamchevillon.fr\/index.php\/2024\/02\/25\/les-1-des-lycees-herriot-et-piobetta-a-la-roche-sur-yon\/\" \/>\n<meta property=\"og:locale\" content=\"fr_FR\" \/>\n<meta property=\"og:type\" content=\"article\" \/>\n<meta property=\"og:title\" content=\"Les 1 % des lyc\u00e9es Herriot et Piobetta \u00e0 La Roche-sur-Yon\" \/>\n<meta property=\"og:description\" content=\"Les 1 % des lyc\u00e9es Herriot et Piobetta \u00e0 La Roche-sur-Yon Propos culturels William Chevillon Propos culturels\" \/>\n<meta property=\"og:url\" content=\"https:\/\/williamchevillon.fr\/index.php\/2024\/02\/25\/les-1-des-lycees-herriot-et-piobetta-a-la-roche-sur-yon\/\" \/>\n<meta property=\"og:site_name\" content=\"William Chevillon\" \/>\n<meta property=\"article:publisher\" content=\"https:\/\/www.facebook.com\/WilliamChevillonPro\" \/>\n<meta property=\"article:published_time\" content=\"2024-02-25T18:40:37+00:00\" \/>\n<meta property=\"article:modified_time\" content=\"2024-03-28T13:10:28+00:00\" \/>\n<meta property=\"og:image\" content=\"https:\/\/williamchevillon.fr\/wp-content\/uploads\/2024\/02\/Schwenck-1.png\" \/>\n\t<meta property=\"og:image:width\" content=\"576\" \/>\n\t<meta property=\"og:image:height\" content=\"639\" \/>\n\t<meta property=\"og:image:type\" content=\"image\/png\" \/>\n<meta name=\"author\" content=\"William Chevillon\" \/>\n<meta name=\"twitter:card\" content=\"summary_large_image\" \/>\n<meta name=\"twitter:title\" content=\"Les 1 % des lyc\u00e9es Herriot et Piobetta \u00e0 La Roche-sur-Yon\" \/>\n<meta name=\"twitter:image\" content=\"https:\/\/williamchevillon.fr\/wp-content\/uploads\/2024\/02\/Schwenck-1.png\" \/>\n<meta name=\"twitter:label1\" content=\"\u00c9crit par\" \/>\n\t<meta name=\"twitter:data1\" content=\"William Chevillon\" \/>\n\t<meta name=\"twitter:label2\" content=\"Dur\u00e9e de lecture estim\u00e9e\" \/>\n\t<meta name=\"twitter:data2\" content=\"6 minutes\" \/>\n<script type=\"application\/ld+json\" class=\"yoast-schema-graph\">{\"@context\":\"https:\\\/\\\/schema.org\",\"@graph\":[{\"@type\":\"Article\",\"@id\":\"https:\\\/\\\/williamchevillon.fr\\\/index.php\\\/2024\\\/02\\\/25\\\/les-1-des-lycees-herriot-et-piobetta-a-la-roche-sur-yon\\\/#article\",\"isPartOf\":{\"@id\":\"https:\\\/\\\/williamchevillon.fr\\\/index.php\\\/2024\\\/02\\\/25\\\/les-1-des-lycees-herriot-et-piobetta-a-la-roche-sur-yon\\\/\"},\"author\":{\"name\":\"William Chevillon\",\"@id\":\"https:\\\/\\\/williamchevillon.fr\\\/#\\\/schema\\\/person\\\/eb30f03250952b7079f827caba706872\"},\"headline\":\"Les 1 % des lyc\u00e9es Herriot et Piobetta \u00e0 La Roche-sur-Yon\",\"datePublished\":\"2024-02-25T18:40:37+00:00\",\"dateModified\":\"2024-03-28T13:10:28+00:00\",\"mainEntityOfPage\":{\"@id\":\"https:\\\/\\\/williamchevillon.fr\\\/index.php\\\/2024\\\/02\\\/25\\\/les-1-des-lycees-herriot-et-piobetta-a-la-roche-sur-yon\\\/\"},\"wordCount\":1081,\"commentCount\":1,\"publisher\":{\"@id\":\"https:\\\/\\\/williamchevillon.fr\\\/#organization\"},\"image\":{\"@id\":\"https:\\\/\\\/williamchevillon.fr\\\/index.php\\\/2024\\\/02\\\/25\\\/les-1-des-lycees-herriot-et-piobetta-a-la-roche-sur-yon\\\/#primaryimage\"},\"thumbnailUrl\":\"https:\\\/\\\/williamchevillon.fr\\\/wp-content\\\/uploads\\\/2024\\\/02\\\/Schwenck-1.png\",\"keywords\":[\"art contemporain\",\"La Roche-sur-Yon\"],\"articleSection\":[\"Propos culturels\"],\"inLanguage\":\"fr-FR\",\"potentialAction\":[{\"@type\":\"CommentAction\",\"name\":\"Comment\",\"target\":[\"https:\\\/\\\/williamchevillon.fr\\\/index.php\\\/2024\\\/02\\\/25\\\/les-1-des-lycees-herriot-et-piobetta-a-la-roche-sur-yon\\\/#respond\"]}]},{\"@type\":\"WebPage\",\"@id\":\"https:\\\/\\\/williamchevillon.fr\\\/index.php\\\/2024\\\/02\\\/25\\\/les-1-des-lycees-herriot-et-piobetta-a-la-roche-sur-yon\\\/\",\"url\":\"https:\\\/\\\/williamchevillon.fr\\\/index.php\\\/2024\\\/02\\\/25\\\/les-1-des-lycees-herriot-et-piobetta-a-la-roche-sur-yon\\\/\",\"name\":\"Les 1 % des lyc\u00e9es Herriot et Piobetta \u00e0 La Roche-sur-Yon - William Chevillon\",\"isPartOf\":{\"@id\":\"https:\\\/\\\/williamchevillon.fr\\\/#website\"},\"primaryImageOfPage\":{\"@id\":\"https:\\\/\\\/williamchevillon.fr\\\/index.php\\\/2024\\\/02\\\/25\\\/les-1-des-lycees-herriot-et-piobetta-a-la-roche-sur-yon\\\/#primaryimage\"},\"image\":{\"@id\":\"https:\\\/\\\/williamchevillon.fr\\\/index.php\\\/2024\\\/02\\\/25\\\/les-1-des-lycees-herriot-et-piobetta-a-la-roche-sur-yon\\\/#primaryimage\"},\"thumbnailUrl\":\"https:\\\/\\\/williamchevillon.fr\\\/wp-content\\\/uploads\\\/2024\\\/02\\\/Schwenck-1.png\",\"datePublished\":\"2024-02-25T18:40:37+00:00\",\"dateModified\":\"2024-03-28T13:10:28+00:00\",\"description\":\"Les 1 % des lyc\u00e9es Herriot et Piobetta \u00e0 La Roche-sur-Yon Propos culturels William Chevillon Propos culturels\",\"breadcrumb\":{\"@id\":\"https:\\\/\\\/williamchevillon.fr\\\/index.php\\\/2024\\\/02\\\/25\\\/les-1-des-lycees-herriot-et-piobetta-a-la-roche-sur-yon\\\/#breadcrumb\"},\"inLanguage\":\"fr-FR\",\"potentialAction\":[{\"@type\":\"ReadAction\",\"target\":[\"https:\\\/\\\/williamchevillon.fr\\\/index.php\\\/2024\\\/02\\\/25\\\/les-1-des-lycees-herriot-et-piobetta-a-la-roche-sur-yon\\\/\"]}]},{\"@type\":\"ImageObject\",\"inLanguage\":\"fr-FR\",\"@id\":\"https:\\\/\\\/williamchevillon.fr\\\/index.php\\\/2024\\\/02\\\/25\\\/les-1-des-lycees-herriot-et-piobetta-a-la-roche-sur-yon\\\/#primaryimage\",\"url\":\"https:\\\/\\\/williamchevillon.fr\\\/wp-content\\\/uploads\\\/2024\\\/02\\\/Schwenck-1.png\",\"contentUrl\":\"https:\\\/\\\/williamchevillon.fr\\\/wp-content\\\/uploads\\\/2024\\\/02\\\/Schwenck-1.png\",\"width\":576,\"height\":639,\"caption\":\"Coupure de Ouest-France en date du 8 octobre 1960. \u0152uvre de Marthe Baumel-Schwenck\"},{\"@type\":\"BreadcrumbList\",\"@id\":\"https:\\\/\\\/williamchevillon.fr\\\/index.php\\\/2024\\\/02\\\/25\\\/les-1-des-lycees-herriot-et-piobetta-a-la-roche-sur-yon\\\/#breadcrumb\",\"itemListElement\":[{\"@type\":\"ListItem\",\"position\":1,\"name\":\"Accueil\",\"item\":\"https:\\\/\\\/williamchevillon.fr\\\/\"},{\"@type\":\"ListItem\",\"position\":2,\"name\":\"Les 1 % des lyc\u00e9es Herriot et Piobetta \u00e0 La Roche-sur-Yon\"}]},{\"@type\":\"WebSite\",\"@id\":\"https:\\\/\\\/williamchevillon.fr\\\/#website\",\"url\":\"https:\\\/\\\/williamchevillon.fr\\\/\",\"name\":\"William Chevillon\",\"description\":\"\u00ab Il n&#039;est pas dit qu&#039;en \u00e9crivant on assure le salut de son \u00e2me. \u00bb Italo Calvino\",\"publisher\":{\"@id\":\"https:\\\/\\\/williamchevillon.fr\\\/#organization\"},\"potentialAction\":[{\"@type\":\"SearchAction\",\"target\":{\"@type\":\"EntryPoint\",\"urlTemplate\":\"https:\\\/\\\/williamchevillon.fr\\\/?s={search_term_string}\"},\"query-input\":{\"@type\":\"PropertyValueSpecification\",\"valueRequired\":true,\"valueName\":\"search_term_string\"}}],\"inLanguage\":\"fr-FR\"},{\"@type\":\"Organization\",\"@id\":\"https:\\\/\\\/williamchevillon.fr\\\/#organization\",\"name\":\"William Chevillon\",\"url\":\"https:\\\/\\\/williamchevillon.fr\\\/\",\"logo\":{\"@type\":\"ImageObject\",\"inLanguage\":\"fr-FR\",\"@id\":\"https:\\\/\\\/williamchevillon.fr\\\/#\\\/schema\\\/logo\\\/image\\\/\",\"url\":\"https:\\\/\\\/williamchevillon.fr\\\/wp-content\\\/uploads\\\/2023\\\/03\\\/26881283122_9faaa7b2c2_k.jpg\",\"contentUrl\":\"https:\\\/\\\/williamchevillon.fr\\\/wp-content\\\/uploads\\\/2023\\\/03\\\/26881283122_9faaa7b2c2_k.jpg\",\"width\":2048,\"height\":1153,\"caption\":\"William Chevillon\"},\"image\":{\"@id\":\"https:\\\/\\\/williamchevillon.fr\\\/#\\\/schema\\\/logo\\\/image\\\/\"},\"sameAs\":[\"https:\\\/\\\/www.facebook.com\\\/WilliamChevillonPro\",\"https:\\\/\\\/instagram.com\\\/chevillonw\"]},{\"@type\":\"Person\",\"@id\":\"https:\\\/\\\/williamchevillon.fr\\\/#\\\/schema\\\/person\\\/eb30f03250952b7079f827caba706872\",\"name\":\"William Chevillon\",\"image\":{\"@type\":\"ImageObject\",\"inLanguage\":\"fr-FR\",\"@id\":\"https:\\\/\\\/secure.gravatar.com\\\/avatar\\\/d626b7752353789d21ea6ba008e34f538a0be7ecef0a6eefbf15acabdb28c0b9?s=96&d=mm&r=g\",\"url\":\"https:\\\/\\\/secure.gravatar.com\\\/avatar\\\/d626b7752353789d21ea6ba008e34f538a0be7ecef0a6eefbf15acabdb28c0b9?s=96&d=mm&r=g\",\"contentUrl\":\"https:\\\/\\\/secure.gravatar.com\\\/avatar\\\/d626b7752353789d21ea6ba008e34f538a0be7ecef0a6eefbf15acabdb28c0b9?s=96&d=mm&r=g\",\"caption\":\"William Chevillon\"},\"description\":\"Chercheur, artiste-auteur et m\u00e9diateur culturel attir\u00e9 par le spectacle vivant, l\u2019art contemporain, le patrimoine et les paysages.\",\"sameAs\":[\"https:\\\/\\\/williamchevillon.fr\"],\"url\":\"https:\\\/\\\/williamchevillon.fr\\\/index.php\\\/author\\\/admin2960\\\/\"}]}<\/script>\n<!-- \/ Yoast SEO plugin. -->","yoast_head_json":{"title":"Les 1 % des lyc\u00e9es Herriot et Piobetta \u00e0 La Roche-sur-Yon - William Chevillon","description":"Les 1 % des lyc\u00e9es Herriot et Piobetta \u00e0 La Roche-sur-Yon Propos culturels William Chevillon Propos culturels","robots":{"index":"index","follow":"follow","max-snippet":"max-snippet:-1","max-image-preview":"max-image-preview:large","max-video-preview":"max-video-preview:-1"},"canonical":"https:\/\/williamchevillon.fr\/index.php\/2024\/02\/25\/les-1-des-lycees-herriot-et-piobetta-a-la-roche-sur-yon\/","og_locale":"fr_FR","og_type":"article","og_title":"Les 1 % des lyc\u00e9es Herriot et Piobetta \u00e0 La Roche-sur-Yon","og_description":"Les 1 % des lyc\u00e9es Herriot et Piobetta \u00e0 La Roche-sur-Yon Propos culturels William Chevillon Propos culturels","og_url":"https:\/\/williamchevillon.fr\/index.php\/2024\/02\/25\/les-1-des-lycees-herriot-et-piobetta-a-la-roche-sur-yon\/","og_site_name":"William Chevillon","article_publisher":"https:\/\/www.facebook.com\/WilliamChevillonPro","article_published_time":"2024-02-25T18:40:37+00:00","article_modified_time":"2024-03-28T13:10:28+00:00","og_image":[{"width":576,"height":639,"url":"https:\/\/williamchevillon.fr\/wp-content\/uploads\/2024\/02\/Schwenck-1.png","type":"image\/png"}],"author":"William Chevillon","twitter_card":"summary_large_image","twitter_title":"Les 1 % des lyc\u00e9es Herriot et Piobetta \u00e0 La Roche-sur-Yon","twitter_image":"https:\/\/williamchevillon.fr\/wp-content\/uploads\/2024\/02\/Schwenck-1.png","twitter_misc":{"\u00c9crit par":"William Chevillon","Dur\u00e9e de lecture estim\u00e9e":"6 minutes"},"schema":{"@context":"https:\/\/schema.org","@graph":[{"@type":"Article","@id":"https:\/\/williamchevillon.fr\/index.php\/2024\/02\/25\/les-1-des-lycees-herriot-et-piobetta-a-la-roche-sur-yon\/#article","isPartOf":{"@id":"https:\/\/williamchevillon.fr\/index.php\/2024\/02\/25\/les-1-des-lycees-herriot-et-piobetta-a-la-roche-sur-yon\/"},"author":{"name":"William Chevillon","@id":"https:\/\/williamchevillon.fr\/#\/schema\/person\/eb30f03250952b7079f827caba706872"},"headline":"Les 1 % des lyc\u00e9es Herriot et Piobetta \u00e0 La Roche-sur-Yon","datePublished":"2024-02-25T18:40:37+00:00","dateModified":"2024-03-28T13:10:28+00:00","mainEntityOfPage":{"@id":"https:\/\/williamchevillon.fr\/index.php\/2024\/02\/25\/les-1-des-lycees-herriot-et-piobetta-a-la-roche-sur-yon\/"},"wordCount":1081,"commentCount":1,"publisher":{"@id":"https:\/\/williamchevillon.fr\/#organization"},"image":{"@id":"https:\/\/williamchevillon.fr\/index.php\/2024\/02\/25\/les-1-des-lycees-herriot-et-piobetta-a-la-roche-sur-yon\/#primaryimage"},"thumbnailUrl":"https:\/\/williamchevillon.fr\/wp-content\/uploads\/2024\/02\/Schwenck-1.png","keywords":["art contemporain","La Roche-sur-Yon"],"articleSection":["Propos culturels"],"inLanguage":"fr-FR","potentialAction":[{"@type":"CommentAction","name":"Comment","target":["https:\/\/williamchevillon.fr\/index.php\/2024\/02\/25\/les-1-des-lycees-herriot-et-piobetta-a-la-roche-sur-yon\/#respond"]}]},{"@type":"WebPage","@id":"https:\/\/williamchevillon.fr\/index.php\/2024\/02\/25\/les-1-des-lycees-herriot-et-piobetta-a-la-roche-sur-yon\/","url":"https:\/\/williamchevillon.fr\/index.php\/2024\/02\/25\/les-1-des-lycees-herriot-et-piobetta-a-la-roche-sur-yon\/","name":"Les 1 % des lyc\u00e9es Herriot et Piobetta \u00e0 La Roche-sur-Yon - William Chevillon","isPartOf":{"@id":"https:\/\/williamchevillon.fr\/#website"},"primaryImageOfPage":{"@id":"https:\/\/williamchevillon.fr\/index.php\/2024\/02\/25\/les-1-des-lycees-herriot-et-piobetta-a-la-roche-sur-yon\/#primaryimage"},"image":{"@id":"https:\/\/williamchevillon.fr\/index.php\/2024\/02\/25\/les-1-des-lycees-herriot-et-piobetta-a-la-roche-sur-yon\/#primaryimage"},"thumbnailUrl":"https:\/\/williamchevillon.fr\/wp-content\/uploads\/2024\/02\/Schwenck-1.png","datePublished":"2024-02-25T18:40:37+00:00","dateModified":"2024-03-28T13:10:28+00:00","description":"Les 1 % des lyc\u00e9es Herriot et Piobetta \u00e0 La Roche-sur-Yon Propos culturels William Chevillon Propos culturels","breadcrumb":{"@id":"https:\/\/williamchevillon.fr\/index.php\/2024\/02\/25\/les-1-des-lycees-herriot-et-piobetta-a-la-roche-sur-yon\/#breadcrumb"},"inLanguage":"fr-FR","potentialAction":[{"@type":"ReadAction","target":["https:\/\/williamchevillon.fr\/index.php\/2024\/02\/25\/les-1-des-lycees-herriot-et-piobetta-a-la-roche-sur-yon\/"]}]},{"@type":"ImageObject","inLanguage":"fr-FR","@id":"https:\/\/williamchevillon.fr\/index.php\/2024\/02\/25\/les-1-des-lycees-herriot-et-piobetta-a-la-roche-sur-yon\/#primaryimage","url":"https:\/\/williamchevillon.fr\/wp-content\/uploads\/2024\/02\/Schwenck-1.png","contentUrl":"https:\/\/williamchevillon.fr\/wp-content\/uploads\/2024\/02\/Schwenck-1.png","width":576,"height":639,"caption":"Coupure de Ouest-France en date du 8 octobre 1960. \u0152uvre de Marthe Baumel-Schwenck"},{"@type":"BreadcrumbList","@id":"https:\/\/williamchevillon.fr\/index.php\/2024\/02\/25\/les-1-des-lycees-herriot-et-piobetta-a-la-roche-sur-yon\/#breadcrumb","itemListElement":[{"@type":"ListItem","position":1,"name":"Accueil","item":"https:\/\/williamchevillon.fr\/"},{"@type":"ListItem","position":2,"name":"Les 1 % des lyc\u00e9es Herriot et Piobetta \u00e0 La Roche-sur-Yon"}]},{"@type":"WebSite","@id":"https:\/\/williamchevillon.fr\/#website","url":"https:\/\/williamchevillon.fr\/","name":"William Chevillon","description":"\u00ab Il n&#039;est pas dit qu&#039;en \u00e9crivant on assure le salut de son \u00e2me. \u00bb Italo Calvino","publisher":{"@id":"https:\/\/williamchevillon.fr\/#organization"},"potentialAction":[{"@type":"SearchAction","target":{"@type":"EntryPoint","urlTemplate":"https:\/\/williamchevillon.fr\/?s={search_term_string}"},"query-input":{"@type":"PropertyValueSpecification","valueRequired":true,"valueName":"search_term_string"}}],"inLanguage":"fr-FR"},{"@type":"Organization","@id":"https:\/\/williamchevillon.fr\/#organization","name":"William Chevillon","url":"https:\/\/williamchevillon.fr\/","logo":{"@type":"ImageObject","inLanguage":"fr-FR","@id":"https:\/\/williamchevillon.fr\/#\/schema\/logo\/image\/","url":"https:\/\/williamchevillon.fr\/wp-content\/uploads\/2023\/03\/26881283122_9faaa7b2c2_k.jpg","contentUrl":"https:\/\/williamchevillon.fr\/wp-content\/uploads\/2023\/03\/26881283122_9faaa7b2c2_k.jpg","width":2048,"height":1153,"caption":"William Chevillon"},"image":{"@id":"https:\/\/williamchevillon.fr\/#\/schema\/logo\/image\/"},"sameAs":["https:\/\/www.facebook.com\/WilliamChevillonPro","https:\/\/instagram.com\/chevillonw"]},{"@type":"Person","@id":"https:\/\/williamchevillon.fr\/#\/schema\/person\/eb30f03250952b7079f827caba706872","name":"William Chevillon","image":{"@type":"ImageObject","inLanguage":"fr-FR","@id":"https:\/\/secure.gravatar.com\/avatar\/d626b7752353789d21ea6ba008e34f538a0be7ecef0a6eefbf15acabdb28c0b9?s=96&d=mm&r=g","url":"https:\/\/secure.gravatar.com\/avatar\/d626b7752353789d21ea6ba008e34f538a0be7ecef0a6eefbf15acabdb28c0b9?s=96&d=mm&r=g","contentUrl":"https:\/\/secure.gravatar.com\/avatar\/d626b7752353789d21ea6ba008e34f538a0be7ecef0a6eefbf15acabdb28c0b9?s=96&d=mm&r=g","caption":"William Chevillon"},"description":"Chercheur, artiste-auteur et m\u00e9diateur culturel attir\u00e9 par le spectacle vivant, l\u2019art contemporain, le patrimoine et les paysages.","sameAs":["https:\/\/williamchevillon.fr"],"url":"https:\/\/williamchevillon.fr\/index.php\/author\/admin2960\/"}]}},"_links":{"self":[{"href":"https:\/\/williamchevillon.fr\/index.php\/wp-json\/wp\/v2\/posts\/759","targetHints":{"allow":["GET"]}}],"collection":[{"href":"https:\/\/williamchevillon.fr\/index.php\/wp-json\/wp\/v2\/posts"}],"about":[{"href":"https:\/\/williamchevillon.fr\/index.php\/wp-json\/wp\/v2\/types\/post"}],"author":[{"embeddable":true,"href":"https:\/\/williamchevillon.fr\/index.php\/wp-json\/wp\/v2\/users\/1"}],"replies":[{"embeddable":true,"href":"https:\/\/williamchevillon.fr\/index.php\/wp-json\/wp\/v2\/comments?post=759"}],"version-history":[{"count":4,"href":"https:\/\/williamchevillon.fr\/index.php\/wp-json\/wp\/v2\/posts\/759\/revisions"}],"predecessor-version":[{"id":778,"href":"https:\/\/williamchevillon.fr\/index.php\/wp-json\/wp\/v2\/posts\/759\/revisions\/778"}],"wp:featuredmedia":[{"embeddable":true,"href":"https:\/\/williamchevillon.fr\/index.php\/wp-json\/wp\/v2\/media\/760"}],"wp:attachment":[{"href":"https:\/\/williamchevillon.fr\/index.php\/wp-json\/wp\/v2\/media?parent=759"}],"wp:term":[{"taxonomy":"category","embeddable":true,"href":"https:\/\/williamchevillon.fr\/index.php\/wp-json\/wp\/v2\/categories?post=759"},{"taxonomy":"post_tag","embeddable":true,"href":"https:\/\/williamchevillon.fr\/index.php\/wp-json\/wp\/v2\/tags?post=759"}],"curies":[{"name":"wp","href":"https:\/\/api.w.org\/{rel}","templated":true}]}}