{"id":727,"date":"2023-10-16T18:51:47","date_gmt":"2023-10-16T16:51:47","guid":{"rendered":"https:\/\/williamchevillon.fr\/?p=727"},"modified":"2023-10-16T19:08:42","modified_gmt":"2023-10-16T17:08:42","slug":"une-ville-pour-y-colorier","status":"publish","type":"post","link":"https:\/\/williamchevillon.fr\/index.php\/2023\/10\/16\/une-ville-pour-y-colorier\/","title":{"rendered":"Une ville pour y colorier"},"content":{"rendered":"\n<figure class=\"wp-block-image size-large\"><img fetchpriority=\"high\" decoding=\"async\" width=\"1024\" height=\"768\" src=\"https:\/\/williamchevillon.fr\/wp-content\/uploads\/2023\/10\/WhatsApp-Image-2023-10-16-at-6.38.30-PM-1024x768.jpeg\" alt=\"\" class=\"wp-image-728\" srcset=\"https:\/\/williamchevillon.fr\/wp-content\/uploads\/2023\/10\/WhatsApp-Image-2023-10-16-at-6.38.30-PM-1024x768.jpeg 1024w, https:\/\/williamchevillon.fr\/wp-content\/uploads\/2023\/10\/WhatsApp-Image-2023-10-16-at-6.38.30-PM-300x225.jpeg 300w, https:\/\/williamchevillon.fr\/wp-content\/uploads\/2023\/10\/WhatsApp-Image-2023-10-16-at-6.38.30-PM-768x576.jpeg 768w, https:\/\/williamchevillon.fr\/wp-content\/uploads\/2023\/10\/WhatsApp-Image-2023-10-16-at-6.38.30-PM-1536x1152.jpeg 1536w, https:\/\/williamchevillon.fr\/wp-content\/uploads\/2023\/10\/WhatsApp-Image-2023-10-16-at-6.38.30-PM-1200x900.jpeg 1200w, https:\/\/williamchevillon.fr\/wp-content\/uploads\/2023\/10\/WhatsApp-Image-2023-10-16-at-6.38.30-PM.jpeg 1600w\" sizes=\"(max-width: 1024px) 100vw, 1024px\" \/><\/figure>\n\n\n\n<p>Cette ville est une id\u00e9e que je me fais. Il n\u2019est pas question de beau ou de moins beau, le sujet principal ici est la respiration&nbsp;: l\u2019espace laiss\u00e9 au ciel par le plan aussi furtif que radical, celui des raides perspectives se confondant avec le lointain, le lieu de l\u2019intime aussi.<\/p>\n\n\n\n<p>Il est 21h43 lorsque je re\u00e7ois l\u2019appel d\u2019Alexandre. Le regard tourn\u00e9 vers la statue \u00e9questre je ne per\u00e7ois pas encore que je vais avoir besoin des trois hectares vides qui s\u2019ouvrent \u00e0 moi. Le coup de fil est une d\u00e9ferlante. Un num\u00e9ro inconnu, je r\u00e9ponds et deux heures durant Alexandre me parle sans que je puisse vraiment en placer une. Nous nous sommes rencontr\u00e9s en 2016 sur une aire d\u2019autoroute, je l\u2019ai d\u00e9pos\u00e9 \u00e0 l\u2019aire suivante, nous avons discut\u00e9, je lui ai donn\u00e9 cinq euros et mon num\u00e9ro, nous ne nous sommes pas revus. L\u2019histoire aurait pu s\u2019arr\u00eater ainsi mais Alexandre m\u2019appelle. Il a choisi de vivre sur le domaine autoroutier et cela me pla\u00eet. En boucle il me parle, se r\u00e9p\u00e8te et recommence&nbsp;: son forfait Mobicarte qui lui permet de passer des coups de fil apr\u00e8s 21h, la trilogie qu\u2019il a \u00e9crite sur des carnets ou au dos de brochures touristiques, les gens de l\u2019autoroute, son souvenir exact de ce que je faisais en 2016, ses cinquante ans \u00e0 venir, re-son forfait Mobicarte\u2026 Il se parle \u00e0 lui-m\u00eame et je ne comprends pas le sens de tout ce qu\u2019il raconte. Je l\u2019\u00e9coute mais je ne sais pas quoi faire de cela. En une fraction de secondes il a pris toute la place dans mon esprit, je me r\u00e9jouis et dans le m\u00eame temps je cherche une prise sur ce monologue qui pourrait ne pas cesser. J\u2019\u00e9coute, j\u2019entends, j\u2019attends et je finis par renoncer. Sa maison c\u2019est dehors, j\u2019y suis alors je d\u00e9cide de tout confier au vaste espace. Il en vient \u00e0 raccrocher et je sais qu\u2019il rappellera quelques jours ou ann\u00e9es plus tard.<\/p>\n\n\n\n<p>Dans cette ville sans ornements l\u2019esprit cr\u00e9e ses propres mod\u00e9natures. Ce soir-l\u00e0 je d\u00e9cide que la vue de la statue \u00e9questre depuis un banc de la place sera associ\u00e9e \u00e0 ce souvenir. Et de souvenirs il est question lorsque je revois la premi\u00e8re image que je me suis faite du lieu&nbsp;: la longue perc\u00e9e sud-nord avec un canasson de bronze \u00e0 l\u2019extr\u00e9mit\u00e9. En passant pr\u00e8s de la mairie je me souviens d\u2019avoir \u00e9t\u00e9 quitt\u00e9 par SMS ici-m\u00eame au beau milieu du mois d\u2019ao\u00fbt, marchant direction Saumur je rentrais de ma premi\u00e8re nuit sans sommeil, descendant la rue depuis l\u2019\u00e9glise j\u2019ai pleur\u00e9 apr\u00e8s qu\u2019un amour de quelques semaines a d\u00e9cid\u00e9 de prendre cong\u00e9, rue de Verdun c\u2019est un extraordinaire lever de Lune que je rattache au gar\u00e7on de la rue pr\u00e9c\u00e9dente, sur la place derri\u00e8re la gare j\u2019ai lu <em>Vol de nuit<\/em> de Saint-Exup\u00e9ry, ici et partout ailleurs j\u2019ai regard\u00e9 le ciel \u00e0 n\u2019importe quelle heure du jour et du soir\u2026 Je remplis les cases du damier sans avoir l\u2019impression d\u2019arriver au bout de mon coloriage. Je repasse au-dessus, j\u2019ajoute des gommettes et en pointill\u00e9s je passe \u00e0 la page suivante. En toute ville mes yeux ne connaissent le repos ; nous nous \u00e9pions et je finis par la toucher comme on apprivoise un vieux chat m\u00e9fiant. Souvent je crains la suite et la feuille o\u00f9 tout est \u00e0 colorier, pourtant elle m\u2019appelle et avec force je sais ce dont j\u2019ai besoin&nbsp;: un lieu ou respirer pour tout y d\u00e9poser.<\/p>\n\n\n\n<blockquote class=\"wp-block-quote is-layout-flow wp-block-quote-is-layout-flow\">\n<div class=\"wp-block-group\"><div class=\"wp-block-group__inner-container is-layout-constrained wp-block-group-is-layout-constrained\">\n<div class=\"wp-block-group\"><div class=\"wp-block-group__inner-container is-layout-constrained wp-block-group-is-layout-constrained\">\n<p>Mais moi je ne veux pas que tu t&rsquo;arrondisses.<\/p>\n\n\n\n<p>Je veux contre toi toujours me heurter.<\/p>\n\n\n\n<p>Laisse, laisse-moi tous les pr\u00e9cipices<\/p>\n\n\n\n<p>que sous mes pas l&rsquo;amour va susciter.<\/p>\n\n\n\n<p>Je n&rsquo; veux pas de pont, je veux des rivi\u00e8res,<\/p>\n\n\n\n<p>je veux des torrents o\u00f9 tourbillonner.<\/p>\n\n\n\n<p>Je veux cette vie, je la veux enti\u00e8re,<\/p>\n\n\n\n<p>m\u00eame si mon c\u0153ur y doit suffoquer.<\/p>\n<\/div><\/div>\n<\/div><\/div>\n<cite>Anne Sylvestre<\/cite><\/blockquote>\n","protected":false},"excerpt":{"rendered":"<p>Cette ville est une id\u00e9e que je me fais. Il n\u2019est pas question de beau ou de moins beau, le sujet principal ici est la respiration&nbsp;: l\u2019espace laiss\u00e9 au ciel par le plan aussi furtif que radical, celui des raides perspectives se confondant avec le lointain, le lieu de l\u2019intime aussi. Il est 21h43 lorsque [&hellip;]<\/p>\n","protected":false},"author":1,"featured_media":0,"comment_status":"open","ping_status":"open","sticky":false,"template":"","format":"standard","meta":{"footnotes":""},"categories":[6],"tags":[],"class_list":["post-727","post","type-post","status-publish","format-standard","hentry","category-fragments"],"yoast_head":"<!-- This site is optimized with the Yoast SEO plugin v27.5 - https:\/\/yoast.com\/product\/yoast-seo-wordpress\/ -->\n<title>Une ville pour y colorier - William Chevillon<\/title>\n<meta name=\"description\" content=\"Une ville pour y colorier Fragments \u00e9crits - Journal William Chevillon\" \/>\n<meta name=\"robots\" content=\"index, follow, max-snippet:-1, max-image-preview:large, max-video-preview:-1\" \/>\n<link rel=\"canonical\" href=\"https:\/\/williamchevillon.fr\/index.php\/2023\/10\/16\/une-ville-pour-y-colorier\/\" \/>\n<meta property=\"og:locale\" content=\"fr_FR\" \/>\n<meta property=\"og:type\" content=\"article\" \/>\n<meta property=\"og:title\" content=\"Une ville pour y colorier\" \/>\n<meta property=\"og:description\" content=\"Cette ville est une id\u00e9e que je me fais. Il n\u2019est pas question de beau ou de moins beau, le sujet principal ici est la respiration : l\u2019espace laiss\u00e9 au ciel par le plan aussi furtif que radical, celui des raides perspectives se confondant avec le lointain, le lieu de l\u2019intime aussi.\" \/>\n<meta property=\"og:url\" content=\"https:\/\/williamchevillon.fr\/index.php\/2023\/10\/16\/une-ville-pour-y-colorier\/\" \/>\n<meta property=\"og:site_name\" content=\"William Chevillon\" \/>\n<meta property=\"article:publisher\" content=\"https:\/\/www.facebook.com\/WilliamChevillonPro\" \/>\n<meta property=\"article:published_time\" content=\"2023-10-16T16:51:47+00:00\" \/>\n<meta property=\"article:modified_time\" content=\"2023-10-16T17:08:42+00:00\" \/>\n<meta property=\"og:image\" content=\"https:\/\/williamchevillon.fr\/wp-content\/uploads\/2023\/10\/WhatsApp-Image-2023-10-16-at-6.38.30-PM.jpeg\" \/>\n\t<meta property=\"og:image:width\" content=\"1600\" \/>\n\t<meta property=\"og:image:height\" content=\"1200\" \/>\n\t<meta property=\"og:image:type\" content=\"image\/jpeg\" \/>\n<meta name=\"author\" content=\"William Chevillon\" \/>\n<meta name=\"twitter:card\" content=\"summary_large_image\" \/>\n<meta name=\"twitter:label1\" content=\"\u00c9crit par\" \/>\n\t<meta name=\"twitter:data1\" content=\"William Chevillon\" \/>\n\t<meta name=\"twitter:label2\" content=\"Dur\u00e9e de lecture estim\u00e9e\" \/>\n\t<meta name=\"twitter:data2\" content=\"4 minutes\" \/>\n<script type=\"application\/ld+json\" class=\"yoast-schema-graph\">{\"@context\":\"https:\\\/\\\/schema.org\",\"@graph\":[{\"@type\":\"Article\",\"@id\":\"https:\\\/\\\/williamchevillon.fr\\\/index.php\\\/2023\\\/10\\\/16\\\/une-ville-pour-y-colorier\\\/#article\",\"isPartOf\":{\"@id\":\"https:\\\/\\\/williamchevillon.fr\\\/index.php\\\/2023\\\/10\\\/16\\\/une-ville-pour-y-colorier\\\/\"},\"author\":{\"name\":\"William Chevillon\",\"@id\":\"https:\\\/\\\/williamchevillon.fr\\\/#\\\/schema\\\/person\\\/eb30f03250952b7079f827caba706872\"},\"headline\":\"Une ville pour y colorier\",\"datePublished\":\"2023-10-16T16:51:47+00:00\",\"dateModified\":\"2023-10-16T17:08:42+00:00\",\"mainEntityOfPage\":{\"@id\":\"https:\\\/\\\/williamchevillon.fr\\\/index.php\\\/2023\\\/10\\\/16\\\/une-ville-pour-y-colorier\\\/\"},\"wordCount\":717,\"commentCount\":0,\"publisher\":{\"@id\":\"https:\\\/\\\/williamchevillon.fr\\\/#organization\"},\"image\":{\"@id\":\"https:\\\/\\\/williamchevillon.fr\\\/index.php\\\/2023\\\/10\\\/16\\\/une-ville-pour-y-colorier\\\/#primaryimage\"},\"thumbnailUrl\":\"https:\\\/\\\/williamchevillon.fr\\\/wp-content\\\/uploads\\\/2023\\\/10\\\/WhatsApp-Image-2023-10-16-at-6.38.30-PM-1024x768.jpeg\",\"articleSection\":[\"Fragments \u00e9crits - Journal\"],\"inLanguage\":\"fr-FR\",\"potentialAction\":[{\"@type\":\"CommentAction\",\"name\":\"Comment\",\"target\":[\"https:\\\/\\\/williamchevillon.fr\\\/index.php\\\/2023\\\/10\\\/16\\\/une-ville-pour-y-colorier\\\/#respond\"]}]},{\"@type\":\"WebPage\",\"@id\":\"https:\\\/\\\/williamchevillon.fr\\\/index.php\\\/2023\\\/10\\\/16\\\/une-ville-pour-y-colorier\\\/\",\"url\":\"https:\\\/\\\/williamchevillon.fr\\\/index.php\\\/2023\\\/10\\\/16\\\/une-ville-pour-y-colorier\\\/\",\"name\":\"Une ville pour y colorier - William Chevillon\",\"isPartOf\":{\"@id\":\"https:\\\/\\\/williamchevillon.fr\\\/#website\"},\"primaryImageOfPage\":{\"@id\":\"https:\\\/\\\/williamchevillon.fr\\\/index.php\\\/2023\\\/10\\\/16\\\/une-ville-pour-y-colorier\\\/#primaryimage\"},\"image\":{\"@id\":\"https:\\\/\\\/williamchevillon.fr\\\/index.php\\\/2023\\\/10\\\/16\\\/une-ville-pour-y-colorier\\\/#primaryimage\"},\"thumbnailUrl\":\"https:\\\/\\\/williamchevillon.fr\\\/wp-content\\\/uploads\\\/2023\\\/10\\\/WhatsApp-Image-2023-10-16-at-6.38.30-PM-1024x768.jpeg\",\"datePublished\":\"2023-10-16T16:51:47+00:00\",\"dateModified\":\"2023-10-16T17:08:42+00:00\",\"description\":\"Une ville pour y colorier Fragments \u00e9crits - Journal William Chevillon\",\"breadcrumb\":{\"@id\":\"https:\\\/\\\/williamchevillon.fr\\\/index.php\\\/2023\\\/10\\\/16\\\/une-ville-pour-y-colorier\\\/#breadcrumb\"},\"inLanguage\":\"fr-FR\",\"potentialAction\":[{\"@type\":\"ReadAction\",\"target\":[\"https:\\\/\\\/williamchevillon.fr\\\/index.php\\\/2023\\\/10\\\/16\\\/une-ville-pour-y-colorier\\\/\"]}]},{\"@type\":\"ImageObject\",\"inLanguage\":\"fr-FR\",\"@id\":\"https:\\\/\\\/williamchevillon.fr\\\/index.php\\\/2023\\\/10\\\/16\\\/une-ville-pour-y-colorier\\\/#primaryimage\",\"url\":\"https:\\\/\\\/williamchevillon.fr\\\/wp-content\\\/uploads\\\/2023\\\/10\\\/WhatsApp-Image-2023-10-16-at-6.38.30-PM.jpeg\",\"contentUrl\":\"https:\\\/\\\/williamchevillon.fr\\\/wp-content\\\/uploads\\\/2023\\\/10\\\/WhatsApp-Image-2023-10-16-at-6.38.30-PM.jpeg\",\"width\":1600,\"height\":1200},{\"@type\":\"BreadcrumbList\",\"@id\":\"https:\\\/\\\/williamchevillon.fr\\\/index.php\\\/2023\\\/10\\\/16\\\/une-ville-pour-y-colorier\\\/#breadcrumb\",\"itemListElement\":[{\"@type\":\"ListItem\",\"position\":1,\"name\":\"Accueil\",\"item\":\"https:\\\/\\\/williamchevillon.fr\\\/\"},{\"@type\":\"ListItem\",\"position\":2,\"name\":\"Une ville pour y colorier\"}]},{\"@type\":\"WebSite\",\"@id\":\"https:\\\/\\\/williamchevillon.fr\\\/#website\",\"url\":\"https:\\\/\\\/williamchevillon.fr\\\/\",\"name\":\"William Chevillon\",\"description\":\"\u00ab Il n&#039;est pas dit qu&#039;en \u00e9crivant on assure le salut de son \u00e2me. \u00bb Italo Calvino\",\"publisher\":{\"@id\":\"https:\\\/\\\/williamchevillon.fr\\\/#organization\"},\"potentialAction\":[{\"@type\":\"SearchAction\",\"target\":{\"@type\":\"EntryPoint\",\"urlTemplate\":\"https:\\\/\\\/williamchevillon.fr\\\/?s={search_term_string}\"},\"query-input\":{\"@type\":\"PropertyValueSpecification\",\"valueRequired\":true,\"valueName\":\"search_term_string\"}}],\"inLanguage\":\"fr-FR\"},{\"@type\":\"Organization\",\"@id\":\"https:\\\/\\\/williamchevillon.fr\\\/#organization\",\"name\":\"William Chevillon\",\"url\":\"https:\\\/\\\/williamchevillon.fr\\\/\",\"logo\":{\"@type\":\"ImageObject\",\"inLanguage\":\"fr-FR\",\"@id\":\"https:\\\/\\\/williamchevillon.fr\\\/#\\\/schema\\\/logo\\\/image\\\/\",\"url\":\"https:\\\/\\\/williamchevillon.fr\\\/wp-content\\\/uploads\\\/2023\\\/03\\\/26881283122_9faaa7b2c2_k.jpg\",\"contentUrl\":\"https:\\\/\\\/williamchevillon.fr\\\/wp-content\\\/uploads\\\/2023\\\/03\\\/26881283122_9faaa7b2c2_k.jpg\",\"width\":2048,\"height\":1153,\"caption\":\"William Chevillon\"},\"image\":{\"@id\":\"https:\\\/\\\/williamchevillon.fr\\\/#\\\/schema\\\/logo\\\/image\\\/\"},\"sameAs\":[\"https:\\\/\\\/www.facebook.com\\\/WilliamChevillonPro\",\"https:\\\/\\\/instagram.com\\\/chevillonw\"]},{\"@type\":\"Person\",\"@id\":\"https:\\\/\\\/williamchevillon.fr\\\/#\\\/schema\\\/person\\\/eb30f03250952b7079f827caba706872\",\"name\":\"William Chevillon\",\"image\":{\"@type\":\"ImageObject\",\"inLanguage\":\"fr-FR\",\"@id\":\"https:\\\/\\\/secure.gravatar.com\\\/avatar\\\/d626b7752353789d21ea6ba008e34f538a0be7ecef0a6eefbf15acabdb28c0b9?s=96&d=mm&r=g\",\"url\":\"https:\\\/\\\/secure.gravatar.com\\\/avatar\\\/d626b7752353789d21ea6ba008e34f538a0be7ecef0a6eefbf15acabdb28c0b9?s=96&d=mm&r=g\",\"contentUrl\":\"https:\\\/\\\/secure.gravatar.com\\\/avatar\\\/d626b7752353789d21ea6ba008e34f538a0be7ecef0a6eefbf15acabdb28c0b9?s=96&d=mm&r=g\",\"caption\":\"William Chevillon\"},\"description\":\"Chercheur, artiste-auteur et m\u00e9diateur culturel attir\u00e9 par le spectacle vivant, l\u2019art contemporain, le patrimoine et les paysages.\",\"sameAs\":[\"https:\\\/\\\/williamchevillon.fr\"],\"url\":\"https:\\\/\\\/williamchevillon.fr\\\/index.php\\\/author\\\/admin2960\\\/\"}]}<\/script>\n<!-- \/ Yoast SEO plugin. -->","yoast_head_json":{"title":"Une ville pour y colorier - William Chevillon","description":"Une ville pour y colorier Fragments \u00e9crits - Journal William Chevillon","robots":{"index":"index","follow":"follow","max-snippet":"max-snippet:-1","max-image-preview":"max-image-preview:large","max-video-preview":"max-video-preview:-1"},"canonical":"https:\/\/williamchevillon.fr\/index.php\/2023\/10\/16\/une-ville-pour-y-colorier\/","og_locale":"fr_FR","og_type":"article","og_title":"Une ville pour y colorier","og_description":"Cette ville est une id\u00e9e que je me fais. Il n\u2019est pas question de beau ou de moins beau, le sujet principal ici est la respiration : l\u2019espace laiss\u00e9 au ciel par le plan aussi furtif que radical, celui des raides perspectives se confondant avec le lointain, le lieu de l\u2019intime aussi.","og_url":"https:\/\/williamchevillon.fr\/index.php\/2023\/10\/16\/une-ville-pour-y-colorier\/","og_site_name":"William Chevillon","article_publisher":"https:\/\/www.facebook.com\/WilliamChevillonPro","article_published_time":"2023-10-16T16:51:47+00:00","article_modified_time":"2023-10-16T17:08:42+00:00","og_image":[{"width":1600,"height":1200,"url":"https:\/\/williamchevillon.fr\/wp-content\/uploads\/2023\/10\/WhatsApp-Image-2023-10-16-at-6.38.30-PM.jpeg","type":"image\/jpeg"}],"author":"William Chevillon","twitter_card":"summary_large_image","twitter_misc":{"\u00c9crit par":"William Chevillon","Dur\u00e9e de lecture estim\u00e9e":"4 minutes"},"schema":{"@context":"https:\/\/schema.org","@graph":[{"@type":"Article","@id":"https:\/\/williamchevillon.fr\/index.php\/2023\/10\/16\/une-ville-pour-y-colorier\/#article","isPartOf":{"@id":"https:\/\/williamchevillon.fr\/index.php\/2023\/10\/16\/une-ville-pour-y-colorier\/"},"author":{"name":"William Chevillon","@id":"https:\/\/williamchevillon.fr\/#\/schema\/person\/eb30f03250952b7079f827caba706872"},"headline":"Une ville pour y colorier","datePublished":"2023-10-16T16:51:47+00:00","dateModified":"2023-10-16T17:08:42+00:00","mainEntityOfPage":{"@id":"https:\/\/williamchevillon.fr\/index.php\/2023\/10\/16\/une-ville-pour-y-colorier\/"},"wordCount":717,"commentCount":0,"publisher":{"@id":"https:\/\/williamchevillon.fr\/#organization"},"image":{"@id":"https:\/\/williamchevillon.fr\/index.php\/2023\/10\/16\/une-ville-pour-y-colorier\/#primaryimage"},"thumbnailUrl":"https:\/\/williamchevillon.fr\/wp-content\/uploads\/2023\/10\/WhatsApp-Image-2023-10-16-at-6.38.30-PM-1024x768.jpeg","articleSection":["Fragments \u00e9crits - Journal"],"inLanguage":"fr-FR","potentialAction":[{"@type":"CommentAction","name":"Comment","target":["https:\/\/williamchevillon.fr\/index.php\/2023\/10\/16\/une-ville-pour-y-colorier\/#respond"]}]},{"@type":"WebPage","@id":"https:\/\/williamchevillon.fr\/index.php\/2023\/10\/16\/une-ville-pour-y-colorier\/","url":"https:\/\/williamchevillon.fr\/index.php\/2023\/10\/16\/une-ville-pour-y-colorier\/","name":"Une ville pour y colorier - William Chevillon","isPartOf":{"@id":"https:\/\/williamchevillon.fr\/#website"},"primaryImageOfPage":{"@id":"https:\/\/williamchevillon.fr\/index.php\/2023\/10\/16\/une-ville-pour-y-colorier\/#primaryimage"},"image":{"@id":"https:\/\/williamchevillon.fr\/index.php\/2023\/10\/16\/une-ville-pour-y-colorier\/#primaryimage"},"thumbnailUrl":"https:\/\/williamchevillon.fr\/wp-content\/uploads\/2023\/10\/WhatsApp-Image-2023-10-16-at-6.38.30-PM-1024x768.jpeg","datePublished":"2023-10-16T16:51:47+00:00","dateModified":"2023-10-16T17:08:42+00:00","description":"Une ville pour y colorier Fragments \u00e9crits - Journal William Chevillon","breadcrumb":{"@id":"https:\/\/williamchevillon.fr\/index.php\/2023\/10\/16\/une-ville-pour-y-colorier\/#breadcrumb"},"inLanguage":"fr-FR","potentialAction":[{"@type":"ReadAction","target":["https:\/\/williamchevillon.fr\/index.php\/2023\/10\/16\/une-ville-pour-y-colorier\/"]}]},{"@type":"ImageObject","inLanguage":"fr-FR","@id":"https:\/\/williamchevillon.fr\/index.php\/2023\/10\/16\/une-ville-pour-y-colorier\/#primaryimage","url":"https:\/\/williamchevillon.fr\/wp-content\/uploads\/2023\/10\/WhatsApp-Image-2023-10-16-at-6.38.30-PM.jpeg","contentUrl":"https:\/\/williamchevillon.fr\/wp-content\/uploads\/2023\/10\/WhatsApp-Image-2023-10-16-at-6.38.30-PM.jpeg","width":1600,"height":1200},{"@type":"BreadcrumbList","@id":"https:\/\/williamchevillon.fr\/index.php\/2023\/10\/16\/une-ville-pour-y-colorier\/#breadcrumb","itemListElement":[{"@type":"ListItem","position":1,"name":"Accueil","item":"https:\/\/williamchevillon.fr\/"},{"@type":"ListItem","position":2,"name":"Une ville pour y colorier"}]},{"@type":"WebSite","@id":"https:\/\/williamchevillon.fr\/#website","url":"https:\/\/williamchevillon.fr\/","name":"William Chevillon","description":"\u00ab Il n&#039;est pas dit qu&#039;en \u00e9crivant on assure le salut de son \u00e2me. \u00bb Italo Calvino","publisher":{"@id":"https:\/\/williamchevillon.fr\/#organization"},"potentialAction":[{"@type":"SearchAction","target":{"@type":"EntryPoint","urlTemplate":"https:\/\/williamchevillon.fr\/?s={search_term_string}"},"query-input":{"@type":"PropertyValueSpecification","valueRequired":true,"valueName":"search_term_string"}}],"inLanguage":"fr-FR"},{"@type":"Organization","@id":"https:\/\/williamchevillon.fr\/#organization","name":"William Chevillon","url":"https:\/\/williamchevillon.fr\/","logo":{"@type":"ImageObject","inLanguage":"fr-FR","@id":"https:\/\/williamchevillon.fr\/#\/schema\/logo\/image\/","url":"https:\/\/williamchevillon.fr\/wp-content\/uploads\/2023\/03\/26881283122_9faaa7b2c2_k.jpg","contentUrl":"https:\/\/williamchevillon.fr\/wp-content\/uploads\/2023\/03\/26881283122_9faaa7b2c2_k.jpg","width":2048,"height":1153,"caption":"William Chevillon"},"image":{"@id":"https:\/\/williamchevillon.fr\/#\/schema\/logo\/image\/"},"sameAs":["https:\/\/www.facebook.com\/WilliamChevillonPro","https:\/\/instagram.com\/chevillonw"]},{"@type":"Person","@id":"https:\/\/williamchevillon.fr\/#\/schema\/person\/eb30f03250952b7079f827caba706872","name":"William Chevillon","image":{"@type":"ImageObject","inLanguage":"fr-FR","@id":"https:\/\/secure.gravatar.com\/avatar\/d626b7752353789d21ea6ba008e34f538a0be7ecef0a6eefbf15acabdb28c0b9?s=96&d=mm&r=g","url":"https:\/\/secure.gravatar.com\/avatar\/d626b7752353789d21ea6ba008e34f538a0be7ecef0a6eefbf15acabdb28c0b9?s=96&d=mm&r=g","contentUrl":"https:\/\/secure.gravatar.com\/avatar\/d626b7752353789d21ea6ba008e34f538a0be7ecef0a6eefbf15acabdb28c0b9?s=96&d=mm&r=g","caption":"William Chevillon"},"description":"Chercheur, artiste-auteur et m\u00e9diateur culturel attir\u00e9 par le spectacle vivant, l\u2019art contemporain, le patrimoine et les paysages.","sameAs":["https:\/\/williamchevillon.fr"],"url":"https:\/\/williamchevillon.fr\/index.php\/author\/admin2960\/"}]}},"_links":{"self":[{"href":"https:\/\/williamchevillon.fr\/index.php\/wp-json\/wp\/v2\/posts\/727","targetHints":{"allow":["GET"]}}],"collection":[{"href":"https:\/\/williamchevillon.fr\/index.php\/wp-json\/wp\/v2\/posts"}],"about":[{"href":"https:\/\/williamchevillon.fr\/index.php\/wp-json\/wp\/v2\/types\/post"}],"author":[{"embeddable":true,"href":"https:\/\/williamchevillon.fr\/index.php\/wp-json\/wp\/v2\/users\/1"}],"replies":[{"embeddable":true,"href":"https:\/\/williamchevillon.fr\/index.php\/wp-json\/wp\/v2\/comments?post=727"}],"version-history":[{"count":3,"href":"https:\/\/williamchevillon.fr\/index.php\/wp-json\/wp\/v2\/posts\/727\/revisions"}],"predecessor-version":[{"id":731,"href":"https:\/\/williamchevillon.fr\/index.php\/wp-json\/wp\/v2\/posts\/727\/revisions\/731"}],"wp:attachment":[{"href":"https:\/\/williamchevillon.fr\/index.php\/wp-json\/wp\/v2\/media?parent=727"}],"wp:term":[{"taxonomy":"category","embeddable":true,"href":"https:\/\/williamchevillon.fr\/index.php\/wp-json\/wp\/v2\/categories?post=727"},{"taxonomy":"post_tag","embeddable":true,"href":"https:\/\/williamchevillon.fr\/index.php\/wp-json\/wp\/v2\/tags?post=727"}],"curies":[{"name":"wp","href":"https:\/\/api.w.org\/{rel}","templated":true}]}}