{"id":706,"date":"2023-09-04T20:42:45","date_gmt":"2023-09-04T18:42:45","guid":{"rendered":"https:\/\/williamchevillon.fr\/?p=706"},"modified":"2023-09-04T20:42:46","modified_gmt":"2023-09-04T18:42:46","slug":"les-voies-que-lon-trace","status":"publish","type":"post","link":"https:\/\/williamchevillon.fr\/index.php\/2023\/09\/04\/les-voies-que-lon-trace\/","title":{"rendered":"Les voies que l&rsquo;on trace"},"content":{"rendered":"\n<figure class=\"wp-block-image size-large\"><img fetchpriority=\"high\" decoding=\"async\" width=\"1024\" height=\"683\" src=\"https:\/\/williamchevillon.fr\/wp-content\/uploads\/2023\/09\/IMG_2627-1024x683.jpg\" alt=\"\" class=\"wp-image-707\" srcset=\"https:\/\/williamchevillon.fr\/wp-content\/uploads\/2023\/09\/IMG_2627-1024x683.jpg 1024w, https:\/\/williamchevillon.fr\/wp-content\/uploads\/2023\/09\/IMG_2627-300x200.jpg 300w, https:\/\/williamchevillon.fr\/wp-content\/uploads\/2023\/09\/IMG_2627-768x512.jpg 768w, https:\/\/williamchevillon.fr\/wp-content\/uploads\/2023\/09\/IMG_2627-1536x1024.jpg 1536w, https:\/\/williamchevillon.fr\/wp-content\/uploads\/2023\/09\/IMG_2627-2048x1365.jpg 2048w, https:\/\/williamchevillon.fr\/wp-content\/uploads\/2023\/09\/IMG_2627-1200x800.jpg 1200w, https:\/\/williamchevillon.fr\/wp-content\/uploads\/2023\/09\/IMG_2627-1980x1320.jpg 1980w\" sizes=\"(max-width: 1024px) 100vw, 1024px\" \/><\/figure>\n\n\n\n<p>Lui, moi. Les gens, ils sont peu nombreux. Il pleut \u00e0 verse, la journ\u00e9e n\u2019est pas termin\u00e9e et le port est plong\u00e9 dans une moiteur baveuse que ne trompe pas le projecteur du d\u00e9p\u00f4t p\u00e9trolier. Tout autour le ciel est pourtant clair. Une lumi\u00e8re enveloppante venue de loin, la clart\u00e9 extravagante des jours de pluie sur le front de mer. Je pense \u00e0 Bernard-Marie Kolt\u00e8s ou bien \u00e0 Anne Sylvestre, je ne sais pas vraiment, tout se t\u00e9lescope. &nbsp;<\/p>\n\n\n\n<p>Lui, moi. Les gens, ils sont peu nombreux. Il pleut \u00e0 verse, le vent venu d\u2019on ne sait plus trop o\u00f9, peut-\u00eatre tourne-t-il, refuse de capituler. Au milieu de l\u2019eau un bateau, il file vers l\u2019ouest, l\u00e0 o\u00f9 l\u2019horizon ne se voit pas, l\u00e0 o\u00f9 l\u2019\u00e9cume et la brume se confondent. Il part avec une certitude qui para\u00eet insolente, celle de ceux qui cheminent \u00e0 juste raison sans attendre le wagon suivant. Tout se t\u00e9lescope, plus tard en revoyant l\u2019image.<\/p>\n\n\n\n<p>Lui, moi. Les gens, ils sont peu nombreux. Il pleut \u00e0 verse, la digue de b\u00e9ton \u00e9merge de l\u2019esplanade. Tir\u00e9e par des forces invisibles la Manche flue et reflue, le bateau ne d\u00e9vie en rien de sa trajectoire. Il y a quelque chose comme une attirance mystique, une absolue conscience qu\u2019il faut tracer cette voie. Je ne pense plus \u00e0 Bernard-Marie Kolt\u00e8s mais plut\u00f4t \u00e0 mon c\u0153ur que j\u2019\u00e9coute se balancer. Tout se t\u00e9lescope, encore.<\/p>\n\n\n\n<p>Lui, moi. Les gens, ils sont peu nombreux. Il pleut \u00e0 verse,&nbsp;sur l\u2019\u00e9cran du moins. Dans le salon j\u2019\u00e9coute Anne Sylvestre. Comme presque tous les jours. Les quais se confondent avec les pommiers de Th\u00e9r\u00e8se, des princesses dorment dans leurs chambres d\u2019or, on pleure et l\u2019on rit parce qu\u2019il faut se jeter \u00e0 l\u2019eau. Les desseins se t\u00e9lescopent avec assurance, c\u2019est ce que raconte d\u00e9sormais cette photographie, c\u2019est ce qu\u2019elle racontait d\u00e9j\u00e0 de moi des semaines en amont.<\/p>\n\n\n\n<p>Lui, moi. Les gens, je ne sais pas s\u2019ils sont nombreux. Il ne pleut pas de hallebardes et on se t\u00e9l\u00e9phone. Lui, il compte, les gens aussi mais d\u2019une autre mani\u00e8re. Comme au premier jour je lui dresse la liste de ce que je veux faire, plus encore je dis aujourd\u2019hui ce que je fais, ce que je vaux aussi. Ma vie, sa vie, celle des gens&nbsp;: tout ce qui gravite, se t\u00e9lescope et poursuit sa propre route. Je b\u00e2tis de nouveaux souvenirs, avec eux j\u2019\u00e9rige des certitudes, je m\u00e8ne mon esquif, j\u2019assemble ce qui n\u2019appartient qu\u2019\u00e0 moi. La voie semble intangible, elle \u00e9tait d\u00e9j\u00e0 trac\u00e9e.<\/p>\n","protected":false},"excerpt":{"rendered":"<p>Lui, moi. Les gens, ils sont peu nombreux. Il pleut \u00e0 verse, la journ\u00e9e n\u2019est pas termin\u00e9e et le port est plong\u00e9 dans une moiteur baveuse que ne trompe pas le projecteur du d\u00e9p\u00f4t p\u00e9trolier. Tout autour le ciel est pourtant clair. Une lumi\u00e8re enveloppante venue de loin, la clart\u00e9 extravagante des jours de pluie [&hellip;]<\/p>\n","protected":false},"author":1,"featured_media":0,"comment_status":"open","ping_status":"open","sticky":false,"template":"","format":"standard","meta":{"footnotes":""},"categories":[6],"tags":[],"class_list":["post-706","post","type-post","status-publish","format-standard","hentry","category-fragments"],"yoast_head":"<!-- This site is optimized with the Yoast SEO plugin v27.5 - https:\/\/yoast.com\/product\/yoast-seo-wordpress\/ -->\n<title>Les voies que l&#039;on trace - William Chevillon<\/title>\n<meta name=\"description\" content=\"Lui, moi. Les gens, ils sont peu nombreux. Il pleut \u00e0 verse, la journ\u00e9e n\u2019est pas termin\u00e9e et le port est plong\u00e9 dans une moiteur baveuse que ne trompe pas le projecteur du d\u00e9p\u00f4t p\u00e9trolier.\" \/>\n<meta name=\"robots\" content=\"index, follow, max-snippet:-1, max-image-preview:large, max-video-preview:-1\" \/>\n<link rel=\"canonical\" href=\"https:\/\/williamchevillon.fr\/index.php\/2023\/09\/04\/les-voies-que-lon-trace\/\" \/>\n<meta property=\"og:locale\" content=\"fr_FR\" \/>\n<meta property=\"og:type\" content=\"article\" \/>\n<meta property=\"og:title\" content=\"Les voies que l&#039;on trace\" \/>\n<meta property=\"og:description\" content=\"Lui, moi. Les gens, ils sont peu nombreux. Il pleut \u00e0 verse, la journ\u00e9e n\u2019est pas termin\u00e9e et le port est plong\u00e9 dans une moiteur baveuse que ne trompe pas le projecteur du d\u00e9p\u00f4t p\u00e9trolier.\" \/>\n<meta property=\"og:url\" content=\"https:\/\/williamchevillon.fr\/index.php\/2023\/09\/04\/les-voies-que-lon-trace\/\" \/>\n<meta property=\"og:site_name\" content=\"William Chevillon\" \/>\n<meta property=\"article:publisher\" content=\"https:\/\/www.facebook.com\/WilliamChevillonPro\" \/>\n<meta property=\"article:published_time\" content=\"2023-09-04T18:42:45+00:00\" \/>\n<meta property=\"article:modified_time\" content=\"2023-09-04T18:42:46+00:00\" \/>\n<meta property=\"og:image\" content=\"https:\/\/williamchevillon.fr\/wp-content\/uploads\/2023\/09\/IMG_2627-scaled.jpg\" \/>\n\t<meta property=\"og:image:width\" content=\"2560\" \/>\n\t<meta property=\"og:image:height\" content=\"1707\" \/>\n\t<meta property=\"og:image:type\" content=\"image\/jpeg\" \/>\n<meta name=\"author\" content=\"William Chevillon\" \/>\n<meta name=\"twitter:card\" content=\"summary_large_image\" \/>\n<meta name=\"twitter:title\" content=\"Les voies que l&#039;on trace\" \/>\n<meta name=\"twitter:description\" content=\"Lui, moi. Les gens, ils sont peu nombreux. Il pleut \u00e0 verse, la journ\u00e9e n\u2019est pas termin\u00e9e et le port est plong\u00e9 dans une moiteur baveuse que ne trompe pas le projecteur du d\u00e9p\u00f4t p\u00e9trolier.\" \/>\n<meta name=\"twitter:image\" content=\"https:\/\/williamchevillon.fr\/wp-content\/uploads\/2023\/09\/IMG_2627-scaled.jpg\" \/>\n<meta name=\"twitter:label1\" content=\"\u00c9crit par\" \/>\n\t<meta name=\"twitter:data1\" content=\"William Chevillon\" \/>\n\t<meta name=\"twitter:label2\" content=\"Dur\u00e9e de lecture estim\u00e9e\" \/>\n\t<meta name=\"twitter:data2\" content=\"3 minutes\" \/>\n<script type=\"application\/ld+json\" class=\"yoast-schema-graph\">{\"@context\":\"https:\\\/\\\/schema.org\",\"@graph\":[{\"@type\":\"Article\",\"@id\":\"https:\\\/\\\/williamchevillon.fr\\\/index.php\\\/2023\\\/09\\\/04\\\/les-voies-que-lon-trace\\\/#article\",\"isPartOf\":{\"@id\":\"https:\\\/\\\/williamchevillon.fr\\\/index.php\\\/2023\\\/09\\\/04\\\/les-voies-que-lon-trace\\\/\"},\"author\":{\"name\":\"William Chevillon\",\"@id\":\"https:\\\/\\\/williamchevillon.fr\\\/#\\\/schema\\\/person\\\/eb30f03250952b7079f827caba706872\"},\"headline\":\"Les voies que l&rsquo;on trace\",\"datePublished\":\"2023-09-04T18:42:45+00:00\",\"dateModified\":\"2023-09-04T18:42:46+00:00\",\"mainEntityOfPage\":{\"@id\":\"https:\\\/\\\/williamchevillon.fr\\\/index.php\\\/2023\\\/09\\\/04\\\/les-voies-que-lon-trace\\\/\"},\"wordCount\":473,\"commentCount\":0,\"publisher\":{\"@id\":\"https:\\\/\\\/williamchevillon.fr\\\/#organization\"},\"image\":{\"@id\":\"https:\\\/\\\/williamchevillon.fr\\\/index.php\\\/2023\\\/09\\\/04\\\/les-voies-que-lon-trace\\\/#primaryimage\"},\"thumbnailUrl\":\"https:\\\/\\\/williamchevillon.fr\\\/wp-content\\\/uploads\\\/2023\\\/09\\\/IMG_2627-1024x683.jpg\",\"articleSection\":[\"Fragments \u00e9crits - Journal\"],\"inLanguage\":\"fr-FR\",\"potentialAction\":[{\"@type\":\"CommentAction\",\"name\":\"Comment\",\"target\":[\"https:\\\/\\\/williamchevillon.fr\\\/index.php\\\/2023\\\/09\\\/04\\\/les-voies-que-lon-trace\\\/#respond\"]}]},{\"@type\":\"WebPage\",\"@id\":\"https:\\\/\\\/williamchevillon.fr\\\/index.php\\\/2023\\\/09\\\/04\\\/les-voies-que-lon-trace\\\/\",\"url\":\"https:\\\/\\\/williamchevillon.fr\\\/index.php\\\/2023\\\/09\\\/04\\\/les-voies-que-lon-trace\\\/\",\"name\":\"Les voies que l'on trace - William Chevillon\",\"isPartOf\":{\"@id\":\"https:\\\/\\\/williamchevillon.fr\\\/#website\"},\"primaryImageOfPage\":{\"@id\":\"https:\\\/\\\/williamchevillon.fr\\\/index.php\\\/2023\\\/09\\\/04\\\/les-voies-que-lon-trace\\\/#primaryimage\"},\"image\":{\"@id\":\"https:\\\/\\\/williamchevillon.fr\\\/index.php\\\/2023\\\/09\\\/04\\\/les-voies-que-lon-trace\\\/#primaryimage\"},\"thumbnailUrl\":\"https:\\\/\\\/williamchevillon.fr\\\/wp-content\\\/uploads\\\/2023\\\/09\\\/IMG_2627-1024x683.jpg\",\"datePublished\":\"2023-09-04T18:42:45+00:00\",\"dateModified\":\"2023-09-04T18:42:46+00:00\",\"description\":\"Lui, moi. Les gens, ils sont peu nombreux. Il pleut \u00e0 verse, la journ\u00e9e n\u2019est pas termin\u00e9e et le port est plong\u00e9 dans une moiteur baveuse que ne trompe pas le projecteur du d\u00e9p\u00f4t p\u00e9trolier.\",\"breadcrumb\":{\"@id\":\"https:\\\/\\\/williamchevillon.fr\\\/index.php\\\/2023\\\/09\\\/04\\\/les-voies-que-lon-trace\\\/#breadcrumb\"},\"inLanguage\":\"fr-FR\",\"potentialAction\":[{\"@type\":\"ReadAction\",\"target\":[\"https:\\\/\\\/williamchevillon.fr\\\/index.php\\\/2023\\\/09\\\/04\\\/les-voies-que-lon-trace\\\/\"]}]},{\"@type\":\"ImageObject\",\"inLanguage\":\"fr-FR\",\"@id\":\"https:\\\/\\\/williamchevillon.fr\\\/index.php\\\/2023\\\/09\\\/04\\\/les-voies-que-lon-trace\\\/#primaryimage\",\"url\":\"https:\\\/\\\/williamchevillon.fr\\\/wp-content\\\/uploads\\\/2023\\\/09\\\/IMG_2627-scaled.jpg\",\"contentUrl\":\"https:\\\/\\\/williamchevillon.fr\\\/wp-content\\\/uploads\\\/2023\\\/09\\\/IMG_2627-scaled.jpg\",\"width\":2560,\"height\":1707,\"caption\":\"Port du havre, vue sur les jet\u00e9es\"},{\"@type\":\"BreadcrumbList\",\"@id\":\"https:\\\/\\\/williamchevillon.fr\\\/index.php\\\/2023\\\/09\\\/04\\\/les-voies-que-lon-trace\\\/#breadcrumb\",\"itemListElement\":[{\"@type\":\"ListItem\",\"position\":1,\"name\":\"Accueil\",\"item\":\"https:\\\/\\\/williamchevillon.fr\\\/\"},{\"@type\":\"ListItem\",\"position\":2,\"name\":\"Les voies que l&rsquo;on trace\"}]},{\"@type\":\"WebSite\",\"@id\":\"https:\\\/\\\/williamchevillon.fr\\\/#website\",\"url\":\"https:\\\/\\\/williamchevillon.fr\\\/\",\"name\":\"William Chevillon\",\"description\":\"\u00ab Il n&#039;est pas dit qu&#039;en \u00e9crivant on assure le salut de son \u00e2me. \u00bb Italo Calvino\",\"publisher\":{\"@id\":\"https:\\\/\\\/williamchevillon.fr\\\/#organization\"},\"potentialAction\":[{\"@type\":\"SearchAction\",\"target\":{\"@type\":\"EntryPoint\",\"urlTemplate\":\"https:\\\/\\\/williamchevillon.fr\\\/?s={search_term_string}\"},\"query-input\":{\"@type\":\"PropertyValueSpecification\",\"valueRequired\":true,\"valueName\":\"search_term_string\"}}],\"inLanguage\":\"fr-FR\"},{\"@type\":\"Organization\",\"@id\":\"https:\\\/\\\/williamchevillon.fr\\\/#organization\",\"name\":\"William Chevillon\",\"url\":\"https:\\\/\\\/williamchevillon.fr\\\/\",\"logo\":{\"@type\":\"ImageObject\",\"inLanguage\":\"fr-FR\",\"@id\":\"https:\\\/\\\/williamchevillon.fr\\\/#\\\/schema\\\/logo\\\/image\\\/\",\"url\":\"https:\\\/\\\/williamchevillon.fr\\\/wp-content\\\/uploads\\\/2023\\\/03\\\/26881283122_9faaa7b2c2_k.jpg\",\"contentUrl\":\"https:\\\/\\\/williamchevillon.fr\\\/wp-content\\\/uploads\\\/2023\\\/03\\\/26881283122_9faaa7b2c2_k.jpg\",\"width\":2048,\"height\":1153,\"caption\":\"William Chevillon\"},\"image\":{\"@id\":\"https:\\\/\\\/williamchevillon.fr\\\/#\\\/schema\\\/logo\\\/image\\\/\"},\"sameAs\":[\"https:\\\/\\\/www.facebook.com\\\/WilliamChevillonPro\",\"https:\\\/\\\/instagram.com\\\/chevillonw\"]},{\"@type\":\"Person\",\"@id\":\"https:\\\/\\\/williamchevillon.fr\\\/#\\\/schema\\\/person\\\/eb30f03250952b7079f827caba706872\",\"name\":\"William Chevillon\",\"image\":{\"@type\":\"ImageObject\",\"inLanguage\":\"fr-FR\",\"@id\":\"https:\\\/\\\/secure.gravatar.com\\\/avatar\\\/d626b7752353789d21ea6ba008e34f538a0be7ecef0a6eefbf15acabdb28c0b9?s=96&d=mm&r=g\",\"url\":\"https:\\\/\\\/secure.gravatar.com\\\/avatar\\\/d626b7752353789d21ea6ba008e34f538a0be7ecef0a6eefbf15acabdb28c0b9?s=96&d=mm&r=g\",\"contentUrl\":\"https:\\\/\\\/secure.gravatar.com\\\/avatar\\\/d626b7752353789d21ea6ba008e34f538a0be7ecef0a6eefbf15acabdb28c0b9?s=96&d=mm&r=g\",\"caption\":\"William Chevillon\"},\"description\":\"Chercheur, artiste-auteur et m\u00e9diateur culturel attir\u00e9 par le spectacle vivant, l\u2019art contemporain, le patrimoine et les paysages.\",\"sameAs\":[\"https:\\\/\\\/williamchevillon.fr\"],\"url\":\"https:\\\/\\\/williamchevillon.fr\\\/index.php\\\/author\\\/admin2960\\\/\"}]}<\/script>\n<!-- \/ Yoast SEO plugin. -->","yoast_head_json":{"title":"Les voies que l'on trace - William Chevillon","description":"Lui, moi. Les gens, ils sont peu nombreux. Il pleut \u00e0 verse, la journ\u00e9e n\u2019est pas termin\u00e9e et le port est plong\u00e9 dans une moiteur baveuse que ne trompe pas le projecteur du d\u00e9p\u00f4t p\u00e9trolier.","robots":{"index":"index","follow":"follow","max-snippet":"max-snippet:-1","max-image-preview":"max-image-preview:large","max-video-preview":"max-video-preview:-1"},"canonical":"https:\/\/williamchevillon.fr\/index.php\/2023\/09\/04\/les-voies-que-lon-trace\/","og_locale":"fr_FR","og_type":"article","og_title":"Les voies que l'on trace","og_description":"Lui, moi. Les gens, ils sont peu nombreux. Il pleut \u00e0 verse, la journ\u00e9e n\u2019est pas termin\u00e9e et le port est plong\u00e9 dans une moiteur baveuse que ne trompe pas le projecteur du d\u00e9p\u00f4t p\u00e9trolier.","og_url":"https:\/\/williamchevillon.fr\/index.php\/2023\/09\/04\/les-voies-que-lon-trace\/","og_site_name":"William Chevillon","article_publisher":"https:\/\/www.facebook.com\/WilliamChevillonPro","article_published_time":"2023-09-04T18:42:45+00:00","article_modified_time":"2023-09-04T18:42:46+00:00","og_image":[{"width":2560,"height":1707,"url":"https:\/\/williamchevillon.fr\/wp-content\/uploads\/2023\/09\/IMG_2627-scaled.jpg","type":"image\/jpeg"}],"author":"William Chevillon","twitter_card":"summary_large_image","twitter_title":"Les voies que l'on trace","twitter_description":"Lui, moi. Les gens, ils sont peu nombreux. Il pleut \u00e0 verse, la journ\u00e9e n\u2019est pas termin\u00e9e et le port est plong\u00e9 dans une moiteur baveuse que ne trompe pas le projecteur du d\u00e9p\u00f4t p\u00e9trolier.","twitter_image":"https:\/\/williamchevillon.fr\/wp-content\/uploads\/2023\/09\/IMG_2627-scaled.jpg","twitter_misc":{"\u00c9crit par":"William Chevillon","Dur\u00e9e de lecture estim\u00e9e":"3 minutes"},"schema":{"@context":"https:\/\/schema.org","@graph":[{"@type":"Article","@id":"https:\/\/williamchevillon.fr\/index.php\/2023\/09\/04\/les-voies-que-lon-trace\/#article","isPartOf":{"@id":"https:\/\/williamchevillon.fr\/index.php\/2023\/09\/04\/les-voies-que-lon-trace\/"},"author":{"name":"William Chevillon","@id":"https:\/\/williamchevillon.fr\/#\/schema\/person\/eb30f03250952b7079f827caba706872"},"headline":"Les voies que l&rsquo;on trace","datePublished":"2023-09-04T18:42:45+00:00","dateModified":"2023-09-04T18:42:46+00:00","mainEntityOfPage":{"@id":"https:\/\/williamchevillon.fr\/index.php\/2023\/09\/04\/les-voies-que-lon-trace\/"},"wordCount":473,"commentCount":0,"publisher":{"@id":"https:\/\/williamchevillon.fr\/#organization"},"image":{"@id":"https:\/\/williamchevillon.fr\/index.php\/2023\/09\/04\/les-voies-que-lon-trace\/#primaryimage"},"thumbnailUrl":"https:\/\/williamchevillon.fr\/wp-content\/uploads\/2023\/09\/IMG_2627-1024x683.jpg","articleSection":["Fragments \u00e9crits - Journal"],"inLanguage":"fr-FR","potentialAction":[{"@type":"CommentAction","name":"Comment","target":["https:\/\/williamchevillon.fr\/index.php\/2023\/09\/04\/les-voies-que-lon-trace\/#respond"]}]},{"@type":"WebPage","@id":"https:\/\/williamchevillon.fr\/index.php\/2023\/09\/04\/les-voies-que-lon-trace\/","url":"https:\/\/williamchevillon.fr\/index.php\/2023\/09\/04\/les-voies-que-lon-trace\/","name":"Les voies que l'on trace - William Chevillon","isPartOf":{"@id":"https:\/\/williamchevillon.fr\/#website"},"primaryImageOfPage":{"@id":"https:\/\/williamchevillon.fr\/index.php\/2023\/09\/04\/les-voies-que-lon-trace\/#primaryimage"},"image":{"@id":"https:\/\/williamchevillon.fr\/index.php\/2023\/09\/04\/les-voies-que-lon-trace\/#primaryimage"},"thumbnailUrl":"https:\/\/williamchevillon.fr\/wp-content\/uploads\/2023\/09\/IMG_2627-1024x683.jpg","datePublished":"2023-09-04T18:42:45+00:00","dateModified":"2023-09-04T18:42:46+00:00","description":"Lui, moi. Les gens, ils sont peu nombreux. Il pleut \u00e0 verse, la journ\u00e9e n\u2019est pas termin\u00e9e et le port est plong\u00e9 dans une moiteur baveuse que ne trompe pas le projecteur du d\u00e9p\u00f4t p\u00e9trolier.","breadcrumb":{"@id":"https:\/\/williamchevillon.fr\/index.php\/2023\/09\/04\/les-voies-que-lon-trace\/#breadcrumb"},"inLanguage":"fr-FR","potentialAction":[{"@type":"ReadAction","target":["https:\/\/williamchevillon.fr\/index.php\/2023\/09\/04\/les-voies-que-lon-trace\/"]}]},{"@type":"ImageObject","inLanguage":"fr-FR","@id":"https:\/\/williamchevillon.fr\/index.php\/2023\/09\/04\/les-voies-que-lon-trace\/#primaryimage","url":"https:\/\/williamchevillon.fr\/wp-content\/uploads\/2023\/09\/IMG_2627-scaled.jpg","contentUrl":"https:\/\/williamchevillon.fr\/wp-content\/uploads\/2023\/09\/IMG_2627-scaled.jpg","width":2560,"height":1707,"caption":"Port du havre, vue sur les jet\u00e9es"},{"@type":"BreadcrumbList","@id":"https:\/\/williamchevillon.fr\/index.php\/2023\/09\/04\/les-voies-que-lon-trace\/#breadcrumb","itemListElement":[{"@type":"ListItem","position":1,"name":"Accueil","item":"https:\/\/williamchevillon.fr\/"},{"@type":"ListItem","position":2,"name":"Les voies que l&rsquo;on trace"}]},{"@type":"WebSite","@id":"https:\/\/williamchevillon.fr\/#website","url":"https:\/\/williamchevillon.fr\/","name":"William Chevillon","description":"\u00ab Il n&#039;est pas dit qu&#039;en \u00e9crivant on assure le salut de son \u00e2me. \u00bb Italo Calvino","publisher":{"@id":"https:\/\/williamchevillon.fr\/#organization"},"potentialAction":[{"@type":"SearchAction","target":{"@type":"EntryPoint","urlTemplate":"https:\/\/williamchevillon.fr\/?s={search_term_string}"},"query-input":{"@type":"PropertyValueSpecification","valueRequired":true,"valueName":"search_term_string"}}],"inLanguage":"fr-FR"},{"@type":"Organization","@id":"https:\/\/williamchevillon.fr\/#organization","name":"William Chevillon","url":"https:\/\/williamchevillon.fr\/","logo":{"@type":"ImageObject","inLanguage":"fr-FR","@id":"https:\/\/williamchevillon.fr\/#\/schema\/logo\/image\/","url":"https:\/\/williamchevillon.fr\/wp-content\/uploads\/2023\/03\/26881283122_9faaa7b2c2_k.jpg","contentUrl":"https:\/\/williamchevillon.fr\/wp-content\/uploads\/2023\/03\/26881283122_9faaa7b2c2_k.jpg","width":2048,"height":1153,"caption":"William Chevillon"},"image":{"@id":"https:\/\/williamchevillon.fr\/#\/schema\/logo\/image\/"},"sameAs":["https:\/\/www.facebook.com\/WilliamChevillonPro","https:\/\/instagram.com\/chevillonw"]},{"@type":"Person","@id":"https:\/\/williamchevillon.fr\/#\/schema\/person\/eb30f03250952b7079f827caba706872","name":"William Chevillon","image":{"@type":"ImageObject","inLanguage":"fr-FR","@id":"https:\/\/secure.gravatar.com\/avatar\/d626b7752353789d21ea6ba008e34f538a0be7ecef0a6eefbf15acabdb28c0b9?s=96&d=mm&r=g","url":"https:\/\/secure.gravatar.com\/avatar\/d626b7752353789d21ea6ba008e34f538a0be7ecef0a6eefbf15acabdb28c0b9?s=96&d=mm&r=g","contentUrl":"https:\/\/secure.gravatar.com\/avatar\/d626b7752353789d21ea6ba008e34f538a0be7ecef0a6eefbf15acabdb28c0b9?s=96&d=mm&r=g","caption":"William Chevillon"},"description":"Chercheur, artiste-auteur et m\u00e9diateur culturel attir\u00e9 par le spectacle vivant, l\u2019art contemporain, le patrimoine et les paysages.","sameAs":["https:\/\/williamchevillon.fr"],"url":"https:\/\/williamchevillon.fr\/index.php\/author\/admin2960\/"}]}},"_links":{"self":[{"href":"https:\/\/williamchevillon.fr\/index.php\/wp-json\/wp\/v2\/posts\/706","targetHints":{"allow":["GET"]}}],"collection":[{"href":"https:\/\/williamchevillon.fr\/index.php\/wp-json\/wp\/v2\/posts"}],"about":[{"href":"https:\/\/williamchevillon.fr\/index.php\/wp-json\/wp\/v2\/types\/post"}],"author":[{"embeddable":true,"href":"https:\/\/williamchevillon.fr\/index.php\/wp-json\/wp\/v2\/users\/1"}],"replies":[{"embeddable":true,"href":"https:\/\/williamchevillon.fr\/index.php\/wp-json\/wp\/v2\/comments?post=706"}],"version-history":[{"count":1,"href":"https:\/\/williamchevillon.fr\/index.php\/wp-json\/wp\/v2\/posts\/706\/revisions"}],"predecessor-version":[{"id":708,"href":"https:\/\/williamchevillon.fr\/index.php\/wp-json\/wp\/v2\/posts\/706\/revisions\/708"}],"wp:attachment":[{"href":"https:\/\/williamchevillon.fr\/index.php\/wp-json\/wp\/v2\/media?parent=706"}],"wp:term":[{"taxonomy":"category","embeddable":true,"href":"https:\/\/williamchevillon.fr\/index.php\/wp-json\/wp\/v2\/categories?post=706"},{"taxonomy":"post_tag","embeddable":true,"href":"https:\/\/williamchevillon.fr\/index.php\/wp-json\/wp\/v2\/tags?post=706"}],"curies":[{"name":"wp","href":"https:\/\/api.w.org\/{rel}","templated":true}]}}