{"id":70,"date":"2022-05-20T21:28:26","date_gmt":"2022-05-20T19:28:26","guid":{"rendered":"http:\/\/williamchevillon.fr\/index.php\/2022\/05\/20\/et-on-regardait-les-cargos\/"},"modified":"2023-03-12T17:55:16","modified_gmt":"2023-03-12T16:55:16","slug":"et-on-regardait-les-cargos","status":"publish","type":"post","link":"https:\/\/williamchevillon.fr\/index.php\/2022\/05\/20\/et-on-regardait-les-cargos\/","title":{"rendered":"Et on regardait les cargos"},"content":{"rendered":"<figure class=\"tmblr-full\" data-orig-width=\"1751\" data-orig-height=\"1168\"><img decoding=\"async\" src=\"https:\/\/64.media.tumblr.com\/e8dabe55c91329614c954aed562a90d2\/a8b53e44fd182610-59\/s540x810\/9ee5c97869daeedff7bfdb15c070b7170aa9793a.jpg\" alt=\"image\" data-orig-width=\"1751\" data-orig-height=\"1168\" \/><\/figure>\n<p>D\u2019une extr\u00e9mit\u00e9 \u00e0 l\u2019autre du chenal les cargos semblent se parler. \u00c0 l\u2019approche de l\u2019\u00e9tale de haute mer les rotations peuvent commencer. Au front du danger, le pilote du port d\u00e9roule un fil d\u2019Ariane imperceptible dans un labyrinthe lin\u00e9aire o\u00f9 les obstacles sont autant de murs et de Minotaures tapis sous la surface du flot marin.\u00a0Deux cargos ne peuvent se croiser, je n\u2019en ai pas la preuve mais j\u2019en suis certain\u00a0; un axiome vernaculaire qu\u2019il vaudrait mieux ne pas chercher \u00e0 d\u00e9montrer par l\u2019exemple. Je lui parle de tirant d\u2019eau ou encore de la diff\u00e9rence entre la g\u00eete d\u2019un bateau dont les cales sont vides et de celle quand elles sont gorg\u00e9es de bl\u00e9. J\u2019ai l\u2019impression de m\u2019y conna\u00eetre. Peut-\u00eatre est-ce vrai et comme j\u2019aime comprendre ce qui r\u00e9git les fonctionnements quotidiens je suis cr\u00e9dible.<\/p>\n<p>Le surprenant je lui prends la main, tandis que le cargo \u00e0 pavillon mad\u00e9rois reste li\u00e9 \u00e0 l\u2019esquif qui le tient \u00e9loign\u00e9 des dangers. J\u2019observe le regard des passants, je ne crois pas avoir d\u00e9j\u00e0 tenu la main d\u2019un gar\u00e7on ici. Et finalement ce regard est d\u2019une neutralit\u00e9 qui me convainc de poursuivre. \u00c0 l\u2019extr\u00e9mit\u00e9 de la jet\u00e9e la surface de l\u2019eau affleure celle du sol, c\u2019est le privil\u00e8ge des forts coefficients associ\u00e9s \u00e0 une mer calme et irradi\u00e9e du soleil de l\u2019avant ou de l\u2019apr\u00e8s saison.<\/p>\n<p>Sur la terrasse du phare le temps semble arr\u00eat\u00e9. Non en raison de la p\u00e9riode de l\u2019ann\u00e9e qui est celle o\u00f9 la station baln\u00e9aire sort de sa torpeur hivernale, mais parce que la vie qui s\u2019y d\u00e9roule prend des accents fantasques et d\u00e9licieusement d\u00e9suets. Torse nu, un p\u00eacheur au lancer se fait remarquer tant par son air d\u00e9sinvolte \u2013 fier \u00e0 la Hugo Koblet sur le Tour de France 1951 \u2013 que par la musique de Giorgio Moroder et Joe Esposito qui sort de son enceinte. Lancinantes, les rotations des navires se poursuivent et ne perturbent personne. On regarde l\u2019horizon, on contemple les bateaux. Je me tiens pr\u00e8s de lui. Il me parle des <i>Vacances au bord de la mer<\/i> de Michel Jonasz, je m\u2019identifie sans lui dire aux m\u00f4mes de Jean-Louis Aubert.<\/p>\n<p>Au retour je lui parle encore des bateaux, de ceux qui font le tour du monde\u00a0; je lui en ai d\u00e9j\u00e0 parl\u00e9 mais il m\u2019\u00e9coute. Je rajoute des \u00e9l\u00e9ments nouveaux, mes souvenirs et ce que ma m\u00e9moire a peut-\u00eatre b\u00e2ti ex-nihilo. L\u00e0 encore je suis cr\u00e9dible et le demeure quand je parle du voilier orange qui \u00e9tait mon pr\u00e9f\u00e9r\u00e9 quand j\u2019\u00e9tais gosse. L\u2019oc\u00e9an ne trahit pas, \u00e0 chaque passage il ajoute de la mati\u00e8re\u00a0et c\u2019est \u00e0 chaque passage que l\u2019on remarque qu\u2019il attise l\u2019esprit bien d\u2019avantage qu\u2019il ne l\u2019\u00e9mousse.<\/p>\n<p>Les bateaux partent, la plupart du temps reviennent. Il en est ainsi des reliefs de notre histoire, un ressac de sentiments dans ce qu\u2019ils ont de beau et de palpable.<\/p>\n","protected":false},"excerpt":{"rendered":"<p>D\u2019une extr\u00e9mit\u00e9 \u00e0 l\u2019autre du chenal les cargos semblent se parler. \u00c0 l\u2019approche de l\u2019\u00e9tale de haute mer les rotations peuvent commencer. Au front du danger, le pilote du port d\u00e9roule un fil d\u2019Ariane imperceptible dans un labyrinthe lin\u00e9aire o\u00f9 les obstacles sont autant de murs et de Minotaures tapis sous la surface du flot [&hellip;]<\/p>\n","protected":false},"author":1,"featured_media":0,"comment_status":"open","ping_status":"open","sticky":false,"template":"","format":"standard","meta":{"footnotes":""},"categories":[6],"tags":[],"class_list":["post-70","post","type-post","status-publish","format-standard","hentry","category-fragments"],"yoast_head":"<!-- This site is optimized with the Yoast SEO plugin v27.5 - https:\/\/yoast.com\/product\/yoast-seo-wordpress\/ -->\n<title>Et on regardait les cargos - William Chevillon<\/title>\n<meta name=\"description\" content=\"Et on regardait les cargos Fragments \u00e9crits - Journal William Chevillon\" \/>\n<meta name=\"robots\" content=\"index, follow, max-snippet:-1, max-image-preview:large, max-video-preview:-1\" \/>\n<link rel=\"canonical\" href=\"https:\/\/williamchevillon.fr\/index.php\/2022\/05\/20\/et-on-regardait-les-cargos\/\" \/>\n<meta property=\"og:locale\" content=\"fr_FR\" \/>\n<meta property=\"og:type\" content=\"article\" \/>\n<meta property=\"og:title\" content=\"Et on regardait les cargos - William Chevillon\" \/>\n<meta property=\"og:description\" content=\"Et on regardait les cargos Fragments \u00e9crits - Journal William Chevillon\" \/>\n<meta property=\"og:url\" content=\"https:\/\/williamchevillon.fr\/index.php\/2022\/05\/20\/et-on-regardait-les-cargos\/\" \/>\n<meta property=\"og:site_name\" content=\"William Chevillon\" \/>\n<meta property=\"article:publisher\" content=\"https:\/\/www.facebook.com\/WilliamChevillonPro\" \/>\n<meta property=\"article:published_time\" content=\"2022-05-20T19:28:26+00:00\" \/>\n<meta property=\"article:modified_time\" content=\"2023-03-12T16:55:16+00:00\" \/>\n<meta property=\"og:image\" content=\"https:\/\/williamchevillon.fr\/wp-content\/uploads\/2022\/05\/tumblr_e8dabe55c91329614c954aed562a90d2_9ee5c978_540.jpg\" \/>\n\t<meta property=\"og:image:width\" content=\"540\" \/>\n\t<meta property=\"og:image:height\" content=\"360\" \/>\n\t<meta property=\"og:image:type\" content=\"image\/jpeg\" \/>\n<meta name=\"author\" content=\"William Chevillon\" \/>\n<meta name=\"twitter:card\" content=\"summary_large_image\" \/>\n<meta name=\"twitter:image\" content=\"https:\/\/williamchevillon.fr\/wp-content\/uploads\/2022\/05\/tumblr_e8dabe55c91329614c954aed562a90d2_9ee5c978_540.jpg\" \/>\n<meta name=\"twitter:label1\" content=\"\u00c9crit par\" \/>\n\t<meta name=\"twitter:data1\" content=\"William Chevillon\" \/>\n\t<meta name=\"twitter:label2\" content=\"Dur\u00e9e de lecture estim\u00e9e\" \/>\n\t<meta name=\"twitter:data2\" content=\"3 minutes\" \/>\n<script type=\"application\/ld+json\" class=\"yoast-schema-graph\">{\"@context\":\"https:\\\/\\\/schema.org\",\"@graph\":[{\"@type\":\"Article\",\"@id\":\"https:\\\/\\\/williamchevillon.fr\\\/index.php\\\/2022\\\/05\\\/20\\\/et-on-regardait-les-cargos\\\/#article\",\"isPartOf\":{\"@id\":\"https:\\\/\\\/williamchevillon.fr\\\/index.php\\\/2022\\\/05\\\/20\\\/et-on-regardait-les-cargos\\\/\"},\"author\":{\"name\":\"William Chevillon\",\"@id\":\"https:\\\/\\\/williamchevillon.fr\\\/#\\\/schema\\\/person\\\/eb30f03250952b7079f827caba706872\"},\"headline\":\"Et on regardait les cargos\",\"datePublished\":\"2022-05-20T19:28:26+00:00\",\"dateModified\":\"2023-03-12T16:55:16+00:00\",\"mainEntityOfPage\":{\"@id\":\"https:\\\/\\\/williamchevillon.fr\\\/index.php\\\/2022\\\/05\\\/20\\\/et-on-regardait-les-cargos\\\/\"},\"wordCount\":548,\"commentCount\":0,\"publisher\":{\"@id\":\"https:\\\/\\\/williamchevillon.fr\\\/#organization\"},\"image\":{\"@id\":\"https:\\\/\\\/williamchevillon.fr\\\/index.php\\\/2022\\\/05\\\/20\\\/et-on-regardait-les-cargos\\\/#primaryimage\"},\"thumbnailUrl\":\"https:\\\/\\\/64.media.tumblr.com\\\/e8dabe55c91329614c954aed562a90d2\\\/a8b53e44fd182610-59\\\/s540x810\\\/9ee5c97869daeedff7bfdb15c070b7170aa9793a.jpg\",\"articleSection\":[\"Fragments \u00e9crits - Journal\"],\"inLanguage\":\"fr-FR\",\"potentialAction\":[{\"@type\":\"CommentAction\",\"name\":\"Comment\",\"target\":[\"https:\\\/\\\/williamchevillon.fr\\\/index.php\\\/2022\\\/05\\\/20\\\/et-on-regardait-les-cargos\\\/#respond\"]}]},{\"@type\":\"WebPage\",\"@id\":\"https:\\\/\\\/williamchevillon.fr\\\/index.php\\\/2022\\\/05\\\/20\\\/et-on-regardait-les-cargos\\\/\",\"url\":\"https:\\\/\\\/williamchevillon.fr\\\/index.php\\\/2022\\\/05\\\/20\\\/et-on-regardait-les-cargos\\\/\",\"name\":\"Et on regardait les cargos - William Chevillon\",\"isPartOf\":{\"@id\":\"https:\\\/\\\/williamchevillon.fr\\\/#website\"},\"primaryImageOfPage\":{\"@id\":\"https:\\\/\\\/williamchevillon.fr\\\/index.php\\\/2022\\\/05\\\/20\\\/et-on-regardait-les-cargos\\\/#primaryimage\"},\"image\":{\"@id\":\"https:\\\/\\\/williamchevillon.fr\\\/index.php\\\/2022\\\/05\\\/20\\\/et-on-regardait-les-cargos\\\/#primaryimage\"},\"thumbnailUrl\":\"https:\\\/\\\/64.media.tumblr.com\\\/e8dabe55c91329614c954aed562a90d2\\\/a8b53e44fd182610-59\\\/s540x810\\\/9ee5c97869daeedff7bfdb15c070b7170aa9793a.jpg\",\"datePublished\":\"2022-05-20T19:28:26+00:00\",\"dateModified\":\"2023-03-12T16:55:16+00:00\",\"description\":\"Et on regardait les cargos Fragments \u00e9crits - Journal William Chevillon\",\"breadcrumb\":{\"@id\":\"https:\\\/\\\/williamchevillon.fr\\\/index.php\\\/2022\\\/05\\\/20\\\/et-on-regardait-les-cargos\\\/#breadcrumb\"},\"inLanguage\":\"fr-FR\",\"potentialAction\":[{\"@type\":\"ReadAction\",\"target\":[\"https:\\\/\\\/williamchevillon.fr\\\/index.php\\\/2022\\\/05\\\/20\\\/et-on-regardait-les-cargos\\\/\"]}]},{\"@type\":\"ImageObject\",\"inLanguage\":\"fr-FR\",\"@id\":\"https:\\\/\\\/williamchevillon.fr\\\/index.php\\\/2022\\\/05\\\/20\\\/et-on-regardait-les-cargos\\\/#primaryimage\",\"url\":\"https:\\\/\\\/64.media.tumblr.com\\\/e8dabe55c91329614c954aed562a90d2\\\/a8b53e44fd182610-59\\\/s540x810\\\/9ee5c97869daeedff7bfdb15c070b7170aa9793a.jpg\",\"contentUrl\":\"https:\\\/\\\/64.media.tumblr.com\\\/e8dabe55c91329614c954aed562a90d2\\\/a8b53e44fd182610-59\\\/s540x810\\\/9ee5c97869daeedff7bfdb15c070b7170aa9793a.jpg\"},{\"@type\":\"BreadcrumbList\",\"@id\":\"https:\\\/\\\/williamchevillon.fr\\\/index.php\\\/2022\\\/05\\\/20\\\/et-on-regardait-les-cargos\\\/#breadcrumb\",\"itemListElement\":[{\"@type\":\"ListItem\",\"position\":1,\"name\":\"Accueil\",\"item\":\"https:\\\/\\\/williamchevillon.fr\\\/\"},{\"@type\":\"ListItem\",\"position\":2,\"name\":\"Et on regardait les cargos\"}]},{\"@type\":\"WebSite\",\"@id\":\"https:\\\/\\\/williamchevillon.fr\\\/#website\",\"url\":\"https:\\\/\\\/williamchevillon.fr\\\/\",\"name\":\"William Chevillon\",\"description\":\"\u00ab Il n&#039;est pas dit qu&#039;en \u00e9crivant on assure le salut de son \u00e2me. \u00bb Italo Calvino\",\"publisher\":{\"@id\":\"https:\\\/\\\/williamchevillon.fr\\\/#organization\"},\"potentialAction\":[{\"@type\":\"SearchAction\",\"target\":{\"@type\":\"EntryPoint\",\"urlTemplate\":\"https:\\\/\\\/williamchevillon.fr\\\/?s={search_term_string}\"},\"query-input\":{\"@type\":\"PropertyValueSpecification\",\"valueRequired\":true,\"valueName\":\"search_term_string\"}}],\"inLanguage\":\"fr-FR\"},{\"@type\":\"Organization\",\"@id\":\"https:\\\/\\\/williamchevillon.fr\\\/#organization\",\"name\":\"William Chevillon\",\"url\":\"https:\\\/\\\/williamchevillon.fr\\\/\",\"logo\":{\"@type\":\"ImageObject\",\"inLanguage\":\"fr-FR\",\"@id\":\"https:\\\/\\\/williamchevillon.fr\\\/#\\\/schema\\\/logo\\\/image\\\/\",\"url\":\"https:\\\/\\\/williamchevillon.fr\\\/wp-content\\\/uploads\\\/2023\\\/03\\\/26881283122_9faaa7b2c2_k.jpg\",\"contentUrl\":\"https:\\\/\\\/williamchevillon.fr\\\/wp-content\\\/uploads\\\/2023\\\/03\\\/26881283122_9faaa7b2c2_k.jpg\",\"width\":2048,\"height\":1153,\"caption\":\"William Chevillon\"},\"image\":{\"@id\":\"https:\\\/\\\/williamchevillon.fr\\\/#\\\/schema\\\/logo\\\/image\\\/\"},\"sameAs\":[\"https:\\\/\\\/www.facebook.com\\\/WilliamChevillonPro\",\"https:\\\/\\\/instagram.com\\\/chevillonw\"]},{\"@type\":\"Person\",\"@id\":\"https:\\\/\\\/williamchevillon.fr\\\/#\\\/schema\\\/person\\\/eb30f03250952b7079f827caba706872\",\"name\":\"William Chevillon\",\"image\":{\"@type\":\"ImageObject\",\"inLanguage\":\"fr-FR\",\"@id\":\"https:\\\/\\\/secure.gravatar.com\\\/avatar\\\/d626b7752353789d21ea6ba008e34f538a0be7ecef0a6eefbf15acabdb28c0b9?s=96&d=mm&r=g\",\"url\":\"https:\\\/\\\/secure.gravatar.com\\\/avatar\\\/d626b7752353789d21ea6ba008e34f538a0be7ecef0a6eefbf15acabdb28c0b9?s=96&d=mm&r=g\",\"contentUrl\":\"https:\\\/\\\/secure.gravatar.com\\\/avatar\\\/d626b7752353789d21ea6ba008e34f538a0be7ecef0a6eefbf15acabdb28c0b9?s=96&d=mm&r=g\",\"caption\":\"William Chevillon\"},\"description\":\"Chercheur, artiste-auteur et m\u00e9diateur culturel attir\u00e9 par le spectacle vivant, l\u2019art contemporain, le patrimoine et les paysages.\",\"sameAs\":[\"https:\\\/\\\/williamchevillon.fr\"],\"url\":\"https:\\\/\\\/williamchevillon.fr\\\/index.php\\\/author\\\/admin2960\\\/\"}]}<\/script>\n<!-- \/ Yoast SEO plugin. -->","yoast_head_json":{"title":"Et on regardait les cargos - William Chevillon","description":"Et on regardait les cargos Fragments \u00e9crits - Journal William Chevillon","robots":{"index":"index","follow":"follow","max-snippet":"max-snippet:-1","max-image-preview":"max-image-preview:large","max-video-preview":"max-video-preview:-1"},"canonical":"https:\/\/williamchevillon.fr\/index.php\/2022\/05\/20\/et-on-regardait-les-cargos\/","og_locale":"fr_FR","og_type":"article","og_title":"Et on regardait les cargos - William Chevillon","og_description":"Et on regardait les cargos Fragments \u00e9crits - Journal William Chevillon","og_url":"https:\/\/williamchevillon.fr\/index.php\/2022\/05\/20\/et-on-regardait-les-cargos\/","og_site_name":"William Chevillon","article_publisher":"https:\/\/www.facebook.com\/WilliamChevillonPro","article_published_time":"2022-05-20T19:28:26+00:00","article_modified_time":"2023-03-12T16:55:16+00:00","og_image":[{"width":540,"height":360,"url":"https:\/\/williamchevillon.fr\/wp-content\/uploads\/2022\/05\/tumblr_e8dabe55c91329614c954aed562a90d2_9ee5c978_540.jpg","type":"image\/jpeg"}],"author":"William Chevillon","twitter_card":"summary_large_image","twitter_image":"https:\/\/williamchevillon.fr\/wp-content\/uploads\/2022\/05\/tumblr_e8dabe55c91329614c954aed562a90d2_9ee5c978_540.jpg","twitter_misc":{"\u00c9crit par":"William Chevillon","Dur\u00e9e de lecture estim\u00e9e":"3 minutes"},"schema":{"@context":"https:\/\/schema.org","@graph":[{"@type":"Article","@id":"https:\/\/williamchevillon.fr\/index.php\/2022\/05\/20\/et-on-regardait-les-cargos\/#article","isPartOf":{"@id":"https:\/\/williamchevillon.fr\/index.php\/2022\/05\/20\/et-on-regardait-les-cargos\/"},"author":{"name":"William Chevillon","@id":"https:\/\/williamchevillon.fr\/#\/schema\/person\/eb30f03250952b7079f827caba706872"},"headline":"Et on regardait les cargos","datePublished":"2022-05-20T19:28:26+00:00","dateModified":"2023-03-12T16:55:16+00:00","mainEntityOfPage":{"@id":"https:\/\/williamchevillon.fr\/index.php\/2022\/05\/20\/et-on-regardait-les-cargos\/"},"wordCount":548,"commentCount":0,"publisher":{"@id":"https:\/\/williamchevillon.fr\/#organization"},"image":{"@id":"https:\/\/williamchevillon.fr\/index.php\/2022\/05\/20\/et-on-regardait-les-cargos\/#primaryimage"},"thumbnailUrl":"https:\/\/64.media.tumblr.com\/e8dabe55c91329614c954aed562a90d2\/a8b53e44fd182610-59\/s540x810\/9ee5c97869daeedff7bfdb15c070b7170aa9793a.jpg","articleSection":["Fragments \u00e9crits - Journal"],"inLanguage":"fr-FR","potentialAction":[{"@type":"CommentAction","name":"Comment","target":["https:\/\/williamchevillon.fr\/index.php\/2022\/05\/20\/et-on-regardait-les-cargos\/#respond"]}]},{"@type":"WebPage","@id":"https:\/\/williamchevillon.fr\/index.php\/2022\/05\/20\/et-on-regardait-les-cargos\/","url":"https:\/\/williamchevillon.fr\/index.php\/2022\/05\/20\/et-on-regardait-les-cargos\/","name":"Et on regardait les cargos - William Chevillon","isPartOf":{"@id":"https:\/\/williamchevillon.fr\/#website"},"primaryImageOfPage":{"@id":"https:\/\/williamchevillon.fr\/index.php\/2022\/05\/20\/et-on-regardait-les-cargos\/#primaryimage"},"image":{"@id":"https:\/\/williamchevillon.fr\/index.php\/2022\/05\/20\/et-on-regardait-les-cargos\/#primaryimage"},"thumbnailUrl":"https:\/\/64.media.tumblr.com\/e8dabe55c91329614c954aed562a90d2\/a8b53e44fd182610-59\/s540x810\/9ee5c97869daeedff7bfdb15c070b7170aa9793a.jpg","datePublished":"2022-05-20T19:28:26+00:00","dateModified":"2023-03-12T16:55:16+00:00","description":"Et on regardait les cargos Fragments \u00e9crits - Journal William Chevillon","breadcrumb":{"@id":"https:\/\/williamchevillon.fr\/index.php\/2022\/05\/20\/et-on-regardait-les-cargos\/#breadcrumb"},"inLanguage":"fr-FR","potentialAction":[{"@type":"ReadAction","target":["https:\/\/williamchevillon.fr\/index.php\/2022\/05\/20\/et-on-regardait-les-cargos\/"]}]},{"@type":"ImageObject","inLanguage":"fr-FR","@id":"https:\/\/williamchevillon.fr\/index.php\/2022\/05\/20\/et-on-regardait-les-cargos\/#primaryimage","url":"https:\/\/64.media.tumblr.com\/e8dabe55c91329614c954aed562a90d2\/a8b53e44fd182610-59\/s540x810\/9ee5c97869daeedff7bfdb15c070b7170aa9793a.jpg","contentUrl":"https:\/\/64.media.tumblr.com\/e8dabe55c91329614c954aed562a90d2\/a8b53e44fd182610-59\/s540x810\/9ee5c97869daeedff7bfdb15c070b7170aa9793a.jpg"},{"@type":"BreadcrumbList","@id":"https:\/\/williamchevillon.fr\/index.php\/2022\/05\/20\/et-on-regardait-les-cargos\/#breadcrumb","itemListElement":[{"@type":"ListItem","position":1,"name":"Accueil","item":"https:\/\/williamchevillon.fr\/"},{"@type":"ListItem","position":2,"name":"Et on regardait les cargos"}]},{"@type":"WebSite","@id":"https:\/\/williamchevillon.fr\/#website","url":"https:\/\/williamchevillon.fr\/","name":"William Chevillon","description":"\u00ab Il n&#039;est pas dit qu&#039;en \u00e9crivant on assure le salut de son \u00e2me. \u00bb Italo Calvino","publisher":{"@id":"https:\/\/williamchevillon.fr\/#organization"},"potentialAction":[{"@type":"SearchAction","target":{"@type":"EntryPoint","urlTemplate":"https:\/\/williamchevillon.fr\/?s={search_term_string}"},"query-input":{"@type":"PropertyValueSpecification","valueRequired":true,"valueName":"search_term_string"}}],"inLanguage":"fr-FR"},{"@type":"Organization","@id":"https:\/\/williamchevillon.fr\/#organization","name":"William Chevillon","url":"https:\/\/williamchevillon.fr\/","logo":{"@type":"ImageObject","inLanguage":"fr-FR","@id":"https:\/\/williamchevillon.fr\/#\/schema\/logo\/image\/","url":"https:\/\/williamchevillon.fr\/wp-content\/uploads\/2023\/03\/26881283122_9faaa7b2c2_k.jpg","contentUrl":"https:\/\/williamchevillon.fr\/wp-content\/uploads\/2023\/03\/26881283122_9faaa7b2c2_k.jpg","width":2048,"height":1153,"caption":"William Chevillon"},"image":{"@id":"https:\/\/williamchevillon.fr\/#\/schema\/logo\/image\/"},"sameAs":["https:\/\/www.facebook.com\/WilliamChevillonPro","https:\/\/instagram.com\/chevillonw"]},{"@type":"Person","@id":"https:\/\/williamchevillon.fr\/#\/schema\/person\/eb30f03250952b7079f827caba706872","name":"William Chevillon","image":{"@type":"ImageObject","inLanguage":"fr-FR","@id":"https:\/\/secure.gravatar.com\/avatar\/d626b7752353789d21ea6ba008e34f538a0be7ecef0a6eefbf15acabdb28c0b9?s=96&d=mm&r=g","url":"https:\/\/secure.gravatar.com\/avatar\/d626b7752353789d21ea6ba008e34f538a0be7ecef0a6eefbf15acabdb28c0b9?s=96&d=mm&r=g","contentUrl":"https:\/\/secure.gravatar.com\/avatar\/d626b7752353789d21ea6ba008e34f538a0be7ecef0a6eefbf15acabdb28c0b9?s=96&d=mm&r=g","caption":"William Chevillon"},"description":"Chercheur, artiste-auteur et m\u00e9diateur culturel attir\u00e9 par le spectacle vivant, l\u2019art contemporain, le patrimoine et les paysages.","sameAs":["https:\/\/williamchevillon.fr"],"url":"https:\/\/williamchevillon.fr\/index.php\/author\/admin2960\/"}]}},"_links":{"self":[{"href":"https:\/\/williamchevillon.fr\/index.php\/wp-json\/wp\/v2\/posts\/70","targetHints":{"allow":["GET"]}}],"collection":[{"href":"https:\/\/williamchevillon.fr\/index.php\/wp-json\/wp\/v2\/posts"}],"about":[{"href":"https:\/\/williamchevillon.fr\/index.php\/wp-json\/wp\/v2\/types\/post"}],"author":[{"embeddable":true,"href":"https:\/\/williamchevillon.fr\/index.php\/wp-json\/wp\/v2\/users\/1"}],"replies":[{"embeddable":true,"href":"https:\/\/williamchevillon.fr\/index.php\/wp-json\/wp\/v2\/comments?post=70"}],"version-history":[{"count":2,"href":"https:\/\/williamchevillon.fr\/index.php\/wp-json\/wp\/v2\/posts\/70\/revisions"}],"predecessor-version":[{"id":345,"href":"https:\/\/williamchevillon.fr\/index.php\/wp-json\/wp\/v2\/posts\/70\/revisions\/345"}],"wp:attachment":[{"href":"https:\/\/williamchevillon.fr\/index.php\/wp-json\/wp\/v2\/media?parent=70"}],"wp:term":[{"taxonomy":"category","embeddable":true,"href":"https:\/\/williamchevillon.fr\/index.php\/wp-json\/wp\/v2\/categories?post=70"},{"taxonomy":"post_tag","embeddable":true,"href":"https:\/\/williamchevillon.fr\/index.php\/wp-json\/wp\/v2\/tags?post=70"}],"curies":[{"name":"wp","href":"https:\/\/api.w.org\/{rel}","templated":true}]}}