{"id":692,"date":"2023-08-23T20:52:20","date_gmt":"2023-08-23T18:52:20","guid":{"rendered":"https:\/\/williamchevillon.fr\/?p=692"},"modified":"2023-08-24T19:10:55","modified_gmt":"2023-08-24T17:10:55","slug":"une-vie-de-papier","status":"publish","type":"post","link":"https:\/\/williamchevillon.fr\/index.php\/2023\/08\/23\/une-vie-de-papier\/","title":{"rendered":"Une vie de papier"},"content":{"rendered":"\n<figure class=\"wp-block-image size-large\"><img fetchpriority=\"high\" decoding=\"async\" width=\"1024\" height=\"683\" src=\"https:\/\/williamchevillon.fr\/wp-content\/uploads\/2023\/08\/IMG_3232-1024x683.jpg\" alt=\"\" class=\"wp-image-693\" srcset=\"https:\/\/williamchevillon.fr\/wp-content\/uploads\/2023\/08\/IMG_3232-1024x683.jpg 1024w, https:\/\/williamchevillon.fr\/wp-content\/uploads\/2023\/08\/IMG_3232-300x200.jpg 300w, https:\/\/williamchevillon.fr\/wp-content\/uploads\/2023\/08\/IMG_3232-768x512.jpg 768w, https:\/\/williamchevillon.fr\/wp-content\/uploads\/2023\/08\/IMG_3232-1536x1024.jpg 1536w, https:\/\/williamchevillon.fr\/wp-content\/uploads\/2023\/08\/IMG_3232-2048x1365.jpg 2048w, https:\/\/williamchevillon.fr\/wp-content\/uploads\/2023\/08\/IMG_3232-1200x800.jpg 1200w, https:\/\/williamchevillon.fr\/wp-content\/uploads\/2023\/08\/IMG_3232-1980x1320.jpg 1980w\" sizes=\"(max-width: 1024px) 100vw, 1024px\" \/><\/figure>\n\n\n\n<p>C\u2019est un lieu aux ancrages multiples. Pas tout \u00e0 fait un port, pas compl\u00e8tement une ville, ni m\u00eame une destination. Un endroit organis\u00e9, rang\u00e9, class\u00e9 par quartiers et grands espaces. C\u2019est une horizontale contr\u00e9e sans collines ni montagnes et pourtant jamais la plaine n\u2019a connu autant de reliefs qu\u2019en ces terres. Au nord, la basilique ouvre ses deux grands bras pour enlacer qui la contemple. \u00c0 quelques encablures, un canal au bord duquel un \u00e9ph\u00e9m\u00e8re ministre chante un vieux cantique r\u00e9gional sous la silhouette de calcaire de l\u2019illustre gloire du coin que nul ne conna\u00eet ailleurs. Plus \u00e0 l\u2019ouest un mausol\u00e9e interrompt la ligne de cr\u00eate tandis qu\u2019une biche surgit sans crier gare.<\/p>\n\n\n\n<p>Elle est l\u00e0, fid\u00e8le \u00e0 sa lisi\u00e8re elle semble fixer l\u2019or\u00e9e du bois voisin. Incertaine dans sa d\u00e9marche, elle d\u00e9ploie ses oreilles et sonde ce que l\u2019espace poss\u00e8de de crissements, de bruits et de silences. \u00c0 mesure qu\u2019elle entreprend de mouvoir ses pattes effil\u00e9es, fragiles, ses articulations donnent l\u2019impression d\u2019un arbre taill\u00e9 en t\u00eatard battu par les vents. Le soleil commence \u00e0 poindre, son pelage terre d\u2019ombre s\u2019\u00e9claircit. D\u2019ici une heure environ la lumi\u00e8re lui fera retrouver son apparence constell\u00e9e. Craintive, elle demeure attentive \u00e0 chaque variation que son instinct lui dicterait de fuir. Pas un instant elle omet d\u2019observer. Cheminant sur l\u2019humus, elle se retranche dans les ombrages et regagne son g\u00eete. Tout le jour durant elle gardera un \u0153il ouvert sur la for\u00eat avant de retrouver sa qui\u00e9tude vesp\u00e9rale.<\/p>\n\n\n\n<p>\u00c0 l\u2019esprit, l\u2019animal est associ\u00e9 \u00e0 ce r\u00e9cit \u00e9chafaud\u00e9 un soir d\u2019\u00e9t\u00e9 dans la solitude d\u2019une chambre d\u2019h\u00f4pital, il y a dix ans. Ce m\u00eame endroit o\u00f9 furent convoqu\u00e9s un moulin au bord d\u2019un marais, une port\u00e9e de chatons, le premier et \u00e9ph\u00e9m\u00e8re amoureux, celui qui lisait Pierre Jean Jouve, un grand nombre d\u2019amis qui sont demeur\u00e9s pr\u00e9cieux. Ce pourrait \u00eatre une autre histoire mais c\u2019est la m\u00eame que raconte cette tour multicolore perch\u00e9e sur un pont, dans le coin sup\u00e9rieur droit du papier \u00e0 lettres. L\u2019histoire de Marie-Genevi\u00e8ve rencontr\u00e9e un jour de printemps \u00e0 Rome, quelques minutes au cours desquelles elle est devenue indispensable \u00e0 ma vie, et moi important \u00e0 l\u2019\u00e9chelle de ses 85 ans. Deux feuilles, quelques cartes, un faire-part de d\u00e9c\u00e8s. L\u2019extr\u00eame pr\u00e9sence \u00e0 la m\u00e9moire des arbres de Jud\u00e9e en fleurs sur le Palatin, de son l\u00e9ger zozotement, du compagnonnage presque insondable qui nous unit encore.<\/p>\n\n\n\n<p>La boite en carton&nbsp;: le coffre des amants d\u2019un jour ou de ceux qui le sont demeur\u00e9s, l\u2019habitacle d\u2019amis oubli\u00e9s et retrouv\u00e9s parfois, la synth\u00e8se des vacances de chacun, des v\u0153ux pieux enfouis sous le cachet, le refuge des sentiments ardents, la douleur qui point par moments, le bouton d\u2019allumage de la machine \u00e0 ressentir&#8230;<\/p>\n\n\n\n<p>Peu importe l&rsquo;authentique, les souvenirs ne vivent qu\u2019au secret des histoires que l\u2019on se raconte. \u00ab\u00a0Tu as quelque chose \u00e0 raconter alors fais-le\u00a0et montre-moi lors de mon retour. \u00bb, me disait-on il y a quelques mois. Alors je range mes correspondances et je noircis un cahier, sans but r\u00e9el sinon que de vivre aussi par ces traces de papier.<\/p>\n","protected":false},"excerpt":{"rendered":"<p>C\u2019est un lieu aux ancrages multiples. Pas tout \u00e0 fait un port, pas compl\u00e8tement une ville, ni m\u00eame une destination. Un endroit organis\u00e9, rang\u00e9, class\u00e9 par quartiers et grands espaces. C\u2019est une horizontale contr\u00e9e sans collines ni montagnes et pourtant jamais la plaine n\u2019a connu autant de reliefs qu\u2019en ces terres. Au nord, la basilique [&hellip;]<\/p>\n","protected":false},"author":1,"featured_media":0,"comment_status":"open","ping_status":"open","sticky":false,"template":"","format":"standard","meta":{"footnotes":""},"categories":[6],"tags":[],"class_list":["post-692","post","type-post","status-publish","format-standard","hentry","category-fragments"],"yoast_head":"<!-- This site is optimized with the Yoast SEO plugin v27.5 - https:\/\/yoast.com\/product\/yoast-seo-wordpress\/ -->\n<title>Une vie de papier - William Chevillon<\/title>\n<meta name=\"description\" content=\"Alors je range mes correspondances et je noircis un cahier, sans but r\u00e9el sinon que de vivre aussi par ces traces de papier.\" \/>\n<meta name=\"robots\" content=\"index, follow, max-snippet:-1, max-image-preview:large, max-video-preview:-1\" \/>\n<link rel=\"canonical\" href=\"https:\/\/williamchevillon.fr\/index.php\/2023\/08\/23\/une-vie-de-papier\/\" \/>\n<meta property=\"og:locale\" content=\"fr_FR\" \/>\n<meta property=\"og:type\" content=\"article\" \/>\n<meta property=\"og:title\" content=\"Une vie de papier\" \/>\n<meta property=\"og:description\" content=\"Alors je range mes correspondances et je noircis un cahier, sans but r\u00e9el sinon que de vivre aussi par ces traces de papier.\" \/>\n<meta property=\"og:url\" content=\"https:\/\/williamchevillon.fr\/index.php\/2023\/08\/23\/une-vie-de-papier\/\" \/>\n<meta property=\"og:site_name\" content=\"William Chevillon\" \/>\n<meta property=\"article:publisher\" content=\"https:\/\/www.facebook.com\/WilliamChevillonPro\" \/>\n<meta property=\"article:published_time\" content=\"2023-08-23T18:52:20+00:00\" \/>\n<meta property=\"article:modified_time\" content=\"2023-08-24T17:10:55+00:00\" \/>\n<meta property=\"og:image\" content=\"https:\/\/williamchevillon.fr\/wp-content\/uploads\/2023\/08\/IMG_3232-scaled.jpg\" \/>\n\t<meta property=\"og:image:width\" content=\"2560\" \/>\n\t<meta property=\"og:image:height\" content=\"1707\" \/>\n\t<meta property=\"og:image:type\" content=\"image\/jpeg\" \/>\n<meta name=\"author\" content=\"William Chevillon\" \/>\n<meta name=\"twitter:card\" content=\"summary_large_image\" \/>\n<meta name=\"twitter:title\" content=\"Une vie de papier\" \/>\n<meta name=\"twitter:description\" content=\"Alors je range mes correspondances et je noircis un cahier, sans but r\u00e9el sinon que de vivre aussi par ces traces de papier.\" \/>\n<meta name=\"twitter:image\" content=\"https:\/\/williamchevillon.fr\/wp-content\/uploads\/2023\/08\/IMG_3232-scaled.jpg\" \/>\n<meta name=\"twitter:label1\" content=\"\u00c9crit par\" \/>\n\t<meta name=\"twitter:data1\" content=\"William Chevillon\" \/>\n\t<meta name=\"twitter:label2\" content=\"Dur\u00e9e de lecture estim\u00e9e\" \/>\n\t<meta name=\"twitter:data2\" content=\"3 minutes\" \/>\n<script type=\"application\/ld+json\" class=\"yoast-schema-graph\">{\"@context\":\"https:\\\/\\\/schema.org\",\"@graph\":[{\"@type\":\"Article\",\"@id\":\"https:\\\/\\\/williamchevillon.fr\\\/index.php\\\/2023\\\/08\\\/23\\\/une-vie-de-papier\\\/#article\",\"isPartOf\":{\"@id\":\"https:\\\/\\\/williamchevillon.fr\\\/index.php\\\/2023\\\/08\\\/23\\\/une-vie-de-papier\\\/\"},\"author\":{\"name\":\"William Chevillon\",\"@id\":\"https:\\\/\\\/williamchevillon.fr\\\/#\\\/schema\\\/person\\\/eb30f03250952b7079f827caba706872\"},\"headline\":\"Une vie de papier\",\"datePublished\":\"2023-08-23T18:52:20+00:00\",\"dateModified\":\"2023-08-24T17:10:55+00:00\",\"mainEntityOfPage\":{\"@id\":\"https:\\\/\\\/williamchevillon.fr\\\/index.php\\\/2023\\\/08\\\/23\\\/une-vie-de-papier\\\/\"},\"wordCount\":582,\"commentCount\":0,\"publisher\":{\"@id\":\"https:\\\/\\\/williamchevillon.fr\\\/#organization\"},\"image\":{\"@id\":\"https:\\\/\\\/williamchevillon.fr\\\/index.php\\\/2023\\\/08\\\/23\\\/une-vie-de-papier\\\/#primaryimage\"},\"thumbnailUrl\":\"https:\\\/\\\/williamchevillon.fr\\\/wp-content\\\/uploads\\\/2023\\\/08\\\/IMG_3232-1024x683.jpg\",\"articleSection\":[\"Fragments \u00e9crits - Journal\"],\"inLanguage\":\"fr-FR\",\"potentialAction\":[{\"@type\":\"CommentAction\",\"name\":\"Comment\",\"target\":[\"https:\\\/\\\/williamchevillon.fr\\\/index.php\\\/2023\\\/08\\\/23\\\/une-vie-de-papier\\\/#respond\"]}]},{\"@type\":\"WebPage\",\"@id\":\"https:\\\/\\\/williamchevillon.fr\\\/index.php\\\/2023\\\/08\\\/23\\\/une-vie-de-papier\\\/\",\"url\":\"https:\\\/\\\/williamchevillon.fr\\\/index.php\\\/2023\\\/08\\\/23\\\/une-vie-de-papier\\\/\",\"name\":\"Une vie de papier - William Chevillon\",\"isPartOf\":{\"@id\":\"https:\\\/\\\/williamchevillon.fr\\\/#website\"},\"primaryImageOfPage\":{\"@id\":\"https:\\\/\\\/williamchevillon.fr\\\/index.php\\\/2023\\\/08\\\/23\\\/une-vie-de-papier\\\/#primaryimage\"},\"image\":{\"@id\":\"https:\\\/\\\/williamchevillon.fr\\\/index.php\\\/2023\\\/08\\\/23\\\/une-vie-de-papier\\\/#primaryimage\"},\"thumbnailUrl\":\"https:\\\/\\\/williamchevillon.fr\\\/wp-content\\\/uploads\\\/2023\\\/08\\\/IMG_3232-1024x683.jpg\",\"datePublished\":\"2023-08-23T18:52:20+00:00\",\"dateModified\":\"2023-08-24T17:10:55+00:00\",\"description\":\"Alors je range mes correspondances et je noircis un cahier, sans but r\u00e9el sinon que de vivre aussi par ces traces de papier.\",\"breadcrumb\":{\"@id\":\"https:\\\/\\\/williamchevillon.fr\\\/index.php\\\/2023\\\/08\\\/23\\\/une-vie-de-papier\\\/#breadcrumb\"},\"inLanguage\":\"fr-FR\",\"potentialAction\":[{\"@type\":\"ReadAction\",\"target\":[\"https:\\\/\\\/williamchevillon.fr\\\/index.php\\\/2023\\\/08\\\/23\\\/une-vie-de-papier\\\/\"]}]},{\"@type\":\"ImageObject\",\"inLanguage\":\"fr-FR\",\"@id\":\"https:\\\/\\\/williamchevillon.fr\\\/index.php\\\/2023\\\/08\\\/23\\\/une-vie-de-papier\\\/#primaryimage\",\"url\":\"https:\\\/\\\/williamchevillon.fr\\\/wp-content\\\/uploads\\\/2023\\\/08\\\/IMG_3232-scaled.jpg\",\"contentUrl\":\"https:\\\/\\\/williamchevillon.fr\\\/wp-content\\\/uploads\\\/2023\\\/08\\\/IMG_3232-scaled.jpg\",\"width\":2560,\"height\":1707},{\"@type\":\"BreadcrumbList\",\"@id\":\"https:\\\/\\\/williamchevillon.fr\\\/index.php\\\/2023\\\/08\\\/23\\\/une-vie-de-papier\\\/#breadcrumb\",\"itemListElement\":[{\"@type\":\"ListItem\",\"position\":1,\"name\":\"Accueil\",\"item\":\"https:\\\/\\\/williamchevillon.fr\\\/\"},{\"@type\":\"ListItem\",\"position\":2,\"name\":\"Une vie de papier\"}]},{\"@type\":\"WebSite\",\"@id\":\"https:\\\/\\\/williamchevillon.fr\\\/#website\",\"url\":\"https:\\\/\\\/williamchevillon.fr\\\/\",\"name\":\"William Chevillon\",\"description\":\"\u00ab Il n&#039;est pas dit qu&#039;en \u00e9crivant on assure le salut de son \u00e2me. \u00bb Italo Calvino\",\"publisher\":{\"@id\":\"https:\\\/\\\/williamchevillon.fr\\\/#organization\"},\"potentialAction\":[{\"@type\":\"SearchAction\",\"target\":{\"@type\":\"EntryPoint\",\"urlTemplate\":\"https:\\\/\\\/williamchevillon.fr\\\/?s={search_term_string}\"},\"query-input\":{\"@type\":\"PropertyValueSpecification\",\"valueRequired\":true,\"valueName\":\"search_term_string\"}}],\"inLanguage\":\"fr-FR\"},{\"@type\":\"Organization\",\"@id\":\"https:\\\/\\\/williamchevillon.fr\\\/#organization\",\"name\":\"William Chevillon\",\"url\":\"https:\\\/\\\/williamchevillon.fr\\\/\",\"logo\":{\"@type\":\"ImageObject\",\"inLanguage\":\"fr-FR\",\"@id\":\"https:\\\/\\\/williamchevillon.fr\\\/#\\\/schema\\\/logo\\\/image\\\/\",\"url\":\"https:\\\/\\\/williamchevillon.fr\\\/wp-content\\\/uploads\\\/2023\\\/03\\\/26881283122_9faaa7b2c2_k.jpg\",\"contentUrl\":\"https:\\\/\\\/williamchevillon.fr\\\/wp-content\\\/uploads\\\/2023\\\/03\\\/26881283122_9faaa7b2c2_k.jpg\",\"width\":2048,\"height\":1153,\"caption\":\"William Chevillon\"},\"image\":{\"@id\":\"https:\\\/\\\/williamchevillon.fr\\\/#\\\/schema\\\/logo\\\/image\\\/\"},\"sameAs\":[\"https:\\\/\\\/www.facebook.com\\\/WilliamChevillonPro\",\"https:\\\/\\\/instagram.com\\\/chevillonw\"]},{\"@type\":\"Person\",\"@id\":\"https:\\\/\\\/williamchevillon.fr\\\/#\\\/schema\\\/person\\\/eb30f03250952b7079f827caba706872\",\"name\":\"William Chevillon\",\"image\":{\"@type\":\"ImageObject\",\"inLanguage\":\"fr-FR\",\"@id\":\"https:\\\/\\\/secure.gravatar.com\\\/avatar\\\/d626b7752353789d21ea6ba008e34f538a0be7ecef0a6eefbf15acabdb28c0b9?s=96&d=mm&r=g\",\"url\":\"https:\\\/\\\/secure.gravatar.com\\\/avatar\\\/d626b7752353789d21ea6ba008e34f538a0be7ecef0a6eefbf15acabdb28c0b9?s=96&d=mm&r=g\",\"contentUrl\":\"https:\\\/\\\/secure.gravatar.com\\\/avatar\\\/d626b7752353789d21ea6ba008e34f538a0be7ecef0a6eefbf15acabdb28c0b9?s=96&d=mm&r=g\",\"caption\":\"William Chevillon\"},\"description\":\"Chercheur, artiste-auteur et m\u00e9diateur culturel attir\u00e9 par le spectacle vivant, l\u2019art contemporain, le patrimoine et les paysages.\",\"sameAs\":[\"https:\\\/\\\/williamchevillon.fr\"],\"url\":\"https:\\\/\\\/williamchevillon.fr\\\/index.php\\\/author\\\/admin2960\\\/\"}]}<\/script>\n<!-- \/ Yoast SEO plugin. -->","yoast_head_json":{"title":"Une vie de papier - William Chevillon","description":"Alors je range mes correspondances et je noircis un cahier, sans but r\u00e9el sinon que de vivre aussi par ces traces de papier.","robots":{"index":"index","follow":"follow","max-snippet":"max-snippet:-1","max-image-preview":"max-image-preview:large","max-video-preview":"max-video-preview:-1"},"canonical":"https:\/\/williamchevillon.fr\/index.php\/2023\/08\/23\/une-vie-de-papier\/","og_locale":"fr_FR","og_type":"article","og_title":"Une vie de papier","og_description":"Alors je range mes correspondances et je noircis un cahier, sans but r\u00e9el sinon que de vivre aussi par ces traces de papier.","og_url":"https:\/\/williamchevillon.fr\/index.php\/2023\/08\/23\/une-vie-de-papier\/","og_site_name":"William Chevillon","article_publisher":"https:\/\/www.facebook.com\/WilliamChevillonPro","article_published_time":"2023-08-23T18:52:20+00:00","article_modified_time":"2023-08-24T17:10:55+00:00","og_image":[{"width":2560,"height":1707,"url":"https:\/\/williamchevillon.fr\/wp-content\/uploads\/2023\/08\/IMG_3232-scaled.jpg","type":"image\/jpeg"}],"author":"William Chevillon","twitter_card":"summary_large_image","twitter_title":"Une vie de papier","twitter_description":"Alors je range mes correspondances et je noircis un cahier, sans but r\u00e9el sinon que de vivre aussi par ces traces de papier.","twitter_image":"https:\/\/williamchevillon.fr\/wp-content\/uploads\/2023\/08\/IMG_3232-scaled.jpg","twitter_misc":{"\u00c9crit par":"William Chevillon","Dur\u00e9e de lecture estim\u00e9e":"3 minutes"},"schema":{"@context":"https:\/\/schema.org","@graph":[{"@type":"Article","@id":"https:\/\/williamchevillon.fr\/index.php\/2023\/08\/23\/une-vie-de-papier\/#article","isPartOf":{"@id":"https:\/\/williamchevillon.fr\/index.php\/2023\/08\/23\/une-vie-de-papier\/"},"author":{"name":"William Chevillon","@id":"https:\/\/williamchevillon.fr\/#\/schema\/person\/eb30f03250952b7079f827caba706872"},"headline":"Une vie de papier","datePublished":"2023-08-23T18:52:20+00:00","dateModified":"2023-08-24T17:10:55+00:00","mainEntityOfPage":{"@id":"https:\/\/williamchevillon.fr\/index.php\/2023\/08\/23\/une-vie-de-papier\/"},"wordCount":582,"commentCount":0,"publisher":{"@id":"https:\/\/williamchevillon.fr\/#organization"},"image":{"@id":"https:\/\/williamchevillon.fr\/index.php\/2023\/08\/23\/une-vie-de-papier\/#primaryimage"},"thumbnailUrl":"https:\/\/williamchevillon.fr\/wp-content\/uploads\/2023\/08\/IMG_3232-1024x683.jpg","articleSection":["Fragments \u00e9crits - Journal"],"inLanguage":"fr-FR","potentialAction":[{"@type":"CommentAction","name":"Comment","target":["https:\/\/williamchevillon.fr\/index.php\/2023\/08\/23\/une-vie-de-papier\/#respond"]}]},{"@type":"WebPage","@id":"https:\/\/williamchevillon.fr\/index.php\/2023\/08\/23\/une-vie-de-papier\/","url":"https:\/\/williamchevillon.fr\/index.php\/2023\/08\/23\/une-vie-de-papier\/","name":"Une vie de papier - William Chevillon","isPartOf":{"@id":"https:\/\/williamchevillon.fr\/#website"},"primaryImageOfPage":{"@id":"https:\/\/williamchevillon.fr\/index.php\/2023\/08\/23\/une-vie-de-papier\/#primaryimage"},"image":{"@id":"https:\/\/williamchevillon.fr\/index.php\/2023\/08\/23\/une-vie-de-papier\/#primaryimage"},"thumbnailUrl":"https:\/\/williamchevillon.fr\/wp-content\/uploads\/2023\/08\/IMG_3232-1024x683.jpg","datePublished":"2023-08-23T18:52:20+00:00","dateModified":"2023-08-24T17:10:55+00:00","description":"Alors je range mes correspondances et je noircis un cahier, sans but r\u00e9el sinon que de vivre aussi par ces traces de papier.","breadcrumb":{"@id":"https:\/\/williamchevillon.fr\/index.php\/2023\/08\/23\/une-vie-de-papier\/#breadcrumb"},"inLanguage":"fr-FR","potentialAction":[{"@type":"ReadAction","target":["https:\/\/williamchevillon.fr\/index.php\/2023\/08\/23\/une-vie-de-papier\/"]}]},{"@type":"ImageObject","inLanguage":"fr-FR","@id":"https:\/\/williamchevillon.fr\/index.php\/2023\/08\/23\/une-vie-de-papier\/#primaryimage","url":"https:\/\/williamchevillon.fr\/wp-content\/uploads\/2023\/08\/IMG_3232-scaled.jpg","contentUrl":"https:\/\/williamchevillon.fr\/wp-content\/uploads\/2023\/08\/IMG_3232-scaled.jpg","width":2560,"height":1707},{"@type":"BreadcrumbList","@id":"https:\/\/williamchevillon.fr\/index.php\/2023\/08\/23\/une-vie-de-papier\/#breadcrumb","itemListElement":[{"@type":"ListItem","position":1,"name":"Accueil","item":"https:\/\/williamchevillon.fr\/"},{"@type":"ListItem","position":2,"name":"Une vie de papier"}]},{"@type":"WebSite","@id":"https:\/\/williamchevillon.fr\/#website","url":"https:\/\/williamchevillon.fr\/","name":"William Chevillon","description":"\u00ab Il n&#039;est pas dit qu&#039;en \u00e9crivant on assure le salut de son \u00e2me. \u00bb Italo Calvino","publisher":{"@id":"https:\/\/williamchevillon.fr\/#organization"},"potentialAction":[{"@type":"SearchAction","target":{"@type":"EntryPoint","urlTemplate":"https:\/\/williamchevillon.fr\/?s={search_term_string}"},"query-input":{"@type":"PropertyValueSpecification","valueRequired":true,"valueName":"search_term_string"}}],"inLanguage":"fr-FR"},{"@type":"Organization","@id":"https:\/\/williamchevillon.fr\/#organization","name":"William Chevillon","url":"https:\/\/williamchevillon.fr\/","logo":{"@type":"ImageObject","inLanguage":"fr-FR","@id":"https:\/\/williamchevillon.fr\/#\/schema\/logo\/image\/","url":"https:\/\/williamchevillon.fr\/wp-content\/uploads\/2023\/03\/26881283122_9faaa7b2c2_k.jpg","contentUrl":"https:\/\/williamchevillon.fr\/wp-content\/uploads\/2023\/03\/26881283122_9faaa7b2c2_k.jpg","width":2048,"height":1153,"caption":"William Chevillon"},"image":{"@id":"https:\/\/williamchevillon.fr\/#\/schema\/logo\/image\/"},"sameAs":["https:\/\/www.facebook.com\/WilliamChevillonPro","https:\/\/instagram.com\/chevillonw"]},{"@type":"Person","@id":"https:\/\/williamchevillon.fr\/#\/schema\/person\/eb30f03250952b7079f827caba706872","name":"William Chevillon","image":{"@type":"ImageObject","inLanguage":"fr-FR","@id":"https:\/\/secure.gravatar.com\/avatar\/d626b7752353789d21ea6ba008e34f538a0be7ecef0a6eefbf15acabdb28c0b9?s=96&d=mm&r=g","url":"https:\/\/secure.gravatar.com\/avatar\/d626b7752353789d21ea6ba008e34f538a0be7ecef0a6eefbf15acabdb28c0b9?s=96&d=mm&r=g","contentUrl":"https:\/\/secure.gravatar.com\/avatar\/d626b7752353789d21ea6ba008e34f538a0be7ecef0a6eefbf15acabdb28c0b9?s=96&d=mm&r=g","caption":"William Chevillon"},"description":"Chercheur, artiste-auteur et m\u00e9diateur culturel attir\u00e9 par le spectacle vivant, l\u2019art contemporain, le patrimoine et les paysages.","sameAs":["https:\/\/williamchevillon.fr"],"url":"https:\/\/williamchevillon.fr\/index.php\/author\/admin2960\/"}]}},"_links":{"self":[{"href":"https:\/\/williamchevillon.fr\/index.php\/wp-json\/wp\/v2\/posts\/692","targetHints":{"allow":["GET"]}}],"collection":[{"href":"https:\/\/williamchevillon.fr\/index.php\/wp-json\/wp\/v2\/posts"}],"about":[{"href":"https:\/\/williamchevillon.fr\/index.php\/wp-json\/wp\/v2\/types\/post"}],"author":[{"embeddable":true,"href":"https:\/\/williamchevillon.fr\/index.php\/wp-json\/wp\/v2\/users\/1"}],"replies":[{"embeddable":true,"href":"https:\/\/williamchevillon.fr\/index.php\/wp-json\/wp\/v2\/comments?post=692"}],"version-history":[{"count":4,"href":"https:\/\/williamchevillon.fr\/index.php\/wp-json\/wp\/v2\/posts\/692\/revisions"}],"predecessor-version":[{"id":703,"href":"https:\/\/williamchevillon.fr\/index.php\/wp-json\/wp\/v2\/posts\/692\/revisions\/703"}],"wp:attachment":[{"href":"https:\/\/williamchevillon.fr\/index.php\/wp-json\/wp\/v2\/media?parent=692"}],"wp:term":[{"taxonomy":"category","embeddable":true,"href":"https:\/\/williamchevillon.fr\/index.php\/wp-json\/wp\/v2\/categories?post=692"},{"taxonomy":"post_tag","embeddable":true,"href":"https:\/\/williamchevillon.fr\/index.php\/wp-json\/wp\/v2\/tags?post=692"}],"curies":[{"name":"wp","href":"https:\/\/api.w.org\/{rel}","templated":true}]}}