{"id":69,"date":"2022-07-19T20:40:51","date_gmt":"2022-07-19T18:40:51","guid":{"rendered":"http:\/\/williamchevillon.fr\/index.php\/2022\/07\/19\/la-possibilite-dun-recit\/"},"modified":"2023-03-12T17:53:21","modified_gmt":"2023-03-12T16:53:21","slug":"la-possibilite-dun-recit","status":"publish","type":"post","link":"https:\/\/williamchevillon.fr\/index.php\/2022\/07\/19\/la-possibilite-dun-recit\/","title":{"rendered":"La possibilit\u00e9 d\u2019un r\u00e9cit"},"content":{"rendered":"<figure class=\"tmblr-full\" data-orig-width=\"5184\" data-orig-height=\"3456\"><img decoding=\"async\" src=\"https:\/\/64.media.tumblr.com\/7669d853bc026c16a1043177a93156c0\/911f1a4743a0d166-ca\/s540x810\/09eda94cd00ad7c3b77b3ef6a922711bead60b0d.jpg\" alt=\"image\" data-orig-width=\"5184\" data-orig-height=\"3456\"><\/figure>\n<p>\u00ab Nous ne sommes rien, ce que nous cherchons est tout.&nbsp;\u00bb<\/p>\n<p>Traversant de nouveau la place Saint-Georges je repense \u00e0 ce qu\u2019\u00e9crit H\u00f6lderlin dans Hyp\u00e9rion. Et tandis que cette phrase me vient \u00e0 l\u2019esprit, il ne me semble pas excessif de m\u2019identifier \u00e0 ce jeune homme trouvant en une figure a\u00een\u00e9e un point d\u2019ancrage pour sortir de ses errements. Peut-\u00eatre la comparaison doit-elle s\u2019arr\u00eater l\u00e0, mais il y a quelque chose de la prospection intime dans ce qui me m\u00e8ne ici maintenant, comme \u00e0 chaque fois que je me rends \u00e0 Paris.<\/p>\n<p>La fois pr\u00e9c\u00e9dente j\u2019avais trouv\u00e9 la porte de son immeuble&nbsp;; aujourd\u2019hui je ne me rappelle plus de quel num\u00e9ro de la rue il s\u2019agissait. Cela importe-t-il d\u2019ailleurs vraiment d\u2019identifier une fa\u00e7ade monochrome et lisse, parmi d\u2019autres murs eux-m\u00eames inertes \u00e0 mon regard. Et que m\u2019apporterait de reconna\u00eetre cet immeuble quand bien m\u00eame je ne pourrais jamais en percevoir davantage que ce que la rue donne \u00e0 regarder. Ni \u00e9tage ni num\u00e9ro d\u2019appartement pour m\u2019orienter. Les correspondances que j\u2019ai rang\u00e9es avec soin ne me livrent qu\u2019un int\u00e9rieur de papier mais des reliefs beaucoup plus utiles \u00e0 ce que ma m\u00e9moire se figure.<\/p>\n<p>Il y a peu je parlais \u00e0 un ami cher de ce qu\u2019apporte le r\u00e9el au r\u00e9cit&nbsp;; me demandant si la recherche de trop d\u2019exact ne pouvait pas emp\u00eacher le d\u00e9ploiement de ce que l\u2019on d\u00e9sire exprimer. Lui disant \u00ab&nbsp;j\u2019aime l\u2019id\u00e9e que tu tisses toute la mati\u00e8re sensible, par d\u00e9duction et invention, sans peut-\u00eatre la conna\u00eetre vraiment&nbsp;\u00bb, je me suis rendu compte que je parlais aussi de moi et de mes questionnements qui n\u2019auront pas tous de r\u00e9ponses. Et j\u2019ai repens\u00e9 \u00e0 Romain Gandolphe qui, sorti des Beaux-Arts de Lyon, <a href=\"https:\/\/youtu.be\/Up10jyO26mU\" target=\"_blank\" rel=\"noopener\">est retourn\u00e9 dans le d\u00e9sert Mojave \u00e0 la qu\u00eate d\u2019un relief photographi\u00e9 par Robert Barry en 1969<\/a>. Et de cela appara\u00eet l\u2019id\u00e9e que la d\u00e9marche est peut-\u00eatre plus constitutive qu\u2019une finalit\u00e9 claire.<\/p>\n<p>Ce jour, place Saint-Georges, est n\u00e9e la possibilit\u00e9 d\u2019un r\u00e9cit. Un r\u00e9cit sans finalit\u00e9 scientifique mais dont j\u2019ai compris ce qu\u2019il devait comporter de choses palpables comme non dites.<\/p>\n","protected":false},"excerpt":{"rendered":"<p>\u00ab Nous ne sommes rien, ce que nous cherchons est tout.&nbsp;\u00bb Traversant de nouveau la place Saint-Georges je repense \u00e0 ce qu\u2019\u00e9crit H\u00f6lderlin dans Hyp\u00e9rion. Et tandis que cette phrase me vient \u00e0 l\u2019esprit, il ne me semble pas excessif de m\u2019identifier \u00e0 ce jeune homme trouvant en une figure a\u00een\u00e9e un point d\u2019ancrage pour [&hellip;]<\/p>\n","protected":false},"author":1,"featured_media":0,"comment_status":"open","ping_status":"open","sticky":false,"template":"","format":"standard","meta":{"footnotes":""},"categories":[6],"tags":[],"class_list":["post-69","post","type-post","status-publish","format-standard","hentry","category-fragments"],"yoast_head":"<!-- This site is optimized with the Yoast SEO plugin v27.5 - https:\/\/yoast.com\/product\/yoast-seo-wordpress\/ -->\n<title>La possibilit\u00e9 d\u2019un r\u00e9cit - William Chevillon<\/title>\n<meta name=\"description\" content=\"La possibilit\u00e9 d\u2019un r\u00e9cit Fragments \u00e9crits - Journal William Chevillon\" \/>\n<meta name=\"robots\" content=\"index, follow, max-snippet:-1, max-image-preview:large, max-video-preview:-1\" \/>\n<link rel=\"canonical\" href=\"https:\/\/williamchevillon.fr\/index.php\/2022\/07\/19\/la-possibilite-dun-recit\/\" \/>\n<meta property=\"og:locale\" content=\"fr_FR\" \/>\n<meta property=\"og:type\" content=\"article\" \/>\n<meta property=\"og:title\" content=\"La possibilit\u00e9 d\u2019un r\u00e9cit - William Chevillon\" \/>\n<meta property=\"og:description\" content=\"La possibilit\u00e9 d\u2019un r\u00e9cit Fragments \u00e9crits - Journal William Chevillon\" \/>\n<meta property=\"og:url\" content=\"https:\/\/williamchevillon.fr\/index.php\/2022\/07\/19\/la-possibilite-dun-recit\/\" \/>\n<meta property=\"og:site_name\" content=\"William Chevillon\" \/>\n<meta property=\"article:publisher\" content=\"https:\/\/www.facebook.com\/WilliamChevillonPro\" \/>\n<meta property=\"article:published_time\" content=\"2022-07-19T18:40:51+00:00\" \/>\n<meta property=\"article:modified_time\" content=\"2023-03-12T16:53:21+00:00\" \/>\n<meta property=\"og:image\" content=\"https:\/\/williamchevillon.fr\/wp-content\/uploads\/2022\/07\/tumblr_7669d853bc026c16a1043177a93156c0_09eda94c_540.jpg\" \/>\n\t<meta property=\"og:image:width\" content=\"540\" \/>\n\t<meta property=\"og:image:height\" content=\"360\" \/>\n\t<meta property=\"og:image:type\" content=\"image\/jpeg\" \/>\n<meta name=\"author\" content=\"William Chevillon\" \/>\n<meta name=\"twitter:card\" content=\"summary_large_image\" \/>\n<meta name=\"twitter:image\" content=\"https:\/\/williamchevillon.fr\/wp-content\/uploads\/2022\/07\/tumblr_7669d853bc026c16a1043177a93156c0_09eda94c_540.jpg\" \/>\n<meta name=\"twitter:label1\" content=\"\u00c9crit par\" \/>\n\t<meta name=\"twitter:data1\" content=\"William Chevillon\" \/>\n\t<meta name=\"twitter:label2\" content=\"Dur\u00e9e de lecture estim\u00e9e\" \/>\n\t<meta name=\"twitter:data2\" content=\"2 minutes\" \/>\n<script type=\"application\/ld+json\" class=\"yoast-schema-graph\">{\"@context\":\"https:\\\/\\\/schema.org\",\"@graph\":[{\"@type\":\"Article\",\"@id\":\"https:\\\/\\\/williamchevillon.fr\\\/index.php\\\/2022\\\/07\\\/19\\\/la-possibilite-dun-recit\\\/#article\",\"isPartOf\":{\"@id\":\"https:\\\/\\\/williamchevillon.fr\\\/index.php\\\/2022\\\/07\\\/19\\\/la-possibilite-dun-recit\\\/\"},\"author\":{\"name\":\"William Chevillon\",\"@id\":\"https:\\\/\\\/williamchevillon.fr\\\/#\\\/schema\\\/person\\\/eb30f03250952b7079f827caba706872\"},\"headline\":\"La possibilit\u00e9 d\u2019un r\u00e9cit\",\"datePublished\":\"2022-07-19T18:40:51+00:00\",\"dateModified\":\"2023-03-12T16:53:21+00:00\",\"mainEntityOfPage\":{\"@id\":\"https:\\\/\\\/williamchevillon.fr\\\/index.php\\\/2022\\\/07\\\/19\\\/la-possibilite-dun-recit\\\/\"},\"wordCount\":409,\"commentCount\":0,\"publisher\":{\"@id\":\"https:\\\/\\\/williamchevillon.fr\\\/#organization\"},\"image\":{\"@id\":\"https:\\\/\\\/williamchevillon.fr\\\/index.php\\\/2022\\\/07\\\/19\\\/la-possibilite-dun-recit\\\/#primaryimage\"},\"thumbnailUrl\":\"https:\\\/\\\/64.media.tumblr.com\\\/7669d853bc026c16a1043177a93156c0\\\/911f1a4743a0d166-ca\\\/s540x810\\\/09eda94cd00ad7c3b77b3ef6a922711bead60b0d.jpg\",\"articleSection\":[\"Fragments \u00e9crits - Journal\"],\"inLanguage\":\"fr-FR\",\"potentialAction\":[{\"@type\":\"CommentAction\",\"name\":\"Comment\",\"target\":[\"https:\\\/\\\/williamchevillon.fr\\\/index.php\\\/2022\\\/07\\\/19\\\/la-possibilite-dun-recit\\\/#respond\"]}]},{\"@type\":\"WebPage\",\"@id\":\"https:\\\/\\\/williamchevillon.fr\\\/index.php\\\/2022\\\/07\\\/19\\\/la-possibilite-dun-recit\\\/\",\"url\":\"https:\\\/\\\/williamchevillon.fr\\\/index.php\\\/2022\\\/07\\\/19\\\/la-possibilite-dun-recit\\\/\",\"name\":\"La possibilit\u00e9 d\u2019un r\u00e9cit - William Chevillon\",\"isPartOf\":{\"@id\":\"https:\\\/\\\/williamchevillon.fr\\\/#website\"},\"primaryImageOfPage\":{\"@id\":\"https:\\\/\\\/williamchevillon.fr\\\/index.php\\\/2022\\\/07\\\/19\\\/la-possibilite-dun-recit\\\/#primaryimage\"},\"image\":{\"@id\":\"https:\\\/\\\/williamchevillon.fr\\\/index.php\\\/2022\\\/07\\\/19\\\/la-possibilite-dun-recit\\\/#primaryimage\"},\"thumbnailUrl\":\"https:\\\/\\\/64.media.tumblr.com\\\/7669d853bc026c16a1043177a93156c0\\\/911f1a4743a0d166-ca\\\/s540x810\\\/09eda94cd00ad7c3b77b3ef6a922711bead60b0d.jpg\",\"datePublished\":\"2022-07-19T18:40:51+00:00\",\"dateModified\":\"2023-03-12T16:53:21+00:00\",\"description\":\"La possibilit\u00e9 d\u2019un r\u00e9cit Fragments \u00e9crits - Journal William Chevillon\",\"breadcrumb\":{\"@id\":\"https:\\\/\\\/williamchevillon.fr\\\/index.php\\\/2022\\\/07\\\/19\\\/la-possibilite-dun-recit\\\/#breadcrumb\"},\"inLanguage\":\"fr-FR\",\"potentialAction\":[{\"@type\":\"ReadAction\",\"target\":[\"https:\\\/\\\/williamchevillon.fr\\\/index.php\\\/2022\\\/07\\\/19\\\/la-possibilite-dun-recit\\\/\"]}]},{\"@type\":\"ImageObject\",\"inLanguage\":\"fr-FR\",\"@id\":\"https:\\\/\\\/williamchevillon.fr\\\/index.php\\\/2022\\\/07\\\/19\\\/la-possibilite-dun-recit\\\/#primaryimage\",\"url\":\"https:\\\/\\\/64.media.tumblr.com\\\/7669d853bc026c16a1043177a93156c0\\\/911f1a4743a0d166-ca\\\/s540x810\\\/09eda94cd00ad7c3b77b3ef6a922711bead60b0d.jpg\",\"contentUrl\":\"https:\\\/\\\/64.media.tumblr.com\\\/7669d853bc026c16a1043177a93156c0\\\/911f1a4743a0d166-ca\\\/s540x810\\\/09eda94cd00ad7c3b77b3ef6a922711bead60b0d.jpg\"},{\"@type\":\"BreadcrumbList\",\"@id\":\"https:\\\/\\\/williamchevillon.fr\\\/index.php\\\/2022\\\/07\\\/19\\\/la-possibilite-dun-recit\\\/#breadcrumb\",\"itemListElement\":[{\"@type\":\"ListItem\",\"position\":1,\"name\":\"Accueil\",\"item\":\"https:\\\/\\\/williamchevillon.fr\\\/\"},{\"@type\":\"ListItem\",\"position\":2,\"name\":\"La possibilit\u00e9 d\u2019un r\u00e9cit\"}]},{\"@type\":\"WebSite\",\"@id\":\"https:\\\/\\\/williamchevillon.fr\\\/#website\",\"url\":\"https:\\\/\\\/williamchevillon.fr\\\/\",\"name\":\"William Chevillon\",\"description\":\"\u00ab Il n&#039;est pas dit qu&#039;en \u00e9crivant on assure le salut de son \u00e2me. \u00bb Italo Calvino\",\"publisher\":{\"@id\":\"https:\\\/\\\/williamchevillon.fr\\\/#organization\"},\"potentialAction\":[{\"@type\":\"SearchAction\",\"target\":{\"@type\":\"EntryPoint\",\"urlTemplate\":\"https:\\\/\\\/williamchevillon.fr\\\/?s={search_term_string}\"},\"query-input\":{\"@type\":\"PropertyValueSpecification\",\"valueRequired\":true,\"valueName\":\"search_term_string\"}}],\"inLanguage\":\"fr-FR\"},{\"@type\":\"Organization\",\"@id\":\"https:\\\/\\\/williamchevillon.fr\\\/#organization\",\"name\":\"William Chevillon\",\"url\":\"https:\\\/\\\/williamchevillon.fr\\\/\",\"logo\":{\"@type\":\"ImageObject\",\"inLanguage\":\"fr-FR\",\"@id\":\"https:\\\/\\\/williamchevillon.fr\\\/#\\\/schema\\\/logo\\\/image\\\/\",\"url\":\"https:\\\/\\\/williamchevillon.fr\\\/wp-content\\\/uploads\\\/2023\\\/03\\\/26881283122_9faaa7b2c2_k.jpg\",\"contentUrl\":\"https:\\\/\\\/williamchevillon.fr\\\/wp-content\\\/uploads\\\/2023\\\/03\\\/26881283122_9faaa7b2c2_k.jpg\",\"width\":2048,\"height\":1153,\"caption\":\"William Chevillon\"},\"image\":{\"@id\":\"https:\\\/\\\/williamchevillon.fr\\\/#\\\/schema\\\/logo\\\/image\\\/\"},\"sameAs\":[\"https:\\\/\\\/www.facebook.com\\\/WilliamChevillonPro\",\"https:\\\/\\\/instagram.com\\\/chevillonw\"]},{\"@type\":\"Person\",\"@id\":\"https:\\\/\\\/williamchevillon.fr\\\/#\\\/schema\\\/person\\\/eb30f03250952b7079f827caba706872\",\"name\":\"William Chevillon\",\"image\":{\"@type\":\"ImageObject\",\"inLanguage\":\"fr-FR\",\"@id\":\"https:\\\/\\\/secure.gravatar.com\\\/avatar\\\/d626b7752353789d21ea6ba008e34f538a0be7ecef0a6eefbf15acabdb28c0b9?s=96&d=mm&r=g\",\"url\":\"https:\\\/\\\/secure.gravatar.com\\\/avatar\\\/d626b7752353789d21ea6ba008e34f538a0be7ecef0a6eefbf15acabdb28c0b9?s=96&d=mm&r=g\",\"contentUrl\":\"https:\\\/\\\/secure.gravatar.com\\\/avatar\\\/d626b7752353789d21ea6ba008e34f538a0be7ecef0a6eefbf15acabdb28c0b9?s=96&d=mm&r=g\",\"caption\":\"William Chevillon\"},\"description\":\"Chercheur, artiste-auteur et m\u00e9diateur culturel attir\u00e9 par le spectacle vivant, l\u2019art contemporain, le patrimoine et les paysages.\",\"sameAs\":[\"https:\\\/\\\/williamchevillon.fr\"],\"url\":\"https:\\\/\\\/williamchevillon.fr\\\/index.php\\\/author\\\/admin2960\\\/\"}]}<\/script>\n<!-- \/ Yoast SEO plugin. -->","yoast_head_json":{"title":"La possibilit\u00e9 d\u2019un r\u00e9cit - William Chevillon","description":"La possibilit\u00e9 d\u2019un r\u00e9cit Fragments \u00e9crits - Journal William Chevillon","robots":{"index":"index","follow":"follow","max-snippet":"max-snippet:-1","max-image-preview":"max-image-preview:large","max-video-preview":"max-video-preview:-1"},"canonical":"https:\/\/williamchevillon.fr\/index.php\/2022\/07\/19\/la-possibilite-dun-recit\/","og_locale":"fr_FR","og_type":"article","og_title":"La possibilit\u00e9 d\u2019un r\u00e9cit - William Chevillon","og_description":"La possibilit\u00e9 d\u2019un r\u00e9cit Fragments \u00e9crits - Journal William Chevillon","og_url":"https:\/\/williamchevillon.fr\/index.php\/2022\/07\/19\/la-possibilite-dun-recit\/","og_site_name":"William Chevillon","article_publisher":"https:\/\/www.facebook.com\/WilliamChevillonPro","article_published_time":"2022-07-19T18:40:51+00:00","article_modified_time":"2023-03-12T16:53:21+00:00","og_image":[{"width":540,"height":360,"url":"https:\/\/williamchevillon.fr\/wp-content\/uploads\/2022\/07\/tumblr_7669d853bc026c16a1043177a93156c0_09eda94c_540.jpg","type":"image\/jpeg"}],"author":"William Chevillon","twitter_card":"summary_large_image","twitter_image":"https:\/\/williamchevillon.fr\/wp-content\/uploads\/2022\/07\/tumblr_7669d853bc026c16a1043177a93156c0_09eda94c_540.jpg","twitter_misc":{"\u00c9crit par":"William Chevillon","Dur\u00e9e de lecture estim\u00e9e":"2 minutes"},"schema":{"@context":"https:\/\/schema.org","@graph":[{"@type":"Article","@id":"https:\/\/williamchevillon.fr\/index.php\/2022\/07\/19\/la-possibilite-dun-recit\/#article","isPartOf":{"@id":"https:\/\/williamchevillon.fr\/index.php\/2022\/07\/19\/la-possibilite-dun-recit\/"},"author":{"name":"William Chevillon","@id":"https:\/\/williamchevillon.fr\/#\/schema\/person\/eb30f03250952b7079f827caba706872"},"headline":"La possibilit\u00e9 d\u2019un r\u00e9cit","datePublished":"2022-07-19T18:40:51+00:00","dateModified":"2023-03-12T16:53:21+00:00","mainEntityOfPage":{"@id":"https:\/\/williamchevillon.fr\/index.php\/2022\/07\/19\/la-possibilite-dun-recit\/"},"wordCount":409,"commentCount":0,"publisher":{"@id":"https:\/\/williamchevillon.fr\/#organization"},"image":{"@id":"https:\/\/williamchevillon.fr\/index.php\/2022\/07\/19\/la-possibilite-dun-recit\/#primaryimage"},"thumbnailUrl":"https:\/\/64.media.tumblr.com\/7669d853bc026c16a1043177a93156c0\/911f1a4743a0d166-ca\/s540x810\/09eda94cd00ad7c3b77b3ef6a922711bead60b0d.jpg","articleSection":["Fragments \u00e9crits - Journal"],"inLanguage":"fr-FR","potentialAction":[{"@type":"CommentAction","name":"Comment","target":["https:\/\/williamchevillon.fr\/index.php\/2022\/07\/19\/la-possibilite-dun-recit\/#respond"]}]},{"@type":"WebPage","@id":"https:\/\/williamchevillon.fr\/index.php\/2022\/07\/19\/la-possibilite-dun-recit\/","url":"https:\/\/williamchevillon.fr\/index.php\/2022\/07\/19\/la-possibilite-dun-recit\/","name":"La possibilit\u00e9 d\u2019un r\u00e9cit - William Chevillon","isPartOf":{"@id":"https:\/\/williamchevillon.fr\/#website"},"primaryImageOfPage":{"@id":"https:\/\/williamchevillon.fr\/index.php\/2022\/07\/19\/la-possibilite-dun-recit\/#primaryimage"},"image":{"@id":"https:\/\/williamchevillon.fr\/index.php\/2022\/07\/19\/la-possibilite-dun-recit\/#primaryimage"},"thumbnailUrl":"https:\/\/64.media.tumblr.com\/7669d853bc026c16a1043177a93156c0\/911f1a4743a0d166-ca\/s540x810\/09eda94cd00ad7c3b77b3ef6a922711bead60b0d.jpg","datePublished":"2022-07-19T18:40:51+00:00","dateModified":"2023-03-12T16:53:21+00:00","description":"La possibilit\u00e9 d\u2019un r\u00e9cit Fragments \u00e9crits - Journal William Chevillon","breadcrumb":{"@id":"https:\/\/williamchevillon.fr\/index.php\/2022\/07\/19\/la-possibilite-dun-recit\/#breadcrumb"},"inLanguage":"fr-FR","potentialAction":[{"@type":"ReadAction","target":["https:\/\/williamchevillon.fr\/index.php\/2022\/07\/19\/la-possibilite-dun-recit\/"]}]},{"@type":"ImageObject","inLanguage":"fr-FR","@id":"https:\/\/williamchevillon.fr\/index.php\/2022\/07\/19\/la-possibilite-dun-recit\/#primaryimage","url":"https:\/\/64.media.tumblr.com\/7669d853bc026c16a1043177a93156c0\/911f1a4743a0d166-ca\/s540x810\/09eda94cd00ad7c3b77b3ef6a922711bead60b0d.jpg","contentUrl":"https:\/\/64.media.tumblr.com\/7669d853bc026c16a1043177a93156c0\/911f1a4743a0d166-ca\/s540x810\/09eda94cd00ad7c3b77b3ef6a922711bead60b0d.jpg"},{"@type":"BreadcrumbList","@id":"https:\/\/williamchevillon.fr\/index.php\/2022\/07\/19\/la-possibilite-dun-recit\/#breadcrumb","itemListElement":[{"@type":"ListItem","position":1,"name":"Accueil","item":"https:\/\/williamchevillon.fr\/"},{"@type":"ListItem","position":2,"name":"La possibilit\u00e9 d\u2019un r\u00e9cit"}]},{"@type":"WebSite","@id":"https:\/\/williamchevillon.fr\/#website","url":"https:\/\/williamchevillon.fr\/","name":"William Chevillon","description":"\u00ab Il n&#039;est pas dit qu&#039;en \u00e9crivant on assure le salut de son \u00e2me. \u00bb Italo Calvino","publisher":{"@id":"https:\/\/williamchevillon.fr\/#organization"},"potentialAction":[{"@type":"SearchAction","target":{"@type":"EntryPoint","urlTemplate":"https:\/\/williamchevillon.fr\/?s={search_term_string}"},"query-input":{"@type":"PropertyValueSpecification","valueRequired":true,"valueName":"search_term_string"}}],"inLanguage":"fr-FR"},{"@type":"Organization","@id":"https:\/\/williamchevillon.fr\/#organization","name":"William Chevillon","url":"https:\/\/williamchevillon.fr\/","logo":{"@type":"ImageObject","inLanguage":"fr-FR","@id":"https:\/\/williamchevillon.fr\/#\/schema\/logo\/image\/","url":"https:\/\/williamchevillon.fr\/wp-content\/uploads\/2023\/03\/26881283122_9faaa7b2c2_k.jpg","contentUrl":"https:\/\/williamchevillon.fr\/wp-content\/uploads\/2023\/03\/26881283122_9faaa7b2c2_k.jpg","width":2048,"height":1153,"caption":"William Chevillon"},"image":{"@id":"https:\/\/williamchevillon.fr\/#\/schema\/logo\/image\/"},"sameAs":["https:\/\/www.facebook.com\/WilliamChevillonPro","https:\/\/instagram.com\/chevillonw"]},{"@type":"Person","@id":"https:\/\/williamchevillon.fr\/#\/schema\/person\/eb30f03250952b7079f827caba706872","name":"William Chevillon","image":{"@type":"ImageObject","inLanguage":"fr-FR","@id":"https:\/\/secure.gravatar.com\/avatar\/d626b7752353789d21ea6ba008e34f538a0be7ecef0a6eefbf15acabdb28c0b9?s=96&d=mm&r=g","url":"https:\/\/secure.gravatar.com\/avatar\/d626b7752353789d21ea6ba008e34f538a0be7ecef0a6eefbf15acabdb28c0b9?s=96&d=mm&r=g","contentUrl":"https:\/\/secure.gravatar.com\/avatar\/d626b7752353789d21ea6ba008e34f538a0be7ecef0a6eefbf15acabdb28c0b9?s=96&d=mm&r=g","caption":"William Chevillon"},"description":"Chercheur, artiste-auteur et m\u00e9diateur culturel attir\u00e9 par le spectacle vivant, l\u2019art contemporain, le patrimoine et les paysages.","sameAs":["https:\/\/williamchevillon.fr"],"url":"https:\/\/williamchevillon.fr\/index.php\/author\/admin2960\/"}]}},"_links":{"self":[{"href":"https:\/\/williamchevillon.fr\/index.php\/wp-json\/wp\/v2\/posts\/69","targetHints":{"allow":["GET"]}}],"collection":[{"href":"https:\/\/williamchevillon.fr\/index.php\/wp-json\/wp\/v2\/posts"}],"about":[{"href":"https:\/\/williamchevillon.fr\/index.php\/wp-json\/wp\/v2\/types\/post"}],"author":[{"embeddable":true,"href":"https:\/\/williamchevillon.fr\/index.php\/wp-json\/wp\/v2\/users\/1"}],"replies":[{"embeddable":true,"href":"https:\/\/williamchevillon.fr\/index.php\/wp-json\/wp\/v2\/comments?post=69"}],"version-history":[{"count":4,"href":"https:\/\/williamchevillon.fr\/index.php\/wp-json\/wp\/v2\/posts\/69\/revisions"}],"predecessor-version":[{"id":481,"href":"https:\/\/williamchevillon.fr\/index.php\/wp-json\/wp\/v2\/posts\/69\/revisions\/481"}],"wp:attachment":[{"href":"https:\/\/williamchevillon.fr\/index.php\/wp-json\/wp\/v2\/media?parent=69"}],"wp:term":[{"taxonomy":"category","embeddable":true,"href":"https:\/\/williamchevillon.fr\/index.php\/wp-json\/wp\/v2\/categories?post=69"},{"taxonomy":"post_tag","embeddable":true,"href":"https:\/\/williamchevillon.fr\/index.php\/wp-json\/wp\/v2\/tags?post=69"}],"curies":[{"name":"wp","href":"https:\/\/api.w.org\/{rel}","templated":true}]}}