{"id":68,"date":"2022-08-09T16:53:47","date_gmt":"2022-08-09T14:53:47","guid":{"rendered":"http:\/\/williamchevillon.fr\/index.php\/2022\/08\/09\/la-plaine-fritz-et-le-reel\/"},"modified":"2023-03-12T17:51:51","modified_gmt":"2023-03-12T16:51:51","slug":"la-plaine-fritz-et-le-reel","status":"publish","type":"post","link":"https:\/\/williamchevillon.fr\/index.php\/2022\/08\/09\/la-plaine-fritz-et-le-reel\/","title":{"rendered":"La plaine, Fritz et le r\u00e9el"},"content":{"rendered":"<figure class=\"tmblr-full\" data-orig-width=\"2048\" data-orig-height=\"1536\"><img decoding=\"async\" src=\"https:\/\/64.media.tumblr.com\/7b4d528b4539fdd12ceb681e09b7d9ab\/6e45c4e60be23fcb-6a\/s540x810\/4f042c241df08ec129805e9a8e3a70003cddae65.jpg\" alt=\"image\" data-orig-width=\"2048\" data-orig-height=\"1536\"><\/figure>\n<p>De la ville, la premi\u00e8re silhouette est celle de la gare. Aussit\u00f4t lui dis-je qu\u2019elle est de Victor Laloux, le m\u00eame qui a r\u00e9alis\u00e9 la basilique et d\u2019autres choses connues mais dont j\u2019ai oubli\u00e9 le nom \u00e0 cet instant. Il m\u2019\u00e9coute et je continue, je pourrais lui parler de la technologie Inorail qui alimente le tramway en \u00e9lectricit\u00e9 et il m\u2019\u00e9couterait encore. Je ne le fais pas, simplement je le regarde et cela est bien mieux. Je sais que mes histoires l\u2019amusent, qu\u2019il sait que dans chaque ville travers\u00e9e je trouverais quelque chose \u00e0 raconter. De mon silence je me contente et go\u00fbte la sensation du vent qui, de l\u2019Est, transporte ce que le lieu a de parfums et de chaleur.<\/p>\n<p>\u00c0 une touriste qui souhaite \u00eatre prise en photo devant une ruine j\u2019explique l\u2019architecture de la premi\u00e8re Renaissance, je me fais des auto-concours de datation de monuments et d\u00e9j\u00e0 nous cherchons la carte postale la plus laide, celle avec un chaton et des g\u00e9raniums, pour t\u00e9moigner de notre passage en cette auguste cit\u00e9. J\u2019aurais aim\u00e9 qu\u2019il en exist\u00e2t une avec l\u2019A\u00e9rotrain dont il m\u2019a montr\u00e9 le rail de b\u00e9ton d\u00e9ploy\u00e9 sur la plaine c\u00e9r\u00e9ali\u00e8re. \u00ab Bons baisers du Loiret \u00bb au-dessus d\u2019un chaton roux conduisant un prototype de Jean Bertin.<\/p>\n<p>Il m\u2019a photographi\u00e9 dans le train duquel nous regardions la promesse technologique des Trente glorieuses, et dont il m\u2019indiqua qu\u2019elle pourrait revoir le jour. \u00ab Raymond Depardon \u00bb a-t-il dit. Je me suis davantage vu dans un safari sans lions ni girafes, une exploration de ce que la soci\u00e9t\u00e9 industrielle a sem\u00e9 comme autant d\u2019animaux tapis dans le lointain.<\/p>\n<figure class=\"tmblr-full\" data-orig-width=\"5184\" data-orig-height=\"3456\"><img decoding=\"async\" src=\"https:\/\/64.media.tumblr.com\/ad751b915261bcbf6c1871d0edfb905d\/6e45c4e60be23fcb-51\/s540x810\/16b8908f4b1169146844ca0990d865e9ba2b8d35.jpg\" alt=\"image\" data-orig-width=\"5184\" data-orig-height=\"3456\"><\/figure>\n<p>Les bagages pos\u00e9s nous rendons visite \u00e0 Fritz, l\u2019\u00e9l\u00e9phant naturalis\u00e9 apr\u00e8s qu\u2019un cirque e\u00fbt l\u2019id\u00e9e d\u2019offrir sa d\u00e9pouille \u00e0 la ville. Je repense au safari dans la Beauce et me dis que la b\u00eate est aussi lift\u00e9e qu\u2019un silo \u00e0 grains dont on a r\u00e9nov\u00e9 la couverture zingu\u00e9e. Qu\u2019importe, Fritz devait \u00eatre une brave b\u00eate et les conditions de son existence nous le rendent sympathique.<\/p>\n<p>Dans cette \u00e9tape nous voil\u00e0 sur un isthme, mi touristes mi habitants. La grande roue nous attire, tout comme une escapade loin de l\u00e0, sur l\u2019autre rive. Et lorsque nous y cheminons, je lui demande s\u2019il a d\u00e9j\u00e0 grimp\u00e9 dans un clocher d\u2019\u00e9glise. Je monte, pousse la trappe, elle me r\u00e9siste mais peu de temps, lui indique qu\u2019il peut venir. \u00ab&nbsp;C\u2019est solide&nbsp;?&nbsp;\u00bb Oui, je n\u2019en doute pas. J\u2019ai regard\u00e9 ma montre&nbsp;: \u00ab&nbsp;\u00c7a devrait faire bong d\u2019ici une minute&nbsp;\u00bb. Les cloches tintent, nous \u00e9tions pr\u00e9par\u00e9s.<\/p>\n<p><i>Nous \u00e9tions pr\u00e9par\u00e9s \u00e0 voir Fritz, \u00e0 trouver le meilleur PMU pour un caf\u00e9 allong\u00e9, \u00e0 musarder outre-Loire et \u00e0 contempler le paysage depuis un wagon sans doute command\u00e9 par Olivier Guichard. Vivre et \u00e9prouver ici nous l\u2019avons anticip\u00e9, mais semblables \u00e0 une premi\u00e8re fois continue il est des sentiments que l\u2019on mesure qu\u2019au prisme du r\u00e9el.<\/i><\/p>\n","protected":false},"excerpt":{"rendered":"<p>De la ville, la premi\u00e8re silhouette est celle de la gare. Aussit\u00f4t lui dis-je qu\u2019elle est de Victor Laloux, le m\u00eame qui a r\u00e9alis\u00e9 la basilique et d\u2019autres choses connues mais dont j\u2019ai oubli\u00e9 le nom \u00e0 cet instant. Il m\u2019\u00e9coute et je continue, je pourrais lui parler de la technologie Inorail qui alimente le [&hellip;]<\/p>\n","protected":false},"author":1,"featured_media":0,"comment_status":"open","ping_status":"open","sticky":false,"template":"","format":"standard","meta":{"footnotes":""},"categories":[6],"tags":[],"class_list":["post-68","post","type-post","status-publish","format-standard","hentry","category-fragments"],"yoast_head":"<!-- This site is optimized with the Yoast SEO plugin v27.5 - https:\/\/yoast.com\/product\/yoast-seo-wordpress\/ -->\n<title>La plaine, Fritz et le r\u00e9el - William Chevillon<\/title>\n<meta name=\"description\" content=\"La plaine, Fritz et le r\u00e9el Fragments \u00e9crits - Journal William Chevillon\" \/>\n<meta name=\"robots\" content=\"index, follow, max-snippet:-1, max-image-preview:large, max-video-preview:-1\" \/>\n<link rel=\"canonical\" href=\"https:\/\/williamchevillon.fr\/index.php\/2022\/08\/09\/la-plaine-fritz-et-le-reel\/\" \/>\n<meta property=\"og:locale\" content=\"fr_FR\" \/>\n<meta property=\"og:type\" content=\"article\" \/>\n<meta property=\"og:title\" content=\"La plaine, Fritz et le r\u00e9el - William Chevillon\" \/>\n<meta property=\"og:description\" content=\"La plaine, Fritz et le r\u00e9el Fragments \u00e9crits - Journal William Chevillon\" \/>\n<meta property=\"og:url\" content=\"https:\/\/williamchevillon.fr\/index.php\/2022\/08\/09\/la-plaine-fritz-et-le-reel\/\" \/>\n<meta property=\"og:site_name\" content=\"William Chevillon\" \/>\n<meta property=\"article:publisher\" content=\"https:\/\/www.facebook.com\/WilliamChevillonPro\" \/>\n<meta property=\"article:published_time\" content=\"2022-08-09T14:53:47+00:00\" \/>\n<meta property=\"article:modified_time\" content=\"2023-03-12T16:51:51+00:00\" \/>\n<meta property=\"og:image\" content=\"https:\/\/williamchevillon.fr\/wp-content\/uploads\/2022\/08\/tumblr_7b4d528b4539fdd12ceb681e09b7d9ab_4f042c24_540.jpg\" \/>\n\t<meta property=\"og:image:width\" content=\"540\" \/>\n\t<meta property=\"og:image:height\" content=\"405\" \/>\n\t<meta property=\"og:image:type\" content=\"image\/jpeg\" \/>\n<meta name=\"author\" content=\"William Chevillon\" \/>\n<meta name=\"twitter:card\" content=\"summary_large_image\" \/>\n<meta name=\"twitter:image\" content=\"https:\/\/williamchevillon.fr\/wp-content\/uploads\/2022\/08\/tumblr_7b4d528b4539fdd12ceb681e09b7d9ab_4f042c24_540-1.jpg\" \/>\n<meta name=\"twitter:label1\" content=\"\u00c9crit par\" \/>\n\t<meta name=\"twitter:data1\" content=\"William Chevillon\" \/>\n\t<meta name=\"twitter:label2\" content=\"Dur\u00e9e de lecture estim\u00e9e\" \/>\n\t<meta name=\"twitter:data2\" content=\"3 minutes\" \/>\n<script type=\"application\/ld+json\" class=\"yoast-schema-graph\">{\"@context\":\"https:\\\/\\\/schema.org\",\"@graph\":[{\"@type\":\"Article\",\"@id\":\"https:\\\/\\\/williamchevillon.fr\\\/index.php\\\/2022\\\/08\\\/09\\\/la-plaine-fritz-et-le-reel\\\/#article\",\"isPartOf\":{\"@id\":\"https:\\\/\\\/williamchevillon.fr\\\/index.php\\\/2022\\\/08\\\/09\\\/la-plaine-fritz-et-le-reel\\\/\"},\"author\":{\"name\":\"William Chevillon\",\"@id\":\"https:\\\/\\\/williamchevillon.fr\\\/#\\\/schema\\\/person\\\/eb30f03250952b7079f827caba706872\"},\"headline\":\"La plaine, Fritz et le r\u00e9el\",\"datePublished\":\"2022-08-09T14:53:47+00:00\",\"dateModified\":\"2023-03-12T16:51:51+00:00\",\"mainEntityOfPage\":{\"@id\":\"https:\\\/\\\/williamchevillon.fr\\\/index.php\\\/2022\\\/08\\\/09\\\/la-plaine-fritz-et-le-reel\\\/\"},\"wordCount\":547,\"commentCount\":0,\"publisher\":{\"@id\":\"https:\\\/\\\/williamchevillon.fr\\\/#organization\"},\"image\":{\"@id\":\"https:\\\/\\\/williamchevillon.fr\\\/index.php\\\/2022\\\/08\\\/09\\\/la-plaine-fritz-et-le-reel\\\/#primaryimage\"},\"thumbnailUrl\":\"https:\\\/\\\/64.media.tumblr.com\\\/7b4d528b4539fdd12ceb681e09b7d9ab\\\/6e45c4e60be23fcb-6a\\\/s540x810\\\/4f042c241df08ec129805e9a8e3a70003cddae65.jpg\",\"articleSection\":[\"Fragments \u00e9crits - Journal\"],\"inLanguage\":\"fr-FR\",\"potentialAction\":[{\"@type\":\"CommentAction\",\"name\":\"Comment\",\"target\":[\"https:\\\/\\\/williamchevillon.fr\\\/index.php\\\/2022\\\/08\\\/09\\\/la-plaine-fritz-et-le-reel\\\/#respond\"]}]},{\"@type\":\"WebPage\",\"@id\":\"https:\\\/\\\/williamchevillon.fr\\\/index.php\\\/2022\\\/08\\\/09\\\/la-plaine-fritz-et-le-reel\\\/\",\"url\":\"https:\\\/\\\/williamchevillon.fr\\\/index.php\\\/2022\\\/08\\\/09\\\/la-plaine-fritz-et-le-reel\\\/\",\"name\":\"La plaine, Fritz et le r\u00e9el - William Chevillon\",\"isPartOf\":{\"@id\":\"https:\\\/\\\/williamchevillon.fr\\\/#website\"},\"primaryImageOfPage\":{\"@id\":\"https:\\\/\\\/williamchevillon.fr\\\/index.php\\\/2022\\\/08\\\/09\\\/la-plaine-fritz-et-le-reel\\\/#primaryimage\"},\"image\":{\"@id\":\"https:\\\/\\\/williamchevillon.fr\\\/index.php\\\/2022\\\/08\\\/09\\\/la-plaine-fritz-et-le-reel\\\/#primaryimage\"},\"thumbnailUrl\":\"https:\\\/\\\/64.media.tumblr.com\\\/7b4d528b4539fdd12ceb681e09b7d9ab\\\/6e45c4e60be23fcb-6a\\\/s540x810\\\/4f042c241df08ec129805e9a8e3a70003cddae65.jpg\",\"datePublished\":\"2022-08-09T14:53:47+00:00\",\"dateModified\":\"2023-03-12T16:51:51+00:00\",\"description\":\"La plaine, Fritz et le r\u00e9el Fragments \u00e9crits - Journal William Chevillon\",\"breadcrumb\":{\"@id\":\"https:\\\/\\\/williamchevillon.fr\\\/index.php\\\/2022\\\/08\\\/09\\\/la-plaine-fritz-et-le-reel\\\/#breadcrumb\"},\"inLanguage\":\"fr-FR\",\"potentialAction\":[{\"@type\":\"ReadAction\",\"target\":[\"https:\\\/\\\/williamchevillon.fr\\\/index.php\\\/2022\\\/08\\\/09\\\/la-plaine-fritz-et-le-reel\\\/\"]}]},{\"@type\":\"ImageObject\",\"inLanguage\":\"fr-FR\",\"@id\":\"https:\\\/\\\/williamchevillon.fr\\\/index.php\\\/2022\\\/08\\\/09\\\/la-plaine-fritz-et-le-reel\\\/#primaryimage\",\"url\":\"https:\\\/\\\/64.media.tumblr.com\\\/7b4d528b4539fdd12ceb681e09b7d9ab\\\/6e45c4e60be23fcb-6a\\\/s540x810\\\/4f042c241df08ec129805e9a8e3a70003cddae65.jpg\",\"contentUrl\":\"https:\\\/\\\/64.media.tumblr.com\\\/7b4d528b4539fdd12ceb681e09b7d9ab\\\/6e45c4e60be23fcb-6a\\\/s540x810\\\/4f042c241df08ec129805e9a8e3a70003cddae65.jpg\"},{\"@type\":\"BreadcrumbList\",\"@id\":\"https:\\\/\\\/williamchevillon.fr\\\/index.php\\\/2022\\\/08\\\/09\\\/la-plaine-fritz-et-le-reel\\\/#breadcrumb\",\"itemListElement\":[{\"@type\":\"ListItem\",\"position\":1,\"name\":\"Accueil\",\"item\":\"https:\\\/\\\/williamchevillon.fr\\\/\"},{\"@type\":\"ListItem\",\"position\":2,\"name\":\"La plaine, Fritz et le r\u00e9el\"}]},{\"@type\":\"WebSite\",\"@id\":\"https:\\\/\\\/williamchevillon.fr\\\/#website\",\"url\":\"https:\\\/\\\/williamchevillon.fr\\\/\",\"name\":\"William Chevillon\",\"description\":\"\u00ab Il n&#039;est pas dit qu&#039;en \u00e9crivant on assure le salut de son \u00e2me. \u00bb Italo Calvino\",\"publisher\":{\"@id\":\"https:\\\/\\\/williamchevillon.fr\\\/#organization\"},\"potentialAction\":[{\"@type\":\"SearchAction\",\"target\":{\"@type\":\"EntryPoint\",\"urlTemplate\":\"https:\\\/\\\/williamchevillon.fr\\\/?s={search_term_string}\"},\"query-input\":{\"@type\":\"PropertyValueSpecification\",\"valueRequired\":true,\"valueName\":\"search_term_string\"}}],\"inLanguage\":\"fr-FR\"},{\"@type\":\"Organization\",\"@id\":\"https:\\\/\\\/williamchevillon.fr\\\/#organization\",\"name\":\"William Chevillon\",\"url\":\"https:\\\/\\\/williamchevillon.fr\\\/\",\"logo\":{\"@type\":\"ImageObject\",\"inLanguage\":\"fr-FR\",\"@id\":\"https:\\\/\\\/williamchevillon.fr\\\/#\\\/schema\\\/logo\\\/image\\\/\",\"url\":\"https:\\\/\\\/williamchevillon.fr\\\/wp-content\\\/uploads\\\/2023\\\/03\\\/26881283122_9faaa7b2c2_k.jpg\",\"contentUrl\":\"https:\\\/\\\/williamchevillon.fr\\\/wp-content\\\/uploads\\\/2023\\\/03\\\/26881283122_9faaa7b2c2_k.jpg\",\"width\":2048,\"height\":1153,\"caption\":\"William Chevillon\"},\"image\":{\"@id\":\"https:\\\/\\\/williamchevillon.fr\\\/#\\\/schema\\\/logo\\\/image\\\/\"},\"sameAs\":[\"https:\\\/\\\/www.facebook.com\\\/WilliamChevillonPro\",\"https:\\\/\\\/instagram.com\\\/chevillonw\"]},{\"@type\":\"Person\",\"@id\":\"https:\\\/\\\/williamchevillon.fr\\\/#\\\/schema\\\/person\\\/eb30f03250952b7079f827caba706872\",\"name\":\"William Chevillon\",\"image\":{\"@type\":\"ImageObject\",\"inLanguage\":\"fr-FR\",\"@id\":\"https:\\\/\\\/secure.gravatar.com\\\/avatar\\\/d626b7752353789d21ea6ba008e34f538a0be7ecef0a6eefbf15acabdb28c0b9?s=96&d=mm&r=g\",\"url\":\"https:\\\/\\\/secure.gravatar.com\\\/avatar\\\/d626b7752353789d21ea6ba008e34f538a0be7ecef0a6eefbf15acabdb28c0b9?s=96&d=mm&r=g\",\"contentUrl\":\"https:\\\/\\\/secure.gravatar.com\\\/avatar\\\/d626b7752353789d21ea6ba008e34f538a0be7ecef0a6eefbf15acabdb28c0b9?s=96&d=mm&r=g\",\"caption\":\"William Chevillon\"},\"description\":\"Chercheur, artiste-auteur et m\u00e9diateur culturel attir\u00e9 par le spectacle vivant, l\u2019art contemporain, le patrimoine et les paysages.\",\"sameAs\":[\"https:\\\/\\\/williamchevillon.fr\"],\"url\":\"https:\\\/\\\/williamchevillon.fr\\\/index.php\\\/author\\\/admin2960\\\/\"}]}<\/script>\n<!-- \/ Yoast SEO plugin. -->","yoast_head_json":{"title":"La plaine, Fritz et le r\u00e9el - William Chevillon","description":"La plaine, Fritz et le r\u00e9el Fragments \u00e9crits - Journal William Chevillon","robots":{"index":"index","follow":"follow","max-snippet":"max-snippet:-1","max-image-preview":"max-image-preview:large","max-video-preview":"max-video-preview:-1"},"canonical":"https:\/\/williamchevillon.fr\/index.php\/2022\/08\/09\/la-plaine-fritz-et-le-reel\/","og_locale":"fr_FR","og_type":"article","og_title":"La plaine, Fritz et le r\u00e9el - William Chevillon","og_description":"La plaine, Fritz et le r\u00e9el Fragments \u00e9crits - Journal William Chevillon","og_url":"https:\/\/williamchevillon.fr\/index.php\/2022\/08\/09\/la-plaine-fritz-et-le-reel\/","og_site_name":"William Chevillon","article_publisher":"https:\/\/www.facebook.com\/WilliamChevillonPro","article_published_time":"2022-08-09T14:53:47+00:00","article_modified_time":"2023-03-12T16:51:51+00:00","og_image":[{"width":540,"height":405,"url":"https:\/\/williamchevillon.fr\/wp-content\/uploads\/2022\/08\/tumblr_7b4d528b4539fdd12ceb681e09b7d9ab_4f042c24_540.jpg","type":"image\/jpeg"}],"author":"William Chevillon","twitter_card":"summary_large_image","twitter_image":"https:\/\/williamchevillon.fr\/wp-content\/uploads\/2022\/08\/tumblr_7b4d528b4539fdd12ceb681e09b7d9ab_4f042c24_540-1.jpg","twitter_misc":{"\u00c9crit par":"William Chevillon","Dur\u00e9e de lecture estim\u00e9e":"3 minutes"},"schema":{"@context":"https:\/\/schema.org","@graph":[{"@type":"Article","@id":"https:\/\/williamchevillon.fr\/index.php\/2022\/08\/09\/la-plaine-fritz-et-le-reel\/#article","isPartOf":{"@id":"https:\/\/williamchevillon.fr\/index.php\/2022\/08\/09\/la-plaine-fritz-et-le-reel\/"},"author":{"name":"William Chevillon","@id":"https:\/\/williamchevillon.fr\/#\/schema\/person\/eb30f03250952b7079f827caba706872"},"headline":"La plaine, Fritz et le r\u00e9el","datePublished":"2022-08-09T14:53:47+00:00","dateModified":"2023-03-12T16:51:51+00:00","mainEntityOfPage":{"@id":"https:\/\/williamchevillon.fr\/index.php\/2022\/08\/09\/la-plaine-fritz-et-le-reel\/"},"wordCount":547,"commentCount":0,"publisher":{"@id":"https:\/\/williamchevillon.fr\/#organization"},"image":{"@id":"https:\/\/williamchevillon.fr\/index.php\/2022\/08\/09\/la-plaine-fritz-et-le-reel\/#primaryimage"},"thumbnailUrl":"https:\/\/64.media.tumblr.com\/7b4d528b4539fdd12ceb681e09b7d9ab\/6e45c4e60be23fcb-6a\/s540x810\/4f042c241df08ec129805e9a8e3a70003cddae65.jpg","articleSection":["Fragments \u00e9crits - Journal"],"inLanguage":"fr-FR","potentialAction":[{"@type":"CommentAction","name":"Comment","target":["https:\/\/williamchevillon.fr\/index.php\/2022\/08\/09\/la-plaine-fritz-et-le-reel\/#respond"]}]},{"@type":"WebPage","@id":"https:\/\/williamchevillon.fr\/index.php\/2022\/08\/09\/la-plaine-fritz-et-le-reel\/","url":"https:\/\/williamchevillon.fr\/index.php\/2022\/08\/09\/la-plaine-fritz-et-le-reel\/","name":"La plaine, Fritz et le r\u00e9el - William Chevillon","isPartOf":{"@id":"https:\/\/williamchevillon.fr\/#website"},"primaryImageOfPage":{"@id":"https:\/\/williamchevillon.fr\/index.php\/2022\/08\/09\/la-plaine-fritz-et-le-reel\/#primaryimage"},"image":{"@id":"https:\/\/williamchevillon.fr\/index.php\/2022\/08\/09\/la-plaine-fritz-et-le-reel\/#primaryimage"},"thumbnailUrl":"https:\/\/64.media.tumblr.com\/7b4d528b4539fdd12ceb681e09b7d9ab\/6e45c4e60be23fcb-6a\/s540x810\/4f042c241df08ec129805e9a8e3a70003cddae65.jpg","datePublished":"2022-08-09T14:53:47+00:00","dateModified":"2023-03-12T16:51:51+00:00","description":"La plaine, Fritz et le r\u00e9el Fragments \u00e9crits - Journal William Chevillon","breadcrumb":{"@id":"https:\/\/williamchevillon.fr\/index.php\/2022\/08\/09\/la-plaine-fritz-et-le-reel\/#breadcrumb"},"inLanguage":"fr-FR","potentialAction":[{"@type":"ReadAction","target":["https:\/\/williamchevillon.fr\/index.php\/2022\/08\/09\/la-plaine-fritz-et-le-reel\/"]}]},{"@type":"ImageObject","inLanguage":"fr-FR","@id":"https:\/\/williamchevillon.fr\/index.php\/2022\/08\/09\/la-plaine-fritz-et-le-reel\/#primaryimage","url":"https:\/\/64.media.tumblr.com\/7b4d528b4539fdd12ceb681e09b7d9ab\/6e45c4e60be23fcb-6a\/s540x810\/4f042c241df08ec129805e9a8e3a70003cddae65.jpg","contentUrl":"https:\/\/64.media.tumblr.com\/7b4d528b4539fdd12ceb681e09b7d9ab\/6e45c4e60be23fcb-6a\/s540x810\/4f042c241df08ec129805e9a8e3a70003cddae65.jpg"},{"@type":"BreadcrumbList","@id":"https:\/\/williamchevillon.fr\/index.php\/2022\/08\/09\/la-plaine-fritz-et-le-reel\/#breadcrumb","itemListElement":[{"@type":"ListItem","position":1,"name":"Accueil","item":"https:\/\/williamchevillon.fr\/"},{"@type":"ListItem","position":2,"name":"La plaine, Fritz et le r\u00e9el"}]},{"@type":"WebSite","@id":"https:\/\/williamchevillon.fr\/#website","url":"https:\/\/williamchevillon.fr\/","name":"William Chevillon","description":"\u00ab Il n&#039;est pas dit qu&#039;en \u00e9crivant on assure le salut de son \u00e2me. \u00bb Italo Calvino","publisher":{"@id":"https:\/\/williamchevillon.fr\/#organization"},"potentialAction":[{"@type":"SearchAction","target":{"@type":"EntryPoint","urlTemplate":"https:\/\/williamchevillon.fr\/?s={search_term_string}"},"query-input":{"@type":"PropertyValueSpecification","valueRequired":true,"valueName":"search_term_string"}}],"inLanguage":"fr-FR"},{"@type":"Organization","@id":"https:\/\/williamchevillon.fr\/#organization","name":"William Chevillon","url":"https:\/\/williamchevillon.fr\/","logo":{"@type":"ImageObject","inLanguage":"fr-FR","@id":"https:\/\/williamchevillon.fr\/#\/schema\/logo\/image\/","url":"https:\/\/williamchevillon.fr\/wp-content\/uploads\/2023\/03\/26881283122_9faaa7b2c2_k.jpg","contentUrl":"https:\/\/williamchevillon.fr\/wp-content\/uploads\/2023\/03\/26881283122_9faaa7b2c2_k.jpg","width":2048,"height":1153,"caption":"William Chevillon"},"image":{"@id":"https:\/\/williamchevillon.fr\/#\/schema\/logo\/image\/"},"sameAs":["https:\/\/www.facebook.com\/WilliamChevillonPro","https:\/\/instagram.com\/chevillonw"]},{"@type":"Person","@id":"https:\/\/williamchevillon.fr\/#\/schema\/person\/eb30f03250952b7079f827caba706872","name":"William Chevillon","image":{"@type":"ImageObject","inLanguage":"fr-FR","@id":"https:\/\/secure.gravatar.com\/avatar\/d626b7752353789d21ea6ba008e34f538a0be7ecef0a6eefbf15acabdb28c0b9?s=96&d=mm&r=g","url":"https:\/\/secure.gravatar.com\/avatar\/d626b7752353789d21ea6ba008e34f538a0be7ecef0a6eefbf15acabdb28c0b9?s=96&d=mm&r=g","contentUrl":"https:\/\/secure.gravatar.com\/avatar\/d626b7752353789d21ea6ba008e34f538a0be7ecef0a6eefbf15acabdb28c0b9?s=96&d=mm&r=g","caption":"William Chevillon"},"description":"Chercheur, artiste-auteur et m\u00e9diateur culturel attir\u00e9 par le spectacle vivant, l\u2019art contemporain, le patrimoine et les paysages.","sameAs":["https:\/\/williamchevillon.fr"],"url":"https:\/\/williamchevillon.fr\/index.php\/author\/admin2960\/"}]}},"_links":{"self":[{"href":"https:\/\/williamchevillon.fr\/index.php\/wp-json\/wp\/v2\/posts\/68","targetHints":{"allow":["GET"]}}],"collection":[{"href":"https:\/\/williamchevillon.fr\/index.php\/wp-json\/wp\/v2\/posts"}],"about":[{"href":"https:\/\/williamchevillon.fr\/index.php\/wp-json\/wp\/v2\/types\/post"}],"author":[{"embeddable":true,"href":"https:\/\/williamchevillon.fr\/index.php\/wp-json\/wp\/v2\/users\/1"}],"replies":[{"embeddable":true,"href":"https:\/\/williamchevillon.fr\/index.php\/wp-json\/wp\/v2\/comments?post=68"}],"version-history":[{"count":3,"href":"https:\/\/williamchevillon.fr\/index.php\/wp-json\/wp\/v2\/posts\/68\/revisions"}],"predecessor-version":[{"id":479,"href":"https:\/\/williamchevillon.fr\/index.php\/wp-json\/wp\/v2\/posts\/68\/revisions\/479"}],"wp:attachment":[{"href":"https:\/\/williamchevillon.fr\/index.php\/wp-json\/wp\/v2\/media?parent=68"}],"wp:term":[{"taxonomy":"category","embeddable":true,"href":"https:\/\/williamchevillon.fr\/index.php\/wp-json\/wp\/v2\/categories?post=68"},{"taxonomy":"post_tag","embeddable":true,"href":"https:\/\/williamchevillon.fr\/index.php\/wp-json\/wp\/v2\/tags?post=68"}],"curies":[{"name":"wp","href":"https:\/\/api.w.org\/{rel}","templated":true}]}}