{"id":669,"date":"2023-07-16T14:55:50","date_gmt":"2023-07-16T12:55:50","guid":{"rendered":"https:\/\/williamchevillon.fr\/?p=669"},"modified":"2024-04-16T14:47:14","modified_gmt":"2024-04-16T12:47:14","slug":"maurice-durand-la-vendee-et-la-roche-sur-yon","status":"publish","type":"post","link":"https:\/\/williamchevillon.fr\/index.php\/2023\/07\/16\/maurice-durand-la-vendee-et-la-roche-sur-yon\/","title":{"rendered":"Maurice Durand, la Vend\u00e9e et La Roche-sur-Yon"},"content":{"rendered":"\n<p class=\"has-larger-font-size\"><strong>Maurice Durand architecte d\u00e9partemental<\/strong><\/p>\n\n\n\n<p>\u00c0 compter du d\u00e9cret imp\u00e9rial du 9 avril 1811, par lequel l\u2019\u00c9tat conc\u00e8de aux communes et d\u00e9partements les b\u00e2timents occup\u00e9s par des services publics, les institutions territoriales ont un r\u00f4le majeur dans la d\u00e9finition des programmes architecturaux et l\u2019entretien des \u00e9difices. Bien que le Conseil des B\u00e2timents civils garde un r\u00f4le d\u2019instructeur des dossiers architecturaux des collectivit\u00e9s, notamment en vue de l\u2019obtention de financements nationaux, les projets d\u00e9pendent de plus en plus des acteurs locaux. En 1821 et 1822, deux ordonnances royales encouragent la mise en place de commissions d\u00e9partementales des b\u00e2timents civils. Cette forme de d\u00e9centralisation administrative fait \u00e9merger la figure de l\u2019architecte d\u00e9partemental. Limit\u00e9es dans un premier temps aux chantiers dont le montant n\u2019exc\u00e8de pas 20&nbsp;000 francs, les attributions de l\u2019architecte d\u00e9partemental \u00e9voluent et grandissent tout au long du XIX<sup>e<\/sup> si\u00e8cle.<a id=\"_ftnref1\" href=\"#_ftn1\">[1]<\/a> En Vend\u00e9e, mais \u00e9galement dans d\u2019autres territoires, l\u2019architecture publique reste longtemps influenc\u00e9e par la pr\u00e9sence ou l\u2019h\u00e9ritage du corps des Ponts et chauss\u00e9es. Et ce, en raison des chantiers lanc\u00e9s sous l\u2019Empire dans tout le d\u00e9partement. Progressivement \u00e0 partir des ann\u00e9es 1820 l\u2019architecte d\u00e9partemental parvient \u00e0 fa\u00e7onner le paysage architectural r\u00e9gional en d\u00e9finissant la construction et la transformation des \u00e9coles, mairies, \u00e9glises, infrastructures portuaires, etc.<\/p>\n\n\n\n<figure class=\"wp-block-image size-large\"><img fetchpriority=\"high\" decoding=\"async\" width=\"1024\" height=\"357\" src=\"https:\/\/williamchevillon.fr\/wp-content\/uploads\/2023\/07\/E2vsU1DWUAMQdAz-1024x357.jpg\" alt=\"\" class=\"wp-image-670\" srcset=\"https:\/\/williamchevillon.fr\/wp-content\/uploads\/2023\/07\/E2vsU1DWUAMQdAz-1024x357.jpg 1024w, https:\/\/williamchevillon.fr\/wp-content\/uploads\/2023\/07\/E2vsU1DWUAMQdAz-300x105.jpg 300w, https:\/\/williamchevillon.fr\/wp-content\/uploads\/2023\/07\/E2vsU1DWUAMQdAz-768x268.jpg 768w, https:\/\/williamchevillon.fr\/wp-content\/uploads\/2023\/07\/E2vsU1DWUAMQdAz-1536x535.jpg 1536w, https:\/\/williamchevillon.fr\/wp-content\/uploads\/2023\/07\/E2vsU1DWUAMQdAz-2048x714.jpg 2048w, https:\/\/williamchevillon.fr\/wp-content\/uploads\/2023\/07\/E2vsU1DWUAMQdAz-1200x418.jpg 1200w, https:\/\/williamchevillon.fr\/wp-content\/uploads\/2023\/07\/E2vsU1DWUAMQdAz-1980x690.jpg 1980w\" sizes=\"(max-width: 1024px) 100vw, 1024px\" \/><figcaption class=\"wp-element-caption\">L\u2019h\u00f4tel des Postes par Auguste Boudaud et Maurice Durand, fa\u00e7ades ouest et nord abaiss\u00e9es \u00e0 la suite d\u2019une modification demand\u00e9e par l\u2019administration des PTT (vers 1927). Archives municipales de La Roche-sur-Yon, 8 M 3.<\/figcaption><\/figure>\n\n\n\n<p>Architecte d\u00e9partemental depuis 1878, Georges Loquet \u00e9met le souhait de prendre sa retraite en 1921. Pour le remplacer, le conseil g\u00e9n\u00e9ral de la Vend\u00e9e d\u00e9cide, en septembre 1921, de nommer un architecte par arrondissement. Ainsi Abel Filuzeau est rattach\u00e9 \u00e0 Fontenay-le-Comte, Auguste Boudaud \u00e0 La Roche-sur-Yon, Maurice Durand aux Sables-d\u2019Olonne. Le d\u00e9c\u00e8s d\u2019Abel Filuzeau en 1930 conduit le D\u00e9partement \u00e0 confier l\u2019int\u00e9rim de l\u2019arrondissement de Fontenay-le-Comte \u00e0 Maurice Durand. Peu de temps apr\u00e8s, Auguste Boudaud demande \u00e0 \u00eatre relev\u00e9 de ses fonctions en raison de son \u00e2ge. C\u2019est ainsi que Maurice Durand occupe seul la fonction d\u2019architecte d\u00e9partemental de la Vend\u00e9e \u00e0 compter du printemps 1931. \u00c0 cette fonction, l\u2019architecte sablais laisse une empreinte forte sur le territoire. Aussi travaille-t-il sur diff\u00e9rents \u00e9tablissements de sant\u00e9, notamment les h\u00f4pitaux de Montaigu, des Sables-d\u2019Olonne et de la Grimaudi\u00e8re (La Roche-sur-Yon), mais \u00e9galement l\u2019imposant pr\u00e9ventorium d\u00e9partemental de Longeville-sur-Mer. C\u2019est d\u2019ailleurs ce b\u00e2timent des ann\u00e9es 1930 qui sera salu\u00e9 par les repr\u00e9sentants du D\u00e9partement lorsque Maurice Durand sera promu officier dans l\u2019ordre de la L\u00e9gion d\u2019honneur en 1950. Partout en Vend\u00e9e, l\u2019architecte construit des \u00e9coles, des bains-douches, des salles des f\u00eates, des casernes et des b\u00e2timents administratifs.<\/p>\n\n\n\n<p>Outre les constructions et les agrandissements, l\u2019architecte d\u00e9partemental assure le suivi de l\u2019\u00e9tat mobilier et immobilier des \u00e9difices publics. C\u2019est investi de cette mission que Maurice Durand a la t\u00e2che importante de dresser un panorama des constructions vend\u00e9ennes au sortir de la Seconde Guerre mondiale et des ann\u00e9es d\u2019occupation. Livr\u00e9 le 14 septembre 1945<a href=\"#_ftn2\" id=\"_ftnref2\">[2]<\/a> ce rapport d\u00e9finit les besoins techniques et financiers pour la r\u00e9paration de diff\u00e9rents b\u00e2timents publics. Un tel travail pr\u00e9figure la reconstruction mais \u00e9galement certains grands chantiers d\u00e9partementaux qui seront men\u00e9s lors des Trente glorieuses.<\/p>\n\n\n\n<p>Ainsi que le permet sa fonction publique, Maurice Durand poursuit son activit\u00e9 \u00e0 titre priv\u00e9 en parall\u00e8le. De ce fait il est un artisan majeur de la construction en Vend\u00e9e pendant pr\u00e8s de soixante ans.<\/p>\n\n\n\n<p class=\"has-larger-font-size\"><strong>Maurice Durand parmi les modernisateurs de La Roche-sur-Yon&nbsp;<\/strong><\/p>\n\n\n\n<p>Ville nouvelle dont les caract\u00e9ristiques urbaines et architecturales ont \u00e9t\u00e9 d\u00e9finies par le corps des Ponts et chauss\u00e9es \u00e0 l\u2019aube du XIX<sup>e<\/sup> si\u00e8cle, La Roche-sur-Yon approche des 15&nbsp;000 habitants lorsque survient la Premi\u00e8re Guerre mondiale. La ville est alors un centre commercial, industriel, militaire et ferroviaire qui a trouv\u00e9 sa place en Vend\u00e9e. En plein d\u00e9veloppement le chef-lieu du d\u00e9partement voit ses institutions publiques bien souvent engonc\u00e9es dans des b\u00e2timents h\u00e9rit\u00e9s de l\u2019Empire et dont la configuration ne r\u00e9pond pas aux besoins qui \u00e9voluent. Entre autres acteurs architecturaux, Maurice Durand affirme son style dans l\u2019architecture publique et priv\u00e9e de La Roche-sur-Yon, s\u2019adaptant \u00e0 la n\u00e9cessit\u00e9 autant qu\u2019\u00e0 un certain d\u00e9sir d\u2019\u00e9clectisme.<\/p>\n\n\n\n<figure class=\"wp-block-image size-large\"><img decoding=\"async\" width=\"1024\" height=\"683\" src=\"https:\/\/williamchevillon.fr\/wp-content\/uploads\/2023\/07\/IMG_1090-1024x683.jpg\" alt=\"\" class=\"wp-image-671\" srcset=\"https:\/\/williamchevillon.fr\/wp-content\/uploads\/2023\/07\/IMG_1090-1024x683.jpg 1024w, https:\/\/williamchevillon.fr\/wp-content\/uploads\/2023\/07\/IMG_1090-300x200.jpg 300w, https:\/\/williamchevillon.fr\/wp-content\/uploads\/2023\/07\/IMG_1090-768x512.jpg 768w, https:\/\/williamchevillon.fr\/wp-content\/uploads\/2023\/07\/IMG_1090-1536x1024.jpg 1536w, https:\/\/williamchevillon.fr\/wp-content\/uploads\/2023\/07\/IMG_1090-2048x1365.jpg 2048w, https:\/\/williamchevillon.fr\/wp-content\/uploads\/2023\/07\/IMG_1090-1200x800.jpg 1200w, https:\/\/williamchevillon.fr\/wp-content\/uploads\/2023\/07\/IMG_1090-1980x1320.jpg 1980w\" sizes=\"(max-width: 1024px) 100vw, 1024px\" \/><figcaption class=\"wp-element-caption\">L\u2019h\u00f4tel particulier du 118, boulevard Aristide-Briand (1913).<\/figcaption><\/figure>\n\n\n\n<p><strong>Un architecte d\u00e9partemental dans la suite des chantiers municipaux<\/strong><\/p>\n\n\n\n<p>Lorsque La Roche-sur-Yon est fond\u00e9e en 1804 les ing\u00e9nieurs d\u2019\u00c9tat ont pour mission de concevoir une ville institutionnelle, commerciale et \u00e9ducative \u00e0 l\u2019emplacement d\u2019un petit mais glorieux village d\u2019Ancien R\u00e9gime. Pendant pr\u00e8s de 40 ans, les orientations architecturales voulues pour La Roche-sur-Yon sont principalement celles des ing\u00e9nieurs. Les architectes n\u2019ont alors que peu ou pas de place, malgr\u00e9 le r\u00f4le pris par l\u2019institution d\u00e9partementale \u00e0 partir du d\u00e9but des ann\u00e9es 1820. Dans les ann\u00e9es 1840, deux figures int\u00e8grent de fa\u00e7on r\u00e9ellement visible le processus de d\u00e9veloppement de la cit\u00e9&nbsp;: l\u2019architecte-voyer et l\u2019architecte d\u00e9partemental. \u00c0 \u00e9chelle communale, le premier intervient sur la voirie et les b\u00e2timents publics. Au niveau du d\u00e9partement, ou d\u2019un p\u00e9rim\u00e8tre d\u00e9fini \u00e0 l\u2019int\u00e9rieur, le second est un acteur incontournable de l\u2019am\u00e9nagement du territoire. Une fois sortie de la premi\u00e8re phase de sa construction, la ville de La Roche-sur-Yon se dote de nouvelles institutions. Deux architectes \u00e9mergent, Urbain Pivard pour la commune, Joseph Malet pour le d\u00e9partement. Pivard \u00e9tablit les plans du th\u00e9\u00e2tre municipal, Malet s\u2019attache \u00e0 la construction du d\u00e9p\u00f4t d\u2019\u00e9talons et de l\u2019asile de la Grimaudi\u00e8re. Ces constructions r\u00e9alis\u00e9es avant 1850 peuvent \u00eatre consid\u00e9r\u00e9es comme les premiers t\u00e9moignages monumentaux laiss\u00e9s par des architectes dans le chef-lieu de la Vend\u00e9e. \u00c0 la suite de cette p\u00e9riode d\u2019autres acteurs se succ\u00e9deront et donneront \u00e0 la ville son visage \u00e9clectique.<\/p>\n\n\n\n<figure class=\"wp-block-image size-large\"><img decoding=\"async\" width=\"1024\" height=\"681\" src=\"https:\/\/williamchevillon.fr\/wp-content\/uploads\/2023\/07\/CzpinOhWIAAY2vz-1024x681.jpg\" alt=\"\" class=\"wp-image-674\" srcset=\"https:\/\/williamchevillon.fr\/wp-content\/uploads\/2023\/07\/CzpinOhWIAAY2vz-1024x681.jpg 1024w, https:\/\/williamchevillon.fr\/wp-content\/uploads\/2023\/07\/CzpinOhWIAAY2vz-300x200.jpg 300w, https:\/\/williamchevillon.fr\/wp-content\/uploads\/2023\/07\/CzpinOhWIAAY2vz-768x511.jpg 768w, https:\/\/williamchevillon.fr\/wp-content\/uploads\/2023\/07\/CzpinOhWIAAY2vz-1536x1022.jpg 1536w, https:\/\/williamchevillon.fr\/wp-content\/uploads\/2023\/07\/CzpinOhWIAAY2vz-2048x1363.jpg 2048w, https:\/\/williamchevillon.fr\/wp-content\/uploads\/2023\/07\/CzpinOhWIAAY2vz-1200x798.jpg 1200w, https:\/\/williamchevillon.fr\/wp-content\/uploads\/2023\/07\/CzpinOhWIAAY2vz-1980x1317.jpg 1980w\" sizes=\"(max-width: 1024px) 100vw, 1024px\" \/><figcaption class=\"wp-element-caption\">Le th\u00e9\u00e2tre r\u00e9alis\u00e9 par l&rsquo;architecte Urbain Pivard en 1845.<\/figcaption><\/figure>\n\n\n\n<p>Figure de proue des architectes-voyers yonnais, Auguste Boudaud (1848-1938) occupe sa fonction municipale pendant pr\u00e8s de 45 ans et construit diff\u00e9rentes \u00e9coles communales, le mus\u00e9e, un gymnase, le kiosque \u00e0 musique, etc. D\u00e9missionnaire, car souhaitant prendre sa retraite en 1920, il est appel\u00e9 \u00e0 occuper la fonction d\u2019architecte d\u00e9partemental sur l\u2019arrondissement de La Roche-sur-Yon \u00e0 compter de 1921. De ce fait, la ma\u00eetrise de diff\u00e9rents chantiers lui est confi\u00e9e. Bien qu\u2019il signe de nombreux rapports et projets, Auguste Boudaud fait intervenir Maurice Durand sur les programmes les plus importants que sont l\u2019h\u00f4tel des postes, la chambre de commerce ou encore l\u2019h\u00f4pital d\u00e9partemental. La signature est partag\u00e9e par les deux architectes mais la marque stylistique de Maurice Durand est saillante. Certainement en raison de son \u00e2ge, Auguste Boudaud d\u00e9l\u00e8gue une part majeure de la conception des programmes au jeune architecte sablais. Plus tard, c\u2019est comme architecte pour l\u2019ensemble du d\u00e9partement que Maurice Durand con\u00e7oit le d\u00e9p\u00f4t des archives d\u00e9partementales rue Jean-Jaur\u00e8s.<a id=\"_ftnref3\" href=\"#_ftn3\">[3]<\/a> \u00c0 cela s\u2019ajoutent quelques commandes priv\u00e9es dont un h\u00f4tel particulier boulevard Aristide-Briand et un immeuble rue Georges-Clemenceau.<\/p>\n\n\n\n<figure class=\"wp-block-image size-large\"><img loading=\"lazy\" decoding=\"async\" width=\"766\" height=\"1024\" src=\"https:\/\/williamchevillon.fr\/wp-content\/uploads\/2023\/07\/IMG_3028-766x1024.jpg\" alt=\"\" class=\"wp-image-673\" srcset=\"https:\/\/williamchevillon.fr\/wp-content\/uploads\/2023\/07\/IMG_3028-766x1024.jpg 766w, https:\/\/williamchevillon.fr\/wp-content\/uploads\/2023\/07\/IMG_3028-224x300.jpg 224w, https:\/\/williamchevillon.fr\/wp-content\/uploads\/2023\/07\/IMG_3028-768x1027.jpg 768w, https:\/\/williamchevillon.fr\/wp-content\/uploads\/2023\/07\/IMG_3028-1149x1536.jpg 1149w, https:\/\/williamchevillon.fr\/wp-content\/uploads\/2023\/07\/IMG_3028-1532x2048.jpg 1532w, https:\/\/williamchevillon.fr\/wp-content\/uploads\/2023\/07\/IMG_3028-1200x1604.jpg 1200w, https:\/\/williamchevillon.fr\/wp-content\/uploads\/2023\/07\/IMG_3028-1980x2646.jpg 1980w, https:\/\/williamchevillon.fr\/wp-content\/uploads\/2023\/07\/IMG_3028-scaled.jpg 1915w\" sizes=\"(max-width: 766px) 100vw, 766px\" \/><figcaption class=\"wp-element-caption\">L&rsquo;immeuble du 17, rue Georges-Clemenceau.<\/figcaption><\/figure>\n\n\n\n<p><strong>Une n\u00e9cessit\u00e9 d\u2019adapter des b\u00e2timents publics<\/strong><\/p>\n\n\n\n<p>\u00c0 l\u2019issue de la Premi\u00e8re Guerre mondiale, la modernisation d\u2019un certain nombre de b\u00e2timents publics devient urgente. Implant\u00e9 rue Paul-Baudry depuis les ann\u00e9es 1880 l\u2019h\u00f4tel des postes est dans un tel \u00e9tat sanitaire que la presse r\u00e9gionale se fait l\u2019\u00e9cho de sept d\u00e9c\u00e8s de la tuberculose parmi le personnel lors des premi\u00e8res ann\u00e9es du XX<sup>e<\/sup> si\u00e8cle. \u00c0 cela s\u2019ajoutent l\u2019exigu\u00eft\u00e9 des locaux ou encore les difficult\u00e9s d\u2019acc\u00e8s. Consciente de la situation, la municipalit\u00e9 engage des d\u00e9marches aupr\u00e8s des services des Postes et t\u00e9l\u00e9graphes. Par d\u00e9cision minist\u00e9rielle du 1<sup>er<\/sup> ao\u00fbt 1913, Auguste Boudaud est d\u00e9sign\u00e9 pour \u00e9laborer le projet architectural. La guerre repousse toute id\u00e9e de construction d\u2019un nouvel h\u00f4tel des postes mais d\u00e8s 1919 les d\u00e9marches sont relanc\u00e9es. Pour autant, des difficult\u00e9s au sein du conseil municipal et avec le minist\u00e8re conduisent \u00e0 revoir plusieurs fois le projet, son financement (auquel la municipalit\u00e9 contribue) et son emplacement<a href=\"#_ftn4\" id=\"_ftnref4\">[4]<\/a>. Le d\u00e9marrage des travaux est formellement engag\u00e9 \u00e0 la fin de l\u2019ann\u00e9e 1926 d\u2019apr\u00e8s les plans d\u2019Auguste Boudaud et Maurice Durand, les services postaux emm\u00e9nagent courant septembre 1929. Seule entorse au projet architectural, le deuxi\u00e8me \u00e9tage de l\u2019aile donnant sur la rue Jean-Jaur\u00e8s n\u2019est pas r\u00e9alis\u00e9 dans un premier temps en raison d\u2019un d\u00e9cret de 1927 portant sur la r\u00e9organisation des services postaux.<\/p>\n\n\n\n<p>Dans le m\u00eame temps Auguste Boudaud et Maurice Durand signent l\u2019extension de l\u2019h\u00f4pital d\u00e9partemental sur une vaste parcelle attenant au boulevard d\u2019Angleterre. Un tel chantier doit faire entrer la pratique hospitali\u00e8re du territoire dans une \u00e8re nouvelle. Plusieurs fois envisag\u00e9e, la transformation radicale du vieil h\u00f4pital napol\u00e9onien n\u2019aboutit pas. Des agrandissements sont r\u00e9alis\u00e9s (notamment par Georges Loquet dans les derni\u00e8res ann\u00e9es du XIX<sup>e<\/sup> si\u00e8cle), des am\u00e9nagements effectu\u00e9s, mais cela s\u2019av\u00e8re insuffisant. En 1907 Georges Loquet dresse les plans d\u2019une maison de sant\u00e9 pour incurables sur la parcelle o\u00f9 sera b\u00e2tie plus tard l\u2019extension de Boudaud et Durand. Le projet reste sans suites et jusqu\u2019\u00e0 sa d\u00e9mission donn\u00e9e en avril 1921, Georges Loquet s\u2019\u00e9chine \u00e0 proposer des solutions techniques, notamment en raison de l\u2019\u00e9mergence de la chirurgie moderne apr\u00e8s la guerre. L\u2019arriv\u00e9e des nouveaux architectes d\u00e9partementaux co\u00efncide avec une relance du projet hospitalier. Apr\u00e8s avis m\u00e9dicaux et rapports d\u2019architectes la construction d\u2019un agrandissement majeur sur la prairie au nord du boulevard d\u2019Angleterre est d\u00e9cid\u00e9e, non sans difficult\u00e9s pour convaincre l\u2019administration d\u00e9partementale. Le nouvel h\u00f4pital est livr\u00e9 \u00e0 partir de 1929, \u00e0 commencer par un pavillon de chirurgie comportant des salles d\u2019op\u00e9ration septiques et aseptiques dans le b\u00e2timent central et deux ailes lat\u00e9rales, l\u2019une pour les hommes, l\u2019autre pour les femmes. \u00c0 cela s\u2019ajoute le pavillon des cuisines et, construite quelques ann\u00e9es plus tard, une maternit\u00e9.<\/p>\n\n\n\n<p>Confi\u00e9e enti\u00e8rement \u00e0 Maurice Durand, la conception architecturale du d\u00e9p\u00f4t des archives d\u00e9partementales r\u00e9pond \u00e0 un besoin criant de mise aux normes et de s\u00e9curisation. En juillet 1931, l\u2019inspecteur g\u00e9n\u00e9ral des archives Charles Schmidt dresse le constat d\u2019une extr\u00eame humidit\u00e9 dans certaines salles, de l\u2019exigu\u00eft\u00e9 des locaux, de l\u2019accumulation de papiers non tri\u00e9s dans les greniers, etc. Situ\u00e9s dans une aile de la pr\u00e9fecture, les locaux des archives d\u00e9partementales ne sont plus adapt\u00e9s. Charles Schmidt et l\u2019archiviste d\u00e9partemental Pascal Lanco soutiennent la construction d\u2019un b\u00e2timent rue Jean-Jaur\u00e8s, sur un terrain prolongeant une annexe de la pr\u00e9fecture. Archiviste de la Vend\u00e9e \u00e0 partir de 1934, Louis Monnier porte de nouveau le sujet aupr\u00e8s du pr\u00e9fet et de l\u2019assembl\u00e9e d\u00e9partementale. La construction d\u2019un nouveau d\u00e9p\u00f4t est enfin act\u00e9e en 1936. Maurice Durand propose plusieurs projets en un seul, notamment un b\u00e2timent neuf rue Jean-Jaur\u00e8s et une r\u00e9utilisation de l\u2019annexe de la pr\u00e9fecture pour y \u00e9tablir les services administratifs des archives. Apr\u00e8s diff\u00e9rentes modifications, dont un abaissement de la hauteur pour r\u00e9duire le co\u00fbt, le nouveau b\u00e2timent des archives est livr\u00e9 en 1938. L\u2019annexe de la pr\u00e9fecture ne sera r\u00e9habilit\u00e9e qu\u2019apr\u00e8s la Seconde Guerre mondiale.<\/p>\n\n\n\n<p><strong>Un registre architectural audacieux et sobre<\/strong><\/p>\n\n\n\n<p>Tout \u00e0 fait identifiables dans le paysage urbain, les interventions de Maurice Durand \u00e0 La Roche-sur-Yon se placent dans un go\u00fbt \u00e9clectique et Art d\u00e9co. Pour l\u2019agrandissement de la chambre de commerce livr\u00e9 en 1929, Auguste Boudaud et Maurice Durand reproduisent l\u2019architecture \u00e0 bossages du b\u00e2timent primitif (dessin\u00e9 par Boudaud vers 1890) en y int\u00e9grant cependant un fronton monumental figurant le dieu Mercure. Riche par ses ornements, la chambre de commerce de 1929 est dot\u00e9e d\u2019une salle des f\u00eates d\u00e9cor\u00e9e par Louis Dupr\u00e9 dans un go\u00fbt n\u00e9o-Renaissance. Par son style, la tranche de travaux men\u00e9e par Boudaud et Durand s\u2019inscrit dans l\u2019architecture du si\u00e8cle pass\u00e9 et des ann\u00e9es 1900. Intervenant en 1913 \u00e0 l\u2019actuel n\u00b0 118 du boulevard Aristide-Briand, Maurice Durand est dans une d\u00e9marche diff\u00e9rente puisqu\u2019il travaille sur la volum\u00e9trie d\u2019ensemble et pas seulement sur les ornements. Ainsi fait-il construire, de part et d\u2019autre de la trav\u00e9e centrale, deux oriels dans une pierre calcaire lisse. Encadr\u00e9e par ces structures en saillie, la porte de l\u2019h\u00f4tel particulier est par\u00e9e de sculptures v\u00e9g\u00e9tales plus ordinaires. Outre les oriels qui d\u00e9gagent de g\u00e9n\u00e9reuses ouvertures, la corniche horizontale est rythm\u00e9e par une frise de glyphes et des garde-corps r\u00e9solument modernes. Les balustrades et garde-corps des niveaux inf\u00e9rieurs sont davantage dans un esprit \u00e9clectique.<\/p>\n\n\n\n<p>Parmi les b\u00e2timents embl\u00e9matiques de La Roche-sur-Yon, l\u2019h\u00f4tel des postes est le t\u00e9moignage architectural de Maurice Durand le plus visible. Tirant parti de la trame orthogonale de la ville, le projet se r\u00e9v\u00e8le dans deux perspectives urbaines&nbsp;: celle de la pr\u00e9fecture au th\u00e9\u00e2tre et celle allant de la place de la Vend\u00e9e \u00e0 la place Napol\u00e9on. Sans sortir de sa parcelle g\u00e9om\u00e9trique, l\u2019\u00e9difice est rendu pr\u00e9sent gr\u00e2ce \u00e0 un angle sud-ouest bris\u00e9 par un arrondi, l\u2019un des seuls dans la ville. C\u2019est \u00e0 partir de cette trav\u00e9e arrondie que s\u2019exprime tout le langage architectural de l\u2019h\u00f4tel des postes. Am\u00e9nag\u00e9e dans l\u2019angle, l\u2019entr\u00e9e principale est domin\u00e9e par des mosa\u00efques orang\u00e9es rehauss\u00e9es de chutes de motifs bleut\u00e9s. Agr\u00e9ment\u00e9es de caissons, de divers bas-reliefs et de frontons ouvrag\u00e9s dans le calcaire, les fa\u00e7ades sont perc\u00e9es de vastes baies accentuant l\u2019effet de perspective. Disparues, deux petites coupoles de b\u00e9ton couronnaient l\u2019angle d\u2019entr\u00e9e. \u00c0 quelques m\u00e8tres de l\u00e0, l\u2019immeuble particulier du 17 rue Georges-Clemenceau est livr\u00e9 en 1931. Sur trois \u00e9tages, il d\u00e9ploie un vocabulaire Art d\u00e9co dont t\u00e9moignent les lignes verticales du b\u00e9ton, les redents du couronnement de fa\u00e7ade ou encore des balustres \u00e0 f\u00fbts tubulaires. Ce traitement du b\u00e9ton est \u00e0 mettre en rapport avec les interventions d\u2019autres architectes tels \u00c9mile Gobaut pour l\u2019institution Saint-Joseph ou Antoine Natalis Mazen avec ses immeubles du boulevard Aristide-Briand et la cit\u00e9-jardin de la rue du Roc.<\/p>\n\n\n\n<figure class=\"wp-block-image size-large\"><img loading=\"lazy\" decoding=\"async\" width=\"1024\" height=\"683\" src=\"https:\/\/williamchevillon.fr\/wp-content\/uploads\/2023\/07\/FAyn3lbWEAQ-AB4-1024x683.jpg\" alt=\"\" class=\"wp-image-672\" srcset=\"https:\/\/williamchevillon.fr\/wp-content\/uploads\/2023\/07\/FAyn3lbWEAQ-AB4-1024x683.jpg 1024w, https:\/\/williamchevillon.fr\/wp-content\/uploads\/2023\/07\/FAyn3lbWEAQ-AB4-300x200.jpg 300w, https:\/\/williamchevillon.fr\/wp-content\/uploads\/2023\/07\/FAyn3lbWEAQ-AB4-768x512.jpg 768w, https:\/\/williamchevillon.fr\/wp-content\/uploads\/2023\/07\/FAyn3lbWEAQ-AB4-1536x1024.jpg 1536w, https:\/\/williamchevillon.fr\/wp-content\/uploads\/2023\/07\/FAyn3lbWEAQ-AB4-2048x1366.jpg 2048w, https:\/\/williamchevillon.fr\/wp-content\/uploads\/2023\/07\/FAyn3lbWEAQ-AB4-1200x800.jpg 1200w, https:\/\/williamchevillon.fr\/wp-content\/uploads\/2023\/07\/FAyn3lbWEAQ-AB4-1980x1320.jpg 1980w\" sizes=\"(max-width: 1024px) 100vw, 1024px\" \/><figcaption class=\"wp-element-caption\">Vue actuelle des archives d\u00e9partementales depuis la rue Jean-Jaur\u00e8s. Le b\u00e2timent est conforme au projet, rectifi\u00e9 notamment par l\u2019abaissement de la hauteur, de Maurice Durand et livr\u00e9 en 1938. Tout \u00e0 fait \u00e0 gauche, une extension des ann\u00e9es 1970 reprenant la m\u00eame hauteur.<\/figcaption><\/figure>\n\n\n\n<p>Il est \u00e9galement question de l\u2019usage du b\u00e9ton pour le nouveau d\u00e9p\u00f4t des archives. Conform\u00e9ment au souhait de l\u2019assembl\u00e9e d\u00e9partementale, l\u2019aspect du b\u00e2ti donnant sur la place de la Pr\u00e9fecture n\u2019est pas modifi\u00e9. C\u2019est rue Jean-Jaur\u00e8s que Maurice Durand a pour mission de d\u00e9ployer son projet architectural. Un l\u00e9ger retrait par rapport \u00e0 l\u2019alignement des fa\u00e7ades voisines cr\u00e9e un aspect monumental et m\u00e9nage une cour anglaise permettant d\u2019\u00e9clairer le niveau inf\u00e9rieur. Ce retrait \u00e9tait d\u2019autant plus important que les premiers projets pr\u00e9voyaient un niveau de fa\u00e7ade en plus ainsi qu\u2019un double niveau sous toiture. Pour des questions notamment \u00e9conomiques le projet a \u00e9t\u00e9 revu \u00e0 la baisse. Cela offre aujourd\u2019hui un b\u00e2timent qui r\u00e9pond, par sa hauteur de corniche, \u00e0 ses voisins du XIX<sup>e<\/sup> si\u00e8cle. D\u2019une grande sobri\u00e9t\u00e9, la fa\u00e7ade dessin\u00e9e par Maurice Durand est rythm\u00e9e par de vastes ouvertures verticales plac\u00e9es \u00e0 intervalles r\u00e9guliers. Plus au nord de la ville, l\u2019agrandissement, aujourd\u2019hui d\u00e9truit, de l\u2019h\u00f4pital d\u00e9partemental est une construction dans laquelle les architectes tentent de tirer parti de la diversit\u00e9 des mat\u00e9riaux employ\u00e9s. Si le b\u00e9ton est dominant, l\u2019usage de la brique et de la pierre est \u00e0 relever. D\u2019une longueur d\u2019environ 150 m\u00e8tres, le b\u00e2timent principal reprend les codes de l\u2019architecture fonctionnelle h\u00e9rit\u00e9e du n\u00e9oclassicisme. Un corps central se distingue l\u00e9g\u00e8rement et deux longues ailes en partent. \u00c0 chacune des deux extr\u00e9mit\u00e9s une rotonde faisant office de porche et de balcon se d\u00e9tache. Au centre de chaque aile est construit un pavillon perpendiculaire \u00e0 toiture en demi-croupe. Le b\u00e2ti est \u00e9galement rythm\u00e9 par des trav\u00e9es de fen\u00eatres dont les all\u00e8ges sont l\u00e9g\u00e8rement d\u00e9cor\u00e9es. Tr\u00e8s sobre, le pavillon des cuisines situ\u00e9 au fond de la parcelle est seulement couronn\u00e9 d\u2019une grande chemin\u00e9e poss\u00e9dant quelques \u00e9l\u00e9ments de mouluration. Face \u00e0 cette architecture qu\u2019ils jugent monotone Maurice Durand et Auguste Boudaud d\u00e9fendent une intervention du sculpteur Maurice Legendre. Ainsi, l\u2019entr\u00e9e du pavillon de chirurgie est dot\u00e9e de sculptures figurant la science et l\u2019humanit\u00e9 en souffrance, le tout couronn\u00e9 de lauriers glorieux. Un modeste apport esth\u00e9tique dans un programme public soumis \u00e0 des imp\u00e9ratifs \u00e9conomiques.<\/p>\n\n\n\n<figure class=\"wp-block-image size-large\"><img loading=\"lazy\" decoding=\"async\" width=\"1024\" height=\"638\" src=\"https:\/\/williamchevillon.fr\/wp-content\/uploads\/2023\/07\/2num78_191_lot11_0003.tif-1024x638.jpg\" alt=\"\" class=\"wp-image-675\" srcset=\"https:\/\/williamchevillon.fr\/wp-content\/uploads\/2023\/07\/2num78_191_lot11_0003.tif-1024x638.jpg 1024w, https:\/\/williamchevillon.fr\/wp-content\/uploads\/2023\/07\/2num78_191_lot11_0003.tif-300x187.jpg 300w, https:\/\/williamchevillon.fr\/wp-content\/uploads\/2023\/07\/2num78_191_lot11_0003.tif-768x478.jpg 768w, https:\/\/williamchevillon.fr\/wp-content\/uploads\/2023\/07\/2num78_191_lot11_0003.tif-1536x957.jpg 1536w, https:\/\/williamchevillon.fr\/wp-content\/uploads\/2023\/07\/2num78_191_lot11_0003.tif-1200x747.jpg 1200w, https:\/\/williamchevillon.fr\/wp-content\/uploads\/2023\/07\/2num78_191_lot11_0003.tif.jpg 1633w\" sizes=\"(max-width: 1024px) 100vw, 1024px\" \/><figcaption class=\"wp-element-caption\">Carte postale du pavillon de chirurgie \u00e9dit\u00e9e par Raymond Bergevin, dit Ramuntcho (DR). Lieu de conservation : Archives d\u00e9partementales de la Vend\u00e9e, 20 Fi 191-13.<\/figcaption><\/figure>\n\n\n\n<p>&nbsp;&nbsp;&nbsp;&nbsp;&nbsp;&nbsp;&nbsp;&nbsp;&nbsp;&nbsp;&nbsp; Qu\u2019il intervienne seul ou avec Auguste Boudaud, Maurice Durand laisse \u00e0 La Roche-sur-Yon un t\u00e9moignage de ses talents d\u2019architecte et de la diversit\u00e9 esth\u00e9tique dont il est un artisan. S\u2019il ne bouleverse pas la physionomie de la ville, Maurice Durand s\u2019adapte aux contraintes de son plan ainsi qu\u2019aux limites financi\u00e8res des commanditaires. Efficace, l\u2019architecture de Maurice Durand \u00e0 La Roche-sur-Yon occupe une place non n\u00e9gligeable dans l\u2019identit\u00e9 de la capitale vend\u00e9enne.<\/p>\n\n\n\n<p>William Chevillon<\/p>\n\n\n\n<p>Article publi\u00e9 initialement dans le num\u00e9ro 257 (septembre 2021) de la <a href=\"https:\/\/olona-revue.fr\/\">revue d&rsquo;histoire Olona<\/a>.<\/p>\n\n\n\n<p><\/p>\n\n\n\n<hr class=\"wp-block-separator has-alpha-channel-opacity\"\/>\n\n\n\n<p><a href=\"#_ftnref1\" id=\"_ftn1\">[1]<\/a> \u00c0 ce sujet on pourra lire l\u2019article&nbsp;: Langlet Anne, Lussien-Maisonneuve Marie-Jos\u00e8phe. <em>L&rsquo;institution des architectes d\u00e9partementaux et municipaux et la concurrence des ing\u00e9nieurs, en France, au XIX<sup>e<\/sup> si\u00e8cle<\/em>. In : Revue du Nord, tome 82, n\u00b0335-336, Avril-septembre 2000. pp. 487-500.<\/p>\n\n\n\n<p><a href=\"#_ftnref2\" id=\"_ftn2\">[2]<\/a> Archives d\u00e9partementales de la Vend\u00e9e 1 W 45.<\/p>\n\n\n\n<p><a href=\"#_ftnref3\" id=\"_ftn3\">[3]<\/a> Pour une chronologie administrative du projet d\u2019h\u00f4tel des postes, on se r\u00e9f\u00e8rera aux dossiers traitant le sujet dans la s\u00e9rie M des archives municipales de La Roche-sur-Yon. Les pi\u00e8ces relatives aux projets de l\u2019h\u00f4pital d\u00e9partemental et du d\u00e9p\u00f4t des archives d\u00e9partementales sont accessibles dans la sous-s\u00e9rie 4 N des archives d\u00e9partementales de la Vend\u00e9e.<\/p>\n\n\n\n<p><a href=\"#_ftnref4\" id=\"_ftn4\">[4]<\/a> L\u2019on envisage l\u2019h\u00f4tel de l\u2019Europe sur la place Napol\u00e9on, la manutention du boulevard Aristide-Briand ou encore la place Albert-Premier. Longtemps \u00e9voqu\u00e9, le site de l\u2019ancienne prison \u00e0 l\u2019arri\u00e8re du tribunal est finalement retenu.<\/p>\n","protected":false},"excerpt":{"rendered":"<p>Maurice Durand architecte d\u00e9partemental \u00c0 compter du d\u00e9cret imp\u00e9rial du 9 avril 1811, par lequel l\u2019\u00c9tat conc\u00e8de aux communes et d\u00e9partements les b\u00e2timents occup\u00e9s par des services publics, les institutions territoriales ont un r\u00f4le majeur dans la d\u00e9finition des programmes architecturaux et l\u2019entretien des \u00e9difices. Bien que le Conseil des B\u00e2timents civils garde un r\u00f4le [&hellip;]<\/p>\n","protected":false},"author":1,"featured_media":676,"comment_status":"open","ping_status":"open","sticky":false,"template":"templates\/template-full-width.php","format":"standard","meta":{"footnotes":""},"categories":[7],"tags":[],"class_list":["post-669","post","type-post","status-publish","format-standard","has-post-thumbnail","hentry","category-propos-culturels"],"yoast_head":"<!-- This site is optimized with the Yoast SEO plugin v27.5 - https:\/\/yoast.com\/product\/yoast-seo-wordpress\/ -->\n<title>Maurice Durand, la Vend\u00e9e et La Roche-sur-Yon - William Chevillon<\/title>\n<meta name=\"description\" content=\"Architecte d\u00e9partemental, Maurice Durand contribue \u00e0 moderniser le visage de la Vend\u00e9e et de son chef-lieu.\" \/>\n<meta name=\"robots\" content=\"index, follow, max-snippet:-1, max-image-preview:large, max-video-preview:-1\" \/>\n<link rel=\"canonical\" href=\"https:\/\/williamchevillon.fr\/index.php\/2023\/07\/16\/maurice-durand-la-vendee-et-la-roche-sur-yon\/\" \/>\n<meta property=\"og:locale\" content=\"fr_FR\" \/>\n<meta property=\"og:type\" content=\"article\" \/>\n<meta property=\"og:title\" content=\"Maurice Durand, la Vend\u00e9e et La Roche-sur-Yon\" \/>\n<meta property=\"og:description\" content=\"Architecte d\u00e9partemental, Maurice Durand contribue \u00e0 moderniser le visage de la Vend\u00e9e et de son chef-lieu.\" \/>\n<meta property=\"og:url\" content=\"https:\/\/williamchevillon.fr\/index.php\/2023\/07\/16\/maurice-durand-la-vendee-et-la-roche-sur-yon\/\" \/>\n<meta property=\"og:site_name\" content=\"William Chevillon\" \/>\n<meta property=\"article:publisher\" content=\"https:\/\/www.facebook.com\/WilliamChevillonPro\" \/>\n<meta property=\"article:published_time\" content=\"2023-07-16T12:55:50+00:00\" \/>\n<meta property=\"article:modified_time\" content=\"2024-04-16T12:47:14+00:00\" \/>\n<meta property=\"og:image\" content=\"https:\/\/williamchevillon.fr\/wp-content\/uploads\/2023\/07\/Potse-3-scaled.jpg\" \/>\n\t<meta property=\"og:image:width\" content=\"2560\" \/>\n\t<meta property=\"og:image:height\" content=\"1707\" \/>\n\t<meta property=\"og:image:type\" content=\"image\/jpeg\" \/>\n<meta name=\"author\" content=\"William Chevillon\" \/>\n<meta name=\"twitter:card\" content=\"summary_large_image\" \/>\n<meta name=\"twitter:title\" content=\"Maurice Durand, la Vend\u00e9e et La Roche-sur-Yon\" \/>\n<meta name=\"twitter:description\" content=\"Architecte d\u00e9partemental, Maurice Durand contribue \u00e0 moderniser le visage de la Vend\u00e9e et de son chef-lieu.\" \/>\n<meta name=\"twitter:image\" content=\"https:\/\/williamchevillon.fr\/wp-content\/uploads\/2023\/07\/Potse-3-scaled.jpg\" \/>\n<meta name=\"twitter:label1\" content=\"\u00c9crit par\" \/>\n\t<meta name=\"twitter:data1\" content=\"William Chevillon\" \/>\n\t<meta name=\"twitter:label2\" content=\"Dur\u00e9e de lecture estim\u00e9e\" \/>\n\t<meta name=\"twitter:data2\" content=\"16 minutes\" \/>\n<script type=\"application\/ld+json\" class=\"yoast-schema-graph\">{\"@context\":\"https:\\\/\\\/schema.org\",\"@graph\":[{\"@type\":\"Article\",\"@id\":\"https:\\\/\\\/williamchevillon.fr\\\/index.php\\\/2023\\\/07\\\/16\\\/maurice-durand-la-vendee-et-la-roche-sur-yon\\\/#article\",\"isPartOf\":{\"@id\":\"https:\\\/\\\/williamchevillon.fr\\\/index.php\\\/2023\\\/07\\\/16\\\/maurice-durand-la-vendee-et-la-roche-sur-yon\\\/\"},\"author\":{\"name\":\"William Chevillon\",\"@id\":\"https:\\\/\\\/williamchevillon.fr\\\/#\\\/schema\\\/person\\\/eb30f03250952b7079f827caba706872\"},\"headline\":\"Maurice Durand, la Vend\u00e9e et La Roche-sur-Yon\",\"datePublished\":\"2023-07-16T12:55:50+00:00\",\"dateModified\":\"2024-04-16T12:47:14+00:00\",\"mainEntityOfPage\":{\"@id\":\"https:\\\/\\\/williamchevillon.fr\\\/index.php\\\/2023\\\/07\\\/16\\\/maurice-durand-la-vendee-et-la-roche-sur-yon\\\/\"},\"wordCount\":3312,\"commentCount\":0,\"publisher\":{\"@id\":\"https:\\\/\\\/williamchevillon.fr\\\/#organization\"},\"image\":{\"@id\":\"https:\\\/\\\/williamchevillon.fr\\\/index.php\\\/2023\\\/07\\\/16\\\/maurice-durand-la-vendee-et-la-roche-sur-yon\\\/#primaryimage\"},\"thumbnailUrl\":\"https:\\\/\\\/williamchevillon.fr\\\/wp-content\\\/uploads\\\/2023\\\/07\\\/Potse-3-scaled.jpg\",\"articleSection\":[\"Propos culturels\"],\"inLanguage\":\"fr-FR\",\"potentialAction\":[{\"@type\":\"CommentAction\",\"name\":\"Comment\",\"target\":[\"https:\\\/\\\/williamchevillon.fr\\\/index.php\\\/2023\\\/07\\\/16\\\/maurice-durand-la-vendee-et-la-roche-sur-yon\\\/#respond\"]}]},{\"@type\":\"WebPage\",\"@id\":\"https:\\\/\\\/williamchevillon.fr\\\/index.php\\\/2023\\\/07\\\/16\\\/maurice-durand-la-vendee-et-la-roche-sur-yon\\\/\",\"url\":\"https:\\\/\\\/williamchevillon.fr\\\/index.php\\\/2023\\\/07\\\/16\\\/maurice-durand-la-vendee-et-la-roche-sur-yon\\\/\",\"name\":\"Maurice Durand, la Vend\u00e9e et La Roche-sur-Yon - William Chevillon\",\"isPartOf\":{\"@id\":\"https:\\\/\\\/williamchevillon.fr\\\/#website\"},\"primaryImageOfPage\":{\"@id\":\"https:\\\/\\\/williamchevillon.fr\\\/index.php\\\/2023\\\/07\\\/16\\\/maurice-durand-la-vendee-et-la-roche-sur-yon\\\/#primaryimage\"},\"image\":{\"@id\":\"https:\\\/\\\/williamchevillon.fr\\\/index.php\\\/2023\\\/07\\\/16\\\/maurice-durand-la-vendee-et-la-roche-sur-yon\\\/#primaryimage\"},\"thumbnailUrl\":\"https:\\\/\\\/williamchevillon.fr\\\/wp-content\\\/uploads\\\/2023\\\/07\\\/Potse-3-scaled.jpg\",\"datePublished\":\"2023-07-16T12:55:50+00:00\",\"dateModified\":\"2024-04-16T12:47:14+00:00\",\"description\":\"Architecte d\u00e9partemental, Maurice Durand contribue \u00e0 moderniser le visage de la Vend\u00e9e et de son chef-lieu.\",\"breadcrumb\":{\"@id\":\"https:\\\/\\\/williamchevillon.fr\\\/index.php\\\/2023\\\/07\\\/16\\\/maurice-durand-la-vendee-et-la-roche-sur-yon\\\/#breadcrumb\"},\"inLanguage\":\"fr-FR\",\"potentialAction\":[{\"@type\":\"ReadAction\",\"target\":[\"https:\\\/\\\/williamchevillon.fr\\\/index.php\\\/2023\\\/07\\\/16\\\/maurice-durand-la-vendee-et-la-roche-sur-yon\\\/\"]}]},{\"@type\":\"ImageObject\",\"inLanguage\":\"fr-FR\",\"@id\":\"https:\\\/\\\/williamchevillon.fr\\\/index.php\\\/2023\\\/07\\\/16\\\/maurice-durand-la-vendee-et-la-roche-sur-yon\\\/#primaryimage\",\"url\":\"https:\\\/\\\/williamchevillon.fr\\\/wp-content\\\/uploads\\\/2023\\\/07\\\/Potse-3-scaled.jpg\",\"contentUrl\":\"https:\\\/\\\/williamchevillon.fr\\\/wp-content\\\/uploads\\\/2023\\\/07\\\/Potse-3-scaled.jpg\",\"width\":2560,\"height\":1707,\"caption\":\"H\u00f4tel des Postes de La Roche-sur-Yon.\"},{\"@type\":\"BreadcrumbList\",\"@id\":\"https:\\\/\\\/williamchevillon.fr\\\/index.php\\\/2023\\\/07\\\/16\\\/maurice-durand-la-vendee-et-la-roche-sur-yon\\\/#breadcrumb\",\"itemListElement\":[{\"@type\":\"ListItem\",\"position\":1,\"name\":\"Accueil\",\"item\":\"https:\\\/\\\/williamchevillon.fr\\\/\"},{\"@type\":\"ListItem\",\"position\":2,\"name\":\"Maurice Durand, la Vend\u00e9e et La Roche-sur-Yon\"}]},{\"@type\":\"WebSite\",\"@id\":\"https:\\\/\\\/williamchevillon.fr\\\/#website\",\"url\":\"https:\\\/\\\/williamchevillon.fr\\\/\",\"name\":\"William Chevillon\",\"description\":\"\u00ab Il n&#039;est pas dit qu&#039;en \u00e9crivant on assure le salut de son \u00e2me. \u00bb Italo Calvino\",\"publisher\":{\"@id\":\"https:\\\/\\\/williamchevillon.fr\\\/#organization\"},\"potentialAction\":[{\"@type\":\"SearchAction\",\"target\":{\"@type\":\"EntryPoint\",\"urlTemplate\":\"https:\\\/\\\/williamchevillon.fr\\\/?s={search_term_string}\"},\"query-input\":{\"@type\":\"PropertyValueSpecification\",\"valueRequired\":true,\"valueName\":\"search_term_string\"}}],\"inLanguage\":\"fr-FR\"},{\"@type\":\"Organization\",\"@id\":\"https:\\\/\\\/williamchevillon.fr\\\/#organization\",\"name\":\"William Chevillon\",\"url\":\"https:\\\/\\\/williamchevillon.fr\\\/\",\"logo\":{\"@type\":\"ImageObject\",\"inLanguage\":\"fr-FR\",\"@id\":\"https:\\\/\\\/williamchevillon.fr\\\/#\\\/schema\\\/logo\\\/image\\\/\",\"url\":\"https:\\\/\\\/williamchevillon.fr\\\/wp-content\\\/uploads\\\/2023\\\/03\\\/26881283122_9faaa7b2c2_k.jpg\",\"contentUrl\":\"https:\\\/\\\/williamchevillon.fr\\\/wp-content\\\/uploads\\\/2023\\\/03\\\/26881283122_9faaa7b2c2_k.jpg\",\"width\":2048,\"height\":1153,\"caption\":\"William Chevillon\"},\"image\":{\"@id\":\"https:\\\/\\\/williamchevillon.fr\\\/#\\\/schema\\\/logo\\\/image\\\/\"},\"sameAs\":[\"https:\\\/\\\/www.facebook.com\\\/WilliamChevillonPro\",\"https:\\\/\\\/instagram.com\\\/chevillonw\"]},{\"@type\":\"Person\",\"@id\":\"https:\\\/\\\/williamchevillon.fr\\\/#\\\/schema\\\/person\\\/eb30f03250952b7079f827caba706872\",\"name\":\"William Chevillon\",\"image\":{\"@type\":\"ImageObject\",\"inLanguage\":\"fr-FR\",\"@id\":\"https:\\\/\\\/secure.gravatar.com\\\/avatar\\\/d626b7752353789d21ea6ba008e34f538a0be7ecef0a6eefbf15acabdb28c0b9?s=96&d=mm&r=g\",\"url\":\"https:\\\/\\\/secure.gravatar.com\\\/avatar\\\/d626b7752353789d21ea6ba008e34f538a0be7ecef0a6eefbf15acabdb28c0b9?s=96&d=mm&r=g\",\"contentUrl\":\"https:\\\/\\\/secure.gravatar.com\\\/avatar\\\/d626b7752353789d21ea6ba008e34f538a0be7ecef0a6eefbf15acabdb28c0b9?s=96&d=mm&r=g\",\"caption\":\"William Chevillon\"},\"description\":\"Chercheur, artiste-auteur et m\u00e9diateur culturel attir\u00e9 par le spectacle vivant, l\u2019art contemporain, le patrimoine et les paysages.\",\"sameAs\":[\"https:\\\/\\\/williamchevillon.fr\"],\"url\":\"https:\\\/\\\/williamchevillon.fr\\\/index.php\\\/author\\\/admin2960\\\/\"}]}<\/script>\n<!-- \/ Yoast SEO plugin. -->","yoast_head_json":{"title":"Maurice Durand, la Vend\u00e9e et La Roche-sur-Yon - William Chevillon","description":"Architecte d\u00e9partemental, Maurice Durand contribue \u00e0 moderniser le visage de la Vend\u00e9e et de son chef-lieu.","robots":{"index":"index","follow":"follow","max-snippet":"max-snippet:-1","max-image-preview":"max-image-preview:large","max-video-preview":"max-video-preview:-1"},"canonical":"https:\/\/williamchevillon.fr\/index.php\/2023\/07\/16\/maurice-durand-la-vendee-et-la-roche-sur-yon\/","og_locale":"fr_FR","og_type":"article","og_title":"Maurice Durand, la Vend\u00e9e et La Roche-sur-Yon","og_description":"Architecte d\u00e9partemental, Maurice Durand contribue \u00e0 moderniser le visage de la Vend\u00e9e et de son chef-lieu.","og_url":"https:\/\/williamchevillon.fr\/index.php\/2023\/07\/16\/maurice-durand-la-vendee-et-la-roche-sur-yon\/","og_site_name":"William Chevillon","article_publisher":"https:\/\/www.facebook.com\/WilliamChevillonPro","article_published_time":"2023-07-16T12:55:50+00:00","article_modified_time":"2024-04-16T12:47:14+00:00","og_image":[{"width":2560,"height":1707,"url":"https:\/\/williamchevillon.fr\/wp-content\/uploads\/2023\/07\/Potse-3-scaled.jpg","type":"image\/jpeg"}],"author":"William Chevillon","twitter_card":"summary_large_image","twitter_title":"Maurice Durand, la Vend\u00e9e et La Roche-sur-Yon","twitter_description":"Architecte d\u00e9partemental, Maurice Durand contribue \u00e0 moderniser le visage de la Vend\u00e9e et de son chef-lieu.","twitter_image":"https:\/\/williamchevillon.fr\/wp-content\/uploads\/2023\/07\/Potse-3-scaled.jpg","twitter_misc":{"\u00c9crit par":"William Chevillon","Dur\u00e9e de lecture estim\u00e9e":"16 minutes"},"schema":{"@context":"https:\/\/schema.org","@graph":[{"@type":"Article","@id":"https:\/\/williamchevillon.fr\/index.php\/2023\/07\/16\/maurice-durand-la-vendee-et-la-roche-sur-yon\/#article","isPartOf":{"@id":"https:\/\/williamchevillon.fr\/index.php\/2023\/07\/16\/maurice-durand-la-vendee-et-la-roche-sur-yon\/"},"author":{"name":"William Chevillon","@id":"https:\/\/williamchevillon.fr\/#\/schema\/person\/eb30f03250952b7079f827caba706872"},"headline":"Maurice Durand, la Vend\u00e9e et La Roche-sur-Yon","datePublished":"2023-07-16T12:55:50+00:00","dateModified":"2024-04-16T12:47:14+00:00","mainEntityOfPage":{"@id":"https:\/\/williamchevillon.fr\/index.php\/2023\/07\/16\/maurice-durand-la-vendee-et-la-roche-sur-yon\/"},"wordCount":3312,"commentCount":0,"publisher":{"@id":"https:\/\/williamchevillon.fr\/#organization"},"image":{"@id":"https:\/\/williamchevillon.fr\/index.php\/2023\/07\/16\/maurice-durand-la-vendee-et-la-roche-sur-yon\/#primaryimage"},"thumbnailUrl":"https:\/\/williamchevillon.fr\/wp-content\/uploads\/2023\/07\/Potse-3-scaled.jpg","articleSection":["Propos culturels"],"inLanguage":"fr-FR","potentialAction":[{"@type":"CommentAction","name":"Comment","target":["https:\/\/williamchevillon.fr\/index.php\/2023\/07\/16\/maurice-durand-la-vendee-et-la-roche-sur-yon\/#respond"]}]},{"@type":"WebPage","@id":"https:\/\/williamchevillon.fr\/index.php\/2023\/07\/16\/maurice-durand-la-vendee-et-la-roche-sur-yon\/","url":"https:\/\/williamchevillon.fr\/index.php\/2023\/07\/16\/maurice-durand-la-vendee-et-la-roche-sur-yon\/","name":"Maurice Durand, la Vend\u00e9e et La Roche-sur-Yon - William Chevillon","isPartOf":{"@id":"https:\/\/williamchevillon.fr\/#website"},"primaryImageOfPage":{"@id":"https:\/\/williamchevillon.fr\/index.php\/2023\/07\/16\/maurice-durand-la-vendee-et-la-roche-sur-yon\/#primaryimage"},"image":{"@id":"https:\/\/williamchevillon.fr\/index.php\/2023\/07\/16\/maurice-durand-la-vendee-et-la-roche-sur-yon\/#primaryimage"},"thumbnailUrl":"https:\/\/williamchevillon.fr\/wp-content\/uploads\/2023\/07\/Potse-3-scaled.jpg","datePublished":"2023-07-16T12:55:50+00:00","dateModified":"2024-04-16T12:47:14+00:00","description":"Architecte d\u00e9partemental, Maurice Durand contribue \u00e0 moderniser le visage de la Vend\u00e9e et de son chef-lieu.","breadcrumb":{"@id":"https:\/\/williamchevillon.fr\/index.php\/2023\/07\/16\/maurice-durand-la-vendee-et-la-roche-sur-yon\/#breadcrumb"},"inLanguage":"fr-FR","potentialAction":[{"@type":"ReadAction","target":["https:\/\/williamchevillon.fr\/index.php\/2023\/07\/16\/maurice-durand-la-vendee-et-la-roche-sur-yon\/"]}]},{"@type":"ImageObject","inLanguage":"fr-FR","@id":"https:\/\/williamchevillon.fr\/index.php\/2023\/07\/16\/maurice-durand-la-vendee-et-la-roche-sur-yon\/#primaryimage","url":"https:\/\/williamchevillon.fr\/wp-content\/uploads\/2023\/07\/Potse-3-scaled.jpg","contentUrl":"https:\/\/williamchevillon.fr\/wp-content\/uploads\/2023\/07\/Potse-3-scaled.jpg","width":2560,"height":1707,"caption":"H\u00f4tel des Postes de La Roche-sur-Yon."},{"@type":"BreadcrumbList","@id":"https:\/\/williamchevillon.fr\/index.php\/2023\/07\/16\/maurice-durand-la-vendee-et-la-roche-sur-yon\/#breadcrumb","itemListElement":[{"@type":"ListItem","position":1,"name":"Accueil","item":"https:\/\/williamchevillon.fr\/"},{"@type":"ListItem","position":2,"name":"Maurice Durand, la Vend\u00e9e et La Roche-sur-Yon"}]},{"@type":"WebSite","@id":"https:\/\/williamchevillon.fr\/#website","url":"https:\/\/williamchevillon.fr\/","name":"William Chevillon","description":"\u00ab Il n&#039;est pas dit qu&#039;en \u00e9crivant on assure le salut de son \u00e2me. \u00bb Italo Calvino","publisher":{"@id":"https:\/\/williamchevillon.fr\/#organization"},"potentialAction":[{"@type":"SearchAction","target":{"@type":"EntryPoint","urlTemplate":"https:\/\/williamchevillon.fr\/?s={search_term_string}"},"query-input":{"@type":"PropertyValueSpecification","valueRequired":true,"valueName":"search_term_string"}}],"inLanguage":"fr-FR"},{"@type":"Organization","@id":"https:\/\/williamchevillon.fr\/#organization","name":"William Chevillon","url":"https:\/\/williamchevillon.fr\/","logo":{"@type":"ImageObject","inLanguage":"fr-FR","@id":"https:\/\/williamchevillon.fr\/#\/schema\/logo\/image\/","url":"https:\/\/williamchevillon.fr\/wp-content\/uploads\/2023\/03\/26881283122_9faaa7b2c2_k.jpg","contentUrl":"https:\/\/williamchevillon.fr\/wp-content\/uploads\/2023\/03\/26881283122_9faaa7b2c2_k.jpg","width":2048,"height":1153,"caption":"William Chevillon"},"image":{"@id":"https:\/\/williamchevillon.fr\/#\/schema\/logo\/image\/"},"sameAs":["https:\/\/www.facebook.com\/WilliamChevillonPro","https:\/\/instagram.com\/chevillonw"]},{"@type":"Person","@id":"https:\/\/williamchevillon.fr\/#\/schema\/person\/eb30f03250952b7079f827caba706872","name":"William Chevillon","image":{"@type":"ImageObject","inLanguage":"fr-FR","@id":"https:\/\/secure.gravatar.com\/avatar\/d626b7752353789d21ea6ba008e34f538a0be7ecef0a6eefbf15acabdb28c0b9?s=96&d=mm&r=g","url":"https:\/\/secure.gravatar.com\/avatar\/d626b7752353789d21ea6ba008e34f538a0be7ecef0a6eefbf15acabdb28c0b9?s=96&d=mm&r=g","contentUrl":"https:\/\/secure.gravatar.com\/avatar\/d626b7752353789d21ea6ba008e34f538a0be7ecef0a6eefbf15acabdb28c0b9?s=96&d=mm&r=g","caption":"William Chevillon"},"description":"Chercheur, artiste-auteur et m\u00e9diateur culturel attir\u00e9 par le spectacle vivant, l\u2019art contemporain, le patrimoine et les paysages.","sameAs":["https:\/\/williamchevillon.fr"],"url":"https:\/\/williamchevillon.fr\/index.php\/author\/admin2960\/"}]}},"_links":{"self":[{"href":"https:\/\/williamchevillon.fr\/index.php\/wp-json\/wp\/v2\/posts\/669","targetHints":{"allow":["GET"]}}],"collection":[{"href":"https:\/\/williamchevillon.fr\/index.php\/wp-json\/wp\/v2\/posts"}],"about":[{"href":"https:\/\/williamchevillon.fr\/index.php\/wp-json\/wp\/v2\/types\/post"}],"author":[{"embeddable":true,"href":"https:\/\/williamchevillon.fr\/index.php\/wp-json\/wp\/v2\/users\/1"}],"replies":[{"embeddable":true,"href":"https:\/\/williamchevillon.fr\/index.php\/wp-json\/wp\/v2\/comments?post=669"}],"version-history":[{"count":4,"href":"https:\/\/williamchevillon.fr\/index.php\/wp-json\/wp\/v2\/posts\/669\/revisions"}],"predecessor-version":[{"id":791,"href":"https:\/\/williamchevillon.fr\/index.php\/wp-json\/wp\/v2\/posts\/669\/revisions\/791"}],"wp:featuredmedia":[{"embeddable":true,"href":"https:\/\/williamchevillon.fr\/index.php\/wp-json\/wp\/v2\/media\/676"}],"wp:attachment":[{"href":"https:\/\/williamchevillon.fr\/index.php\/wp-json\/wp\/v2\/media?parent=669"}],"wp:term":[{"taxonomy":"category","embeddable":true,"href":"https:\/\/williamchevillon.fr\/index.php\/wp-json\/wp\/v2\/categories?post=669"},{"taxonomy":"post_tag","embeddable":true,"href":"https:\/\/williamchevillon.fr\/index.php\/wp-json\/wp\/v2\/tags?post=669"}],"curies":[{"name":"wp","href":"https:\/\/api.w.org\/{rel}","templated":true}]}}