{"id":666,"date":"2023-07-09T15:13:39","date_gmt":"2023-07-09T13:13:39","guid":{"rendered":"https:\/\/williamchevillon.fr\/?p=666"},"modified":"2023-07-09T15:13:39","modified_gmt":"2023-07-09T13:13:39","slug":"et-a-la-fin-je-flotte","status":"publish","type":"post","link":"https:\/\/williamchevillon.fr\/index.php\/2023\/07\/09\/et-a-la-fin-je-flotte\/","title":{"rendered":"Et \u00e0 la fin je flotte"},"content":{"rendered":"\n<figure class=\"wp-block-image size-large\"><img fetchpriority=\"high\" decoding=\"async\" width=\"1024\" height=\"683\" src=\"https:\/\/williamchevillon.fr\/wp-content\/uploads\/2023\/07\/IMG_2031-1024x683.jpg\" alt=\"\" class=\"wp-image-667\" srcset=\"https:\/\/williamchevillon.fr\/wp-content\/uploads\/2023\/07\/IMG_2031-1024x683.jpg 1024w, https:\/\/williamchevillon.fr\/wp-content\/uploads\/2023\/07\/IMG_2031-300x200.jpg 300w, https:\/\/williamchevillon.fr\/wp-content\/uploads\/2023\/07\/IMG_2031-768x512.jpg 768w, https:\/\/williamchevillon.fr\/wp-content\/uploads\/2023\/07\/IMG_2031-1536x1024.jpg 1536w, https:\/\/williamchevillon.fr\/wp-content\/uploads\/2023\/07\/IMG_2031-2048x1365.jpg 2048w, https:\/\/williamchevillon.fr\/wp-content\/uploads\/2023\/07\/IMG_2031-1200x800.jpg 1200w, https:\/\/williamchevillon.fr\/wp-content\/uploads\/2023\/07\/IMG_2031-1980x1320.jpg 1980w\" sizes=\"(max-width: 1024px) 100vw, 1024px\" \/><\/figure>\n\n\n\n<p>C\u2018est b\u00eate \u00e0 dire mais j\u2019ai nag\u00e9 dans la mer, c\u2019est peu de l\u2019\u00e9crire mais il y a quinze jours cela n\u2019aurait pas \u00e9t\u00e9 possible. J\u2019ai nag\u00e9 dans la mer et j\u2019ai m\u00eame aim\u00e9 \u00e7a. Vingt-ans peut-\u00eatre que je n\u2019y avais \u00e9t\u00e9. Je veux dire plus loin que l\u2019eau \u00e0 hauteur du ventre. J\u2019ai beau conna\u00eetre la plage, ses reliefs en chaque saison, elle est une abstraction dangereuse lorsque j\u2019enl\u00e8ve mes lunettes. Pire encore quand j\u2019\u00f4te quelques v\u00eatements, mais je crois que ce n\u2019est pas vraiment la plage dans ce cas, peut-\u00eatre davantage le regard des autres.<\/p>\n\n\n\n<p>La veille au bar nous nous sommes dit que nous aimerions bien aller ensemble sur la c\u00f4te. Nous comptons les ann\u00e9es, il en a dix tout pile entre la derni\u00e8re fois et celle-ci. Nous nous souvenons de nos vies de ce moment&nbsp;; de la mienne parmi elles, le corps diaphane et l\u2019esprit ne sachant ou aller. Nous mesurons pudiquement que je reviens de loin, que cette amie aussi a connu alors des moments sur la br\u00e8che.<\/p>\n\n\n\n<p>Plus tard, Ilan me fait part de la derni\u00e8re \u00e9mission <em>L\u2019Heure bleue <\/em>de Laure Adler. Les yeux humides j\u2019\u00e9coute Sha\u00ef, neuf ans trois quarts, en me disant qu\u2019il a la diction de Marguerite Duras, ce que lui fait remarquer la journaliste. Un son, de Marguerite Duras, nous plonge dans l\u2019enfance pass\u00e9e en Indochine et des jeux dangereux dans une for\u00eat qui n\u2019inqui\u00e8te pas une jeune fille intr\u00e9pide. Ailleurs, la romanci\u00e8re dira&nbsp;: \u00ab&nbsp;Quand j\u2019ai peur de la for\u00eat, j\u2019ai peur de moi-m\u00eame, bien s\u00fbr, voyez-vous, j\u2019ai peur de moi depuis la pubert\u00e9.&nbsp;\u00bb<\/p>\n\n\n\n<p>Tout cela fait \u00e9cho. Je pense \u00e0 l\u2019enfant de neuf ans trois quarts qui semble tiraill\u00e9 entre la peur et un enthousiasme extraordinaire, \u00e0 celui, aussi, de trente ans trois quarts qui a l\u2019impression d\u2019\u00e9voluer dans un bois pas si reposant. Pour l\u2019un comme pour l\u2019autre la for\u00eat se fait refuge\u00a0; pour moi je sais que je crains aussi les ombres, \u00e0 commencer par la mienne. J\u2019\u00e9cris pour d\u00e9fendre des \u0153uvres d\u2019art sans savoir si cela sera lu, je fais des choses, je m\u2019expose et je lutte pour ne pas me r\u00e9tracter, je me surprends \u00e0 avoir peur d\u2019entrer seul dans un lieu alors que je suis s\u00fbr d\u2019y conna\u00eetre des gens.<\/p>\n\n\n\n<p>Alors je m\u2019\u00e9tonne, je l\u00e2che prise, je m\u2019\u00e9meus\u2026 et \u00e0 la fin je flotte.<\/p>\n","protected":false},"excerpt":{"rendered":"<p>C\u2018est b\u00eate \u00e0 dire mais j\u2019ai nag\u00e9 dans la mer, c\u2019est peu de l\u2019\u00e9crire mais il y a quinze jours cela n\u2019aurait pas \u00e9t\u00e9 possible. J\u2019ai nag\u00e9 dans la mer et j\u2019ai m\u00eame aim\u00e9 \u00e7a. Vingt-ans peut-\u00eatre que je n\u2019y avais \u00e9t\u00e9. Je veux dire plus loin que l\u2019eau \u00e0 hauteur du ventre. J\u2019ai beau [&hellip;]<\/p>\n","protected":false},"author":1,"featured_media":0,"comment_status":"open","ping_status":"open","sticky":false,"template":"","format":"standard","meta":{"footnotes":""},"categories":[6],"tags":[],"class_list":["post-666","post","type-post","status-publish","format-standard","hentry","category-fragments"],"yoast_head":"<!-- This site is optimized with the Yoast SEO plugin v27.5 - https:\/\/yoast.com\/product\/yoast-seo-wordpress\/ -->\n<title>Et \u00e0 la fin je flotte - William Chevillon<\/title>\n<meta name=\"description\" content=\"Et \u00e0 la fin je flotte Fragments \u00e9crits - Journal William Chevillon\" \/>\n<meta name=\"robots\" content=\"index, follow, max-snippet:-1, max-image-preview:large, max-video-preview:-1\" \/>\n<link rel=\"canonical\" href=\"https:\/\/williamchevillon.fr\/index.php\/2023\/07\/09\/et-a-la-fin-je-flotte\/\" \/>\n<meta property=\"og:locale\" content=\"fr_FR\" \/>\n<meta property=\"og:type\" content=\"article\" \/>\n<meta property=\"og:title\" content=\"Et \u00e0 la fin je flotte\" \/>\n<meta property=\"og:description\" content=\"C\u2018est b\u00eate \u00e0 dire mais j\u2019ai nag\u00e9 dans la mer, c\u2019est peu de l\u2019\u00e9crire mais il y a quinze jours cela n\u2019aurait pas \u00e9t\u00e9 possible. J\u2019ai nag\u00e9 dans la mer et j\u2019ai m\u00eame aim\u00e9 \u00e7a.\" \/>\n<meta property=\"og:url\" content=\"https:\/\/williamchevillon.fr\/index.php\/2023\/07\/09\/et-a-la-fin-je-flotte\/\" \/>\n<meta property=\"og:site_name\" content=\"William Chevillon\" \/>\n<meta property=\"article:publisher\" content=\"https:\/\/www.facebook.com\/WilliamChevillonPro\" \/>\n<meta property=\"article:published_time\" content=\"2023-07-09T13:13:39+00:00\" \/>\n<meta property=\"og:image\" content=\"https:\/\/williamchevillon.fr\/wp-content\/uploads\/2023\/07\/IMG_2031-scaled.jpg\" \/>\n\t<meta property=\"og:image:width\" content=\"2560\" \/>\n\t<meta property=\"og:image:height\" content=\"1707\" \/>\n\t<meta property=\"og:image:type\" content=\"image\/jpeg\" \/>\n<meta name=\"author\" content=\"William Chevillon\" \/>\n<meta name=\"twitter:card\" content=\"summary_large_image\" \/>\n<meta name=\"twitter:title\" content=\"Et \u00e0 la fin je flotte\" \/>\n<meta name=\"twitter:description\" content=\"C\u2018est b\u00eate \u00e0 dire mais j\u2019ai nag\u00e9 dans la mer, c\u2019est peu de l\u2019\u00e9crire mais il y a quinze jours cela n\u2019aurait pas \u00e9t\u00e9 possible. J\u2019ai nag\u00e9 dans la mer et j\u2019ai m\u00eame aim\u00e9 \u00e7a.\" \/>\n<meta name=\"twitter:image\" content=\"https:\/\/williamchevillon.fr\/wp-content\/uploads\/2023\/07\/IMG_2031-scaled.jpg\" \/>\n<meta name=\"twitter:label1\" content=\"\u00c9crit par\" \/>\n\t<meta name=\"twitter:data1\" content=\"William Chevillon\" \/>\n\t<meta name=\"twitter:label2\" content=\"Dur\u00e9e de lecture estim\u00e9e\" \/>\n\t<meta name=\"twitter:data2\" content=\"3 minutes\" \/>\n<script type=\"application\/ld+json\" class=\"yoast-schema-graph\">{\"@context\":\"https:\\\/\\\/schema.org\",\"@graph\":[{\"@type\":\"Article\",\"@id\":\"https:\\\/\\\/williamchevillon.fr\\\/index.php\\\/2023\\\/07\\\/09\\\/et-a-la-fin-je-flotte\\\/#article\",\"isPartOf\":{\"@id\":\"https:\\\/\\\/williamchevillon.fr\\\/index.php\\\/2023\\\/07\\\/09\\\/et-a-la-fin-je-flotte\\\/\"},\"author\":{\"name\":\"William Chevillon\",\"@id\":\"https:\\\/\\\/williamchevillon.fr\\\/#\\\/schema\\\/person\\\/eb30f03250952b7079f827caba706872\"},\"headline\":\"Et \u00e0 la fin je flotte\",\"datePublished\":\"2023-07-09T13:13:39+00:00\",\"mainEntityOfPage\":{\"@id\":\"https:\\\/\\\/williamchevillon.fr\\\/index.php\\\/2023\\\/07\\\/09\\\/et-a-la-fin-je-flotte\\\/\"},\"wordCount\":452,\"commentCount\":1,\"publisher\":{\"@id\":\"https:\\\/\\\/williamchevillon.fr\\\/#organization\"},\"image\":{\"@id\":\"https:\\\/\\\/williamchevillon.fr\\\/index.php\\\/2023\\\/07\\\/09\\\/et-a-la-fin-je-flotte\\\/#primaryimage\"},\"thumbnailUrl\":\"https:\\\/\\\/williamchevillon.fr\\\/wp-content\\\/uploads\\\/2023\\\/07\\\/IMG_2031-1024x683.jpg\",\"articleSection\":[\"Fragments \u00e9crits - Journal\"],\"inLanguage\":\"fr-FR\",\"potentialAction\":[{\"@type\":\"CommentAction\",\"name\":\"Comment\",\"target\":[\"https:\\\/\\\/williamchevillon.fr\\\/index.php\\\/2023\\\/07\\\/09\\\/et-a-la-fin-je-flotte\\\/#respond\"]}]},{\"@type\":\"WebPage\",\"@id\":\"https:\\\/\\\/williamchevillon.fr\\\/index.php\\\/2023\\\/07\\\/09\\\/et-a-la-fin-je-flotte\\\/\",\"url\":\"https:\\\/\\\/williamchevillon.fr\\\/index.php\\\/2023\\\/07\\\/09\\\/et-a-la-fin-je-flotte\\\/\",\"name\":\"Et \u00e0 la fin je flotte - William Chevillon\",\"isPartOf\":{\"@id\":\"https:\\\/\\\/williamchevillon.fr\\\/#website\"},\"primaryImageOfPage\":{\"@id\":\"https:\\\/\\\/williamchevillon.fr\\\/index.php\\\/2023\\\/07\\\/09\\\/et-a-la-fin-je-flotte\\\/#primaryimage\"},\"image\":{\"@id\":\"https:\\\/\\\/williamchevillon.fr\\\/index.php\\\/2023\\\/07\\\/09\\\/et-a-la-fin-je-flotte\\\/#primaryimage\"},\"thumbnailUrl\":\"https:\\\/\\\/williamchevillon.fr\\\/wp-content\\\/uploads\\\/2023\\\/07\\\/IMG_2031-1024x683.jpg\",\"datePublished\":\"2023-07-09T13:13:39+00:00\",\"description\":\"Et \u00e0 la fin je flotte Fragments \u00e9crits - Journal William Chevillon\",\"breadcrumb\":{\"@id\":\"https:\\\/\\\/williamchevillon.fr\\\/index.php\\\/2023\\\/07\\\/09\\\/et-a-la-fin-je-flotte\\\/#breadcrumb\"},\"inLanguage\":\"fr-FR\",\"potentialAction\":[{\"@type\":\"ReadAction\",\"target\":[\"https:\\\/\\\/williamchevillon.fr\\\/index.php\\\/2023\\\/07\\\/09\\\/et-a-la-fin-je-flotte\\\/\"]}]},{\"@type\":\"ImageObject\",\"inLanguage\":\"fr-FR\",\"@id\":\"https:\\\/\\\/williamchevillon.fr\\\/index.php\\\/2023\\\/07\\\/09\\\/et-a-la-fin-je-flotte\\\/#primaryimage\",\"url\":\"https:\\\/\\\/williamchevillon.fr\\\/wp-content\\\/uploads\\\/2023\\\/07\\\/IMG_2031-scaled.jpg\",\"contentUrl\":\"https:\\\/\\\/williamchevillon.fr\\\/wp-content\\\/uploads\\\/2023\\\/07\\\/IMG_2031-scaled.jpg\",\"width\":2560,\"height\":1707},{\"@type\":\"BreadcrumbList\",\"@id\":\"https:\\\/\\\/williamchevillon.fr\\\/index.php\\\/2023\\\/07\\\/09\\\/et-a-la-fin-je-flotte\\\/#breadcrumb\",\"itemListElement\":[{\"@type\":\"ListItem\",\"position\":1,\"name\":\"Accueil\",\"item\":\"https:\\\/\\\/williamchevillon.fr\\\/\"},{\"@type\":\"ListItem\",\"position\":2,\"name\":\"Et \u00e0 la fin je flotte\"}]},{\"@type\":\"WebSite\",\"@id\":\"https:\\\/\\\/williamchevillon.fr\\\/#website\",\"url\":\"https:\\\/\\\/williamchevillon.fr\\\/\",\"name\":\"William Chevillon\",\"description\":\"\u00ab Il n&#039;est pas dit qu&#039;en \u00e9crivant on assure le salut de son \u00e2me. \u00bb Italo Calvino\",\"publisher\":{\"@id\":\"https:\\\/\\\/williamchevillon.fr\\\/#organization\"},\"potentialAction\":[{\"@type\":\"SearchAction\",\"target\":{\"@type\":\"EntryPoint\",\"urlTemplate\":\"https:\\\/\\\/williamchevillon.fr\\\/?s={search_term_string}\"},\"query-input\":{\"@type\":\"PropertyValueSpecification\",\"valueRequired\":true,\"valueName\":\"search_term_string\"}}],\"inLanguage\":\"fr-FR\"},{\"@type\":\"Organization\",\"@id\":\"https:\\\/\\\/williamchevillon.fr\\\/#organization\",\"name\":\"William Chevillon\",\"url\":\"https:\\\/\\\/williamchevillon.fr\\\/\",\"logo\":{\"@type\":\"ImageObject\",\"inLanguage\":\"fr-FR\",\"@id\":\"https:\\\/\\\/williamchevillon.fr\\\/#\\\/schema\\\/logo\\\/image\\\/\",\"url\":\"https:\\\/\\\/williamchevillon.fr\\\/wp-content\\\/uploads\\\/2023\\\/03\\\/26881283122_9faaa7b2c2_k.jpg\",\"contentUrl\":\"https:\\\/\\\/williamchevillon.fr\\\/wp-content\\\/uploads\\\/2023\\\/03\\\/26881283122_9faaa7b2c2_k.jpg\",\"width\":2048,\"height\":1153,\"caption\":\"William Chevillon\"},\"image\":{\"@id\":\"https:\\\/\\\/williamchevillon.fr\\\/#\\\/schema\\\/logo\\\/image\\\/\"},\"sameAs\":[\"https:\\\/\\\/www.facebook.com\\\/WilliamChevillonPro\",\"https:\\\/\\\/instagram.com\\\/chevillonw\"]},{\"@type\":\"Person\",\"@id\":\"https:\\\/\\\/williamchevillon.fr\\\/#\\\/schema\\\/person\\\/eb30f03250952b7079f827caba706872\",\"name\":\"William Chevillon\",\"image\":{\"@type\":\"ImageObject\",\"inLanguage\":\"fr-FR\",\"@id\":\"https:\\\/\\\/secure.gravatar.com\\\/avatar\\\/d626b7752353789d21ea6ba008e34f538a0be7ecef0a6eefbf15acabdb28c0b9?s=96&d=mm&r=g\",\"url\":\"https:\\\/\\\/secure.gravatar.com\\\/avatar\\\/d626b7752353789d21ea6ba008e34f538a0be7ecef0a6eefbf15acabdb28c0b9?s=96&d=mm&r=g\",\"contentUrl\":\"https:\\\/\\\/secure.gravatar.com\\\/avatar\\\/d626b7752353789d21ea6ba008e34f538a0be7ecef0a6eefbf15acabdb28c0b9?s=96&d=mm&r=g\",\"caption\":\"William Chevillon\"},\"description\":\"Chercheur, artiste-auteur et m\u00e9diateur culturel attir\u00e9 par le spectacle vivant, l\u2019art contemporain, le patrimoine et les paysages.\",\"sameAs\":[\"https:\\\/\\\/williamchevillon.fr\"],\"url\":\"https:\\\/\\\/williamchevillon.fr\\\/index.php\\\/author\\\/admin2960\\\/\"}]}<\/script>\n<!-- \/ Yoast SEO plugin. -->","yoast_head_json":{"title":"Et \u00e0 la fin je flotte - William Chevillon","description":"Et \u00e0 la fin je flotte Fragments \u00e9crits - Journal William Chevillon","robots":{"index":"index","follow":"follow","max-snippet":"max-snippet:-1","max-image-preview":"max-image-preview:large","max-video-preview":"max-video-preview:-1"},"canonical":"https:\/\/williamchevillon.fr\/index.php\/2023\/07\/09\/et-a-la-fin-je-flotte\/","og_locale":"fr_FR","og_type":"article","og_title":"Et \u00e0 la fin je flotte","og_description":"C\u2018est b\u00eate \u00e0 dire mais j\u2019ai nag\u00e9 dans la mer, c\u2019est peu de l\u2019\u00e9crire mais il y a quinze jours cela n\u2019aurait pas \u00e9t\u00e9 possible. J\u2019ai nag\u00e9 dans la mer et j\u2019ai m\u00eame aim\u00e9 \u00e7a.","og_url":"https:\/\/williamchevillon.fr\/index.php\/2023\/07\/09\/et-a-la-fin-je-flotte\/","og_site_name":"William Chevillon","article_publisher":"https:\/\/www.facebook.com\/WilliamChevillonPro","article_published_time":"2023-07-09T13:13:39+00:00","og_image":[{"width":2560,"height":1707,"url":"https:\/\/williamchevillon.fr\/wp-content\/uploads\/2023\/07\/IMG_2031-scaled.jpg","type":"image\/jpeg"}],"author":"William Chevillon","twitter_card":"summary_large_image","twitter_title":"Et \u00e0 la fin je flotte","twitter_description":"C\u2018est b\u00eate \u00e0 dire mais j\u2019ai nag\u00e9 dans la mer, c\u2019est peu de l\u2019\u00e9crire mais il y a quinze jours cela n\u2019aurait pas \u00e9t\u00e9 possible. J\u2019ai nag\u00e9 dans la mer et j\u2019ai m\u00eame aim\u00e9 \u00e7a.","twitter_image":"https:\/\/williamchevillon.fr\/wp-content\/uploads\/2023\/07\/IMG_2031-scaled.jpg","twitter_misc":{"\u00c9crit par":"William Chevillon","Dur\u00e9e de lecture estim\u00e9e":"3 minutes"},"schema":{"@context":"https:\/\/schema.org","@graph":[{"@type":"Article","@id":"https:\/\/williamchevillon.fr\/index.php\/2023\/07\/09\/et-a-la-fin-je-flotte\/#article","isPartOf":{"@id":"https:\/\/williamchevillon.fr\/index.php\/2023\/07\/09\/et-a-la-fin-je-flotte\/"},"author":{"name":"William Chevillon","@id":"https:\/\/williamchevillon.fr\/#\/schema\/person\/eb30f03250952b7079f827caba706872"},"headline":"Et \u00e0 la fin je flotte","datePublished":"2023-07-09T13:13:39+00:00","mainEntityOfPage":{"@id":"https:\/\/williamchevillon.fr\/index.php\/2023\/07\/09\/et-a-la-fin-je-flotte\/"},"wordCount":452,"commentCount":1,"publisher":{"@id":"https:\/\/williamchevillon.fr\/#organization"},"image":{"@id":"https:\/\/williamchevillon.fr\/index.php\/2023\/07\/09\/et-a-la-fin-je-flotte\/#primaryimage"},"thumbnailUrl":"https:\/\/williamchevillon.fr\/wp-content\/uploads\/2023\/07\/IMG_2031-1024x683.jpg","articleSection":["Fragments \u00e9crits - Journal"],"inLanguage":"fr-FR","potentialAction":[{"@type":"CommentAction","name":"Comment","target":["https:\/\/williamchevillon.fr\/index.php\/2023\/07\/09\/et-a-la-fin-je-flotte\/#respond"]}]},{"@type":"WebPage","@id":"https:\/\/williamchevillon.fr\/index.php\/2023\/07\/09\/et-a-la-fin-je-flotte\/","url":"https:\/\/williamchevillon.fr\/index.php\/2023\/07\/09\/et-a-la-fin-je-flotte\/","name":"Et \u00e0 la fin je flotte - William Chevillon","isPartOf":{"@id":"https:\/\/williamchevillon.fr\/#website"},"primaryImageOfPage":{"@id":"https:\/\/williamchevillon.fr\/index.php\/2023\/07\/09\/et-a-la-fin-je-flotte\/#primaryimage"},"image":{"@id":"https:\/\/williamchevillon.fr\/index.php\/2023\/07\/09\/et-a-la-fin-je-flotte\/#primaryimage"},"thumbnailUrl":"https:\/\/williamchevillon.fr\/wp-content\/uploads\/2023\/07\/IMG_2031-1024x683.jpg","datePublished":"2023-07-09T13:13:39+00:00","description":"Et \u00e0 la fin je flotte Fragments \u00e9crits - Journal William Chevillon","breadcrumb":{"@id":"https:\/\/williamchevillon.fr\/index.php\/2023\/07\/09\/et-a-la-fin-je-flotte\/#breadcrumb"},"inLanguage":"fr-FR","potentialAction":[{"@type":"ReadAction","target":["https:\/\/williamchevillon.fr\/index.php\/2023\/07\/09\/et-a-la-fin-je-flotte\/"]}]},{"@type":"ImageObject","inLanguage":"fr-FR","@id":"https:\/\/williamchevillon.fr\/index.php\/2023\/07\/09\/et-a-la-fin-je-flotte\/#primaryimage","url":"https:\/\/williamchevillon.fr\/wp-content\/uploads\/2023\/07\/IMG_2031-scaled.jpg","contentUrl":"https:\/\/williamchevillon.fr\/wp-content\/uploads\/2023\/07\/IMG_2031-scaled.jpg","width":2560,"height":1707},{"@type":"BreadcrumbList","@id":"https:\/\/williamchevillon.fr\/index.php\/2023\/07\/09\/et-a-la-fin-je-flotte\/#breadcrumb","itemListElement":[{"@type":"ListItem","position":1,"name":"Accueil","item":"https:\/\/williamchevillon.fr\/"},{"@type":"ListItem","position":2,"name":"Et \u00e0 la fin je flotte"}]},{"@type":"WebSite","@id":"https:\/\/williamchevillon.fr\/#website","url":"https:\/\/williamchevillon.fr\/","name":"William Chevillon","description":"\u00ab Il n&#039;est pas dit qu&#039;en \u00e9crivant on assure le salut de son \u00e2me. \u00bb Italo Calvino","publisher":{"@id":"https:\/\/williamchevillon.fr\/#organization"},"potentialAction":[{"@type":"SearchAction","target":{"@type":"EntryPoint","urlTemplate":"https:\/\/williamchevillon.fr\/?s={search_term_string}"},"query-input":{"@type":"PropertyValueSpecification","valueRequired":true,"valueName":"search_term_string"}}],"inLanguage":"fr-FR"},{"@type":"Organization","@id":"https:\/\/williamchevillon.fr\/#organization","name":"William Chevillon","url":"https:\/\/williamchevillon.fr\/","logo":{"@type":"ImageObject","inLanguage":"fr-FR","@id":"https:\/\/williamchevillon.fr\/#\/schema\/logo\/image\/","url":"https:\/\/williamchevillon.fr\/wp-content\/uploads\/2023\/03\/26881283122_9faaa7b2c2_k.jpg","contentUrl":"https:\/\/williamchevillon.fr\/wp-content\/uploads\/2023\/03\/26881283122_9faaa7b2c2_k.jpg","width":2048,"height":1153,"caption":"William Chevillon"},"image":{"@id":"https:\/\/williamchevillon.fr\/#\/schema\/logo\/image\/"},"sameAs":["https:\/\/www.facebook.com\/WilliamChevillonPro","https:\/\/instagram.com\/chevillonw"]},{"@type":"Person","@id":"https:\/\/williamchevillon.fr\/#\/schema\/person\/eb30f03250952b7079f827caba706872","name":"William Chevillon","image":{"@type":"ImageObject","inLanguage":"fr-FR","@id":"https:\/\/secure.gravatar.com\/avatar\/d626b7752353789d21ea6ba008e34f538a0be7ecef0a6eefbf15acabdb28c0b9?s=96&d=mm&r=g","url":"https:\/\/secure.gravatar.com\/avatar\/d626b7752353789d21ea6ba008e34f538a0be7ecef0a6eefbf15acabdb28c0b9?s=96&d=mm&r=g","contentUrl":"https:\/\/secure.gravatar.com\/avatar\/d626b7752353789d21ea6ba008e34f538a0be7ecef0a6eefbf15acabdb28c0b9?s=96&d=mm&r=g","caption":"William Chevillon"},"description":"Chercheur, artiste-auteur et m\u00e9diateur culturel attir\u00e9 par le spectacle vivant, l\u2019art contemporain, le patrimoine et les paysages.","sameAs":["https:\/\/williamchevillon.fr"],"url":"https:\/\/williamchevillon.fr\/index.php\/author\/admin2960\/"}]}},"_links":{"self":[{"href":"https:\/\/williamchevillon.fr\/index.php\/wp-json\/wp\/v2\/posts\/666","targetHints":{"allow":["GET"]}}],"collection":[{"href":"https:\/\/williamchevillon.fr\/index.php\/wp-json\/wp\/v2\/posts"}],"about":[{"href":"https:\/\/williamchevillon.fr\/index.php\/wp-json\/wp\/v2\/types\/post"}],"author":[{"embeddable":true,"href":"https:\/\/williamchevillon.fr\/index.php\/wp-json\/wp\/v2\/users\/1"}],"replies":[{"embeddable":true,"href":"https:\/\/williamchevillon.fr\/index.php\/wp-json\/wp\/v2\/comments?post=666"}],"version-history":[{"count":1,"href":"https:\/\/williamchevillon.fr\/index.php\/wp-json\/wp\/v2\/posts\/666\/revisions"}],"predecessor-version":[{"id":668,"href":"https:\/\/williamchevillon.fr\/index.php\/wp-json\/wp\/v2\/posts\/666\/revisions\/668"}],"wp:attachment":[{"href":"https:\/\/williamchevillon.fr\/index.php\/wp-json\/wp\/v2\/media?parent=666"}],"wp:term":[{"taxonomy":"category","embeddable":true,"href":"https:\/\/williamchevillon.fr\/index.php\/wp-json\/wp\/v2\/categories?post=666"},{"taxonomy":"post_tag","embeddable":true,"href":"https:\/\/williamchevillon.fr\/index.php\/wp-json\/wp\/v2\/tags?post=666"}],"curies":[{"name":"wp","href":"https:\/\/api.w.org\/{rel}","templated":true}]}}