{"id":66,"date":"2022-11-02T21:38:14","date_gmt":"2022-11-02T21:38:14","guid":{"rendered":"http:\/\/williamchevillon.fr\/index.php\/2022\/11\/02\/de-la-liberte-de-ne-classer-ni-les-sentiments-ni\/"},"modified":"2023-03-12T17:47:33","modified_gmt":"2023-03-12T16:47:33","slug":"de-la-liberte-de-ne-classer-ni-les-sentiments-ni","status":"publish","type":"post","link":"https:\/\/williamchevillon.fr\/index.php\/2022\/11\/02\/de-la-liberte-de-ne-classer-ni-les-sentiments-ni\/","title":{"rendered":"De la libert\u00e9 de ne classer ni les sentiments ni le Monoprix"},"content":{"rendered":"<figure class=\"tmblr-full\" data-orig-width=\"5184\" data-orig-height=\"3456\"><img decoding=\"async\" src=\"https:\/\/64.media.tumblr.com\/b58a33d1b729d58a050f33efaa6453e0\/3fcb10e30a8f901b-72\/s540x810\/10cdafe5970037ef28629a2a554c9199ef715760.jpg\" alt=\"image\" data-orig-width=\"5184\" data-orig-height=\"3456\"><\/figure>\n<div class=\"content\">\n<div class=\"info\">\n<p>Il est neuf heures lorsque tintent les horloges de la maison, l\u00e9g\u00e8rement d\u00e9cal\u00e9es elles semblent se r\u00e9pondre. Sur le sol des \u00e9clats de braises de la veille constellent la terre cuite vernie. Dans la cuisine le ronronnement du micro-ondes annonce l\u2019imminence du caf\u00e9. L\u00e0 m\u00eame o\u00f9 j\u2019ai l\u2019habitude de m\u2019asseoir, fa\u00e7on Anne-Aymone le 31 d\u00e9cembre 1975, je parle des journ\u00e9es pass\u00e9es, de mon travail, de mon livre \u00e0 venir, du Monoprix de Fontenay-le-Comte qui n\u2019est toujours pas class\u00e9 monument historique alors qu\u2019il devrait l\u2019\u00eatre, de ce qui m\u2019\u00e9meut, m\u2019agace et me transporte. J\u2019aime venir ici, on converse de tout et lui me parle de la libert\u00e9 qu\u2019il voit en moi.<\/p>\n<p>Il sait ce qui m\u2019anime depuis un apr\u00e8s-midi de printemps il y a plus de trois ans. J\u2019ai mis du temps \u00e0 lui expliquer tous les ressorts ; de comment j\u2019ai simplement voulu saisir ce qui arrivait sans chercher \u00e0 me projeter dans un quelconque impossible ni vouloir ab\u00eemer ce qui existait d\u00e9j\u00e0. \u00catre une composante compl\u00e9mentaire, diff\u00e9rente, constitutive sans \u00eatre oppos\u00e9e. En cela il voit de la libert\u00e9 et peu apr\u00e8s je re\u00e7ois un message dans lequel il est justement sujet de la m\u00eame libert\u00e9.<\/p>\n<p>Pour autant, je ne suis certain de rien. Pas m\u00eame de savoir ce qu\u2019est \u00eatre libre. Le suis-je, je l\u2019ignore mais j\u2019aime ce que je vis et m\u2019estime chanceux que les choses soient ainsi. Rien ne saurait figer l\u2019immuable ardeur et, subsistant librement \u00e0 rebours de toute logique, le Monoprix de Fontenay-le-Comte ne sera pas class\u00e9. Ainsi est le constat livr\u00e9 par cette conversation, un matin comme souvent au coin d\u2019une chemin\u00e9e \u00e9teinte.<\/p>\n<\/div>\n<\/div>\n<div class=\"info\"><\/div>\n","protected":false},"excerpt":{"rendered":"<p>Il est neuf heures lorsque tintent les horloges de la maison, l\u00e9g\u00e8rement d\u00e9cal\u00e9es elles semblent se r\u00e9pondre. Sur le sol des \u00e9clats de braises de la veille constellent la terre cuite vernie. Dans la cuisine le ronronnement du micro-ondes annonce l\u2019imminence du caf\u00e9. L\u00e0 m\u00eame o\u00f9 j\u2019ai l\u2019habitude de m\u2019asseoir, fa\u00e7on Anne-Aymone le 31 d\u00e9cembre [&hellip;]<\/p>\n","protected":false},"author":1,"featured_media":0,"comment_status":"open","ping_status":"open","sticky":false,"template":"","format":"standard","meta":{"footnotes":""},"categories":[6],"tags":[],"class_list":["post-66","post","type-post","status-publish","format-standard","hentry","category-fragments"],"_links":{"self":[{"href":"https:\/\/williamchevillon.fr\/index.php\/wp-json\/wp\/v2\/posts\/66","targetHints":{"allow":["GET"]}}],"collection":[{"href":"https:\/\/williamchevillon.fr\/index.php\/wp-json\/wp\/v2\/posts"}],"about":[{"href":"https:\/\/williamchevillon.fr\/index.php\/wp-json\/wp\/v2\/types\/post"}],"author":[{"embeddable":true,"href":"https:\/\/williamchevillon.fr\/index.php\/wp-json\/wp\/v2\/users\/1"}],"replies":[{"embeddable":true,"href":"https:\/\/williamchevillon.fr\/index.php\/wp-json\/wp\/v2\/comments?post=66"}],"version-history":[{"count":2,"href":"https:\/\/williamchevillon.fr\/index.php\/wp-json\/wp\/v2\/posts\/66\/revisions"}],"predecessor-version":[{"id":473,"href":"https:\/\/williamchevillon.fr\/index.php\/wp-json\/wp\/v2\/posts\/66\/revisions\/473"}],"wp:attachment":[{"href":"https:\/\/williamchevillon.fr\/index.php\/wp-json\/wp\/v2\/media?parent=66"}],"wp:term":[{"taxonomy":"category","embeddable":true,"href":"https:\/\/williamchevillon.fr\/index.php\/wp-json\/wp\/v2\/categories?post=66"},{"taxonomy":"post_tag","embeddable":true,"href":"https:\/\/williamchevillon.fr\/index.php\/wp-json\/wp\/v2\/tags?post=66"}],"curies":[{"name":"wp","href":"https:\/\/api.w.org\/{rel}","templated":true}]}}