{"id":156,"date":"2016-08-01T19:25:00","date_gmt":"2016-08-01T19:25:00","guid":{"rendered":"http:\/\/williamchevillon.fr\/index.php\/2016\/08\/01\/art-public-a-la-roche-sur-yon-edition-dun\/"},"modified":"2023-03-12T15:21:19","modified_gmt":"2023-03-12T14:21:19","slug":"art-public-a-la-roche-sur-yon-edition-dun","status":"publish","type":"post","link":"https:\/\/williamchevillon.fr\/index.php\/2016\/08\/01\/art-public-a-la-roche-sur-yon-edition-dun\/","title":{"rendered":"Art public \u00e0 La Roche-sur-Yon, \u00e9dition d\u2019un plan-guide"},"content":{"rendered":"<p>Dans le cadre des Journ\u00e9es du 1% artistique et des Journ\u00e9es europ\u00e9ennes du patrimoine, j&rsquo;ai d\u00e9cid\u00e9 de rendre public un inventaire des \u0153uvres d&rsquo;art dans l&rsquo;espace public \u00e0 La Roche-sur-Yon (plus de 70) sous la forme d&rsquo;un petit plan guide explicatif (A3\/pli\u00e9 A5 Noir et blanc recto-verso). D\u00e9pli\u00e9, le document comportera un plan num\u00e9rot\u00e9 et l\u00e9gend\u00e9 sur la double page centrale. Les deux pages de couverture seront d\u00e9di\u00e9es \u00e0 une pr\u00e9sentation g\u00e9n\u00e9rale des \u0153uvres de La Roche-sur-Yon avec quelques focus sur des th\u00e9matiques telles que l&rsquo;art cin\u00e9tique, le 1% artistique\u2026<\/p>\n<p>Travaillant avec un graphiste sur le sujet, j&rsquo;aimerais simplement couvrir les frais d&rsquo;impression que mon petit budget ne me permet pas d&rsquo;honorer convenablement. Pour ce faire, j\u2019ai lanc\u00e9 une collecte accessible \u00e0 tous sur la plateforme Ulule.<\/p>\n<p>A ce jour, la somme n\u00e9cessaire a \u00e9t\u00e9 r\u00e9unie. N\u00e9anmoins, il est encore possible de contribuer, cela permettra de doubler les tirages voire de proposer un document en couleur !<\/p>\n<figure class=\"tmblr-full\" data-orig-height=\"3056\" data-orig-width=\"4592\"><img decoding=\"async\" src=\"https:\/\/64.media.tumblr.com\/3e89bea7922aa11eaee306ce588db1dd\/tumblr_inline_ob8wuk4duw1ry62m5_540.jpg\" data-orig-height=\"3056\" data-orig-width=\"4592\" \/><\/figure>\n","protected":false},"excerpt":{"rendered":"<p>Dans le cadre des Journ\u00e9es du 1% artistique et des Journ\u00e9es europ\u00e9ennes du patrimoine, j&rsquo;ai d\u00e9cid\u00e9 de rendre public un inventaire des \u0153uvres d&rsquo;art dans l&rsquo;espace public \u00e0 La Roche-sur-Yon (plus de 70) sous la forme d&rsquo;un petit plan guide explicatif (A3\/pli\u00e9 A5 Noir et blanc recto-verso). D\u00e9pli\u00e9, le document comportera un plan num\u00e9rot\u00e9 et [&hellip;]<\/p>\n","protected":false},"author":1,"featured_media":0,"comment_status":"open","ping_status":"open","sticky":false,"template":"","format":"standard","meta":{"footnotes":""},"categories":[1],"tags":[29,15,16,14],"class_list":["post-156","post","type-post","status-publish","format-standard","hentry","category-non-classe","tag-art-contemporain","tag-la-roche-sur-yon","tag-lrsy","tag-vendee"],"yoast_head":"<!-- This site is optimized with the Yoast SEO plugin v27.5 - https:\/\/yoast.com\/product\/yoast-seo-wordpress\/ -->\n<title>Art public \u00e0 La Roche-sur-Yon, \u00e9dition d\u2019un plan-guide - William Chevillon<\/title>\n<meta name=\"description\" content=\"Art public \u00e0 La Roche-sur-Yon, \u00e9dition d\u2019un plan-guide William Chevillon\" \/>\n<meta name=\"robots\" content=\"index, follow, max-snippet:-1, max-image-preview:large, max-video-preview:-1\" \/>\n<link rel=\"canonical\" href=\"https:\/\/williamchevillon.fr\/index.php\/2016\/08\/01\/art-public-a-la-roche-sur-yon-edition-dun\/\" \/>\n<meta property=\"og:locale\" content=\"fr_FR\" \/>\n<meta property=\"og:type\" content=\"article\" \/>\n<meta property=\"og:title\" content=\"Art public \u00e0 La Roche-sur-Yon, \u00e9dition d\u2019un plan-guide - William Chevillon\" \/>\n<meta property=\"og:description\" content=\"Art public \u00e0 La Roche-sur-Yon, \u00e9dition d\u2019un plan-guide William Chevillon\" \/>\n<meta property=\"og:url\" content=\"https:\/\/williamchevillon.fr\/index.php\/2016\/08\/01\/art-public-a-la-roche-sur-yon-edition-dun\/\" \/>\n<meta property=\"og:site_name\" content=\"William Chevillon\" \/>\n<meta property=\"article:publisher\" content=\"https:\/\/www.facebook.com\/WilliamChevillonPro\" \/>\n<meta property=\"article:published_time\" content=\"2016-08-01T19:25:00+00:00\" \/>\n<meta property=\"article:modified_time\" content=\"2023-03-12T14:21:19+00:00\" \/>\n<meta property=\"og:image\" content=\"https:\/\/64.media.tumblr.com\/3e89bea7922aa11eaee306ce588db1dd\/tumblr_inline_ob8wuk4duw1ry62m5_540.jpg\" \/>\n<meta name=\"author\" content=\"William Chevillon\" \/>\n<meta name=\"twitter:card\" content=\"summary_large_image\" \/>\n<meta name=\"twitter:label1\" content=\"\u00c9crit par\" \/>\n\t<meta name=\"twitter:data1\" content=\"William Chevillon\" \/>\n\t<meta name=\"twitter:label2\" content=\"Dur\u00e9e de lecture estim\u00e9e\" \/>\n\t<meta name=\"twitter:data2\" content=\"1 minute\" \/>\n<script type=\"application\/ld+json\" class=\"yoast-schema-graph\">{\"@context\":\"https:\\\/\\\/schema.org\",\"@graph\":[{\"@type\":\"Article\",\"@id\":\"https:\\\/\\\/williamchevillon.fr\\\/index.php\\\/2016\\\/08\\\/01\\\/art-public-a-la-roche-sur-yon-edition-dun\\\/#article\",\"isPartOf\":{\"@id\":\"https:\\\/\\\/williamchevillon.fr\\\/index.php\\\/2016\\\/08\\\/01\\\/art-public-a-la-roche-sur-yon-edition-dun\\\/\"},\"author\":{\"name\":\"William Chevillon\",\"@id\":\"https:\\\/\\\/williamchevillon.fr\\\/#\\\/schema\\\/person\\\/eb30f03250952b7079f827caba706872\"},\"headline\":\"Art public \u00e0 La Roche-sur-Yon, \u00e9dition d\u2019un plan-guide\",\"datePublished\":\"2016-08-01T19:25:00+00:00\",\"dateModified\":\"2023-03-12T14:21:19+00:00\",\"mainEntityOfPage\":{\"@id\":\"https:\\\/\\\/williamchevillon.fr\\\/index.php\\\/2016\\\/08\\\/01\\\/art-public-a-la-roche-sur-yon-edition-dun\\\/\"},\"wordCount\":185,\"commentCount\":0,\"publisher\":{\"@id\":\"https:\\\/\\\/williamchevillon.fr\\\/#organization\"},\"image\":{\"@id\":\"https:\\\/\\\/williamchevillon.fr\\\/index.php\\\/2016\\\/08\\\/01\\\/art-public-a-la-roche-sur-yon-edition-dun\\\/#primaryimage\"},\"thumbnailUrl\":\"https:\\\/\\\/64.media.tumblr.com\\\/3e89bea7922aa11eaee306ce588db1dd\\\/tumblr_inline_ob8wuk4duw1ry62m5_540.jpg\",\"keywords\":[\"art contemporain\",\"La Roche-sur-Yon\",\"LRSY\",\"Vend\u00e9e\"],\"inLanguage\":\"fr-FR\",\"potentialAction\":[{\"@type\":\"CommentAction\",\"name\":\"Comment\",\"target\":[\"https:\\\/\\\/williamchevillon.fr\\\/index.php\\\/2016\\\/08\\\/01\\\/art-public-a-la-roche-sur-yon-edition-dun\\\/#respond\"]}]},{\"@type\":\"WebPage\",\"@id\":\"https:\\\/\\\/williamchevillon.fr\\\/index.php\\\/2016\\\/08\\\/01\\\/art-public-a-la-roche-sur-yon-edition-dun\\\/\",\"url\":\"https:\\\/\\\/williamchevillon.fr\\\/index.php\\\/2016\\\/08\\\/01\\\/art-public-a-la-roche-sur-yon-edition-dun\\\/\",\"name\":\"Art public \u00e0 La Roche-sur-Yon, \u00e9dition d\u2019un plan-guide - William Chevillon\",\"isPartOf\":{\"@id\":\"https:\\\/\\\/williamchevillon.fr\\\/#website\"},\"primaryImageOfPage\":{\"@id\":\"https:\\\/\\\/williamchevillon.fr\\\/index.php\\\/2016\\\/08\\\/01\\\/art-public-a-la-roche-sur-yon-edition-dun\\\/#primaryimage\"},\"image\":{\"@id\":\"https:\\\/\\\/williamchevillon.fr\\\/index.php\\\/2016\\\/08\\\/01\\\/art-public-a-la-roche-sur-yon-edition-dun\\\/#primaryimage\"},\"thumbnailUrl\":\"https:\\\/\\\/64.media.tumblr.com\\\/3e89bea7922aa11eaee306ce588db1dd\\\/tumblr_inline_ob8wuk4duw1ry62m5_540.jpg\",\"datePublished\":\"2016-08-01T19:25:00+00:00\",\"dateModified\":\"2023-03-12T14:21:19+00:00\",\"description\":\"Art public \u00e0 La Roche-sur-Yon, \u00e9dition d\u2019un plan-guide William Chevillon\",\"breadcrumb\":{\"@id\":\"https:\\\/\\\/williamchevillon.fr\\\/index.php\\\/2016\\\/08\\\/01\\\/art-public-a-la-roche-sur-yon-edition-dun\\\/#breadcrumb\"},\"inLanguage\":\"fr-FR\",\"potentialAction\":[{\"@type\":\"ReadAction\",\"target\":[\"https:\\\/\\\/williamchevillon.fr\\\/index.php\\\/2016\\\/08\\\/01\\\/art-public-a-la-roche-sur-yon-edition-dun\\\/\"]}]},{\"@type\":\"ImageObject\",\"inLanguage\":\"fr-FR\",\"@id\":\"https:\\\/\\\/williamchevillon.fr\\\/index.php\\\/2016\\\/08\\\/01\\\/art-public-a-la-roche-sur-yon-edition-dun\\\/#primaryimage\",\"url\":\"https:\\\/\\\/64.media.tumblr.com\\\/3e89bea7922aa11eaee306ce588db1dd\\\/tumblr_inline_ob8wuk4duw1ry62m5_540.jpg\",\"contentUrl\":\"https:\\\/\\\/64.media.tumblr.com\\\/3e89bea7922aa11eaee306ce588db1dd\\\/tumblr_inline_ob8wuk4duw1ry62m5_540.jpg\"},{\"@type\":\"BreadcrumbList\",\"@id\":\"https:\\\/\\\/williamchevillon.fr\\\/index.php\\\/2016\\\/08\\\/01\\\/art-public-a-la-roche-sur-yon-edition-dun\\\/#breadcrumb\",\"itemListElement\":[{\"@type\":\"ListItem\",\"position\":1,\"name\":\"Accueil\",\"item\":\"https:\\\/\\\/williamchevillon.fr\\\/\"},{\"@type\":\"ListItem\",\"position\":2,\"name\":\"Art public \u00e0 La Roche-sur-Yon, \u00e9dition d\u2019un plan-guide\"}]},{\"@type\":\"WebSite\",\"@id\":\"https:\\\/\\\/williamchevillon.fr\\\/#website\",\"url\":\"https:\\\/\\\/williamchevillon.fr\\\/\",\"name\":\"William Chevillon\",\"description\":\"\u00ab Il n&#039;est pas dit qu&#039;en \u00e9crivant on assure le salut de son \u00e2me. \u00bb Italo Calvino\",\"publisher\":{\"@id\":\"https:\\\/\\\/williamchevillon.fr\\\/#organization\"},\"potentialAction\":[{\"@type\":\"SearchAction\",\"target\":{\"@type\":\"EntryPoint\",\"urlTemplate\":\"https:\\\/\\\/williamchevillon.fr\\\/?s={search_term_string}\"},\"query-input\":{\"@type\":\"PropertyValueSpecification\",\"valueRequired\":true,\"valueName\":\"search_term_string\"}}],\"inLanguage\":\"fr-FR\"},{\"@type\":\"Organization\",\"@id\":\"https:\\\/\\\/williamchevillon.fr\\\/#organization\",\"name\":\"William Chevillon\",\"url\":\"https:\\\/\\\/williamchevillon.fr\\\/\",\"logo\":{\"@type\":\"ImageObject\",\"inLanguage\":\"fr-FR\",\"@id\":\"https:\\\/\\\/williamchevillon.fr\\\/#\\\/schema\\\/logo\\\/image\\\/\",\"url\":\"https:\\\/\\\/williamchevillon.fr\\\/wp-content\\\/uploads\\\/2023\\\/03\\\/26881283122_9faaa7b2c2_k.jpg\",\"contentUrl\":\"https:\\\/\\\/williamchevillon.fr\\\/wp-content\\\/uploads\\\/2023\\\/03\\\/26881283122_9faaa7b2c2_k.jpg\",\"width\":2048,\"height\":1153,\"caption\":\"William Chevillon\"},\"image\":{\"@id\":\"https:\\\/\\\/williamchevillon.fr\\\/#\\\/schema\\\/logo\\\/image\\\/\"},\"sameAs\":[\"https:\\\/\\\/www.facebook.com\\\/WilliamChevillonPro\",\"https:\\\/\\\/instagram.com\\\/chevillonw\"]},{\"@type\":\"Person\",\"@id\":\"https:\\\/\\\/williamchevillon.fr\\\/#\\\/schema\\\/person\\\/eb30f03250952b7079f827caba706872\",\"name\":\"William Chevillon\",\"image\":{\"@type\":\"ImageObject\",\"inLanguage\":\"fr-FR\",\"@id\":\"https:\\\/\\\/secure.gravatar.com\\\/avatar\\\/d626b7752353789d21ea6ba008e34f538a0be7ecef0a6eefbf15acabdb28c0b9?s=96&d=mm&r=g\",\"url\":\"https:\\\/\\\/secure.gravatar.com\\\/avatar\\\/d626b7752353789d21ea6ba008e34f538a0be7ecef0a6eefbf15acabdb28c0b9?s=96&d=mm&r=g\",\"contentUrl\":\"https:\\\/\\\/secure.gravatar.com\\\/avatar\\\/d626b7752353789d21ea6ba008e34f538a0be7ecef0a6eefbf15acabdb28c0b9?s=96&d=mm&r=g\",\"caption\":\"William Chevillon\"},\"description\":\"Chercheur, artiste-auteur et m\u00e9diateur culturel attir\u00e9 par le spectacle vivant, l\u2019art contemporain, le patrimoine et les paysages.\",\"sameAs\":[\"https:\\\/\\\/williamchevillon.fr\"],\"url\":\"https:\\\/\\\/williamchevillon.fr\\\/index.php\\\/author\\\/admin2960\\\/\"}]}<\/script>\n<!-- \/ Yoast SEO plugin. -->","yoast_head_json":{"title":"Art public \u00e0 La Roche-sur-Yon, \u00e9dition d\u2019un plan-guide - William Chevillon","description":"Art public \u00e0 La Roche-sur-Yon, \u00e9dition d\u2019un plan-guide William Chevillon","robots":{"index":"index","follow":"follow","max-snippet":"max-snippet:-1","max-image-preview":"max-image-preview:large","max-video-preview":"max-video-preview:-1"},"canonical":"https:\/\/williamchevillon.fr\/index.php\/2016\/08\/01\/art-public-a-la-roche-sur-yon-edition-dun\/","og_locale":"fr_FR","og_type":"article","og_title":"Art public \u00e0 La Roche-sur-Yon, \u00e9dition d\u2019un plan-guide - William Chevillon","og_description":"Art public \u00e0 La Roche-sur-Yon, \u00e9dition d\u2019un plan-guide William Chevillon","og_url":"https:\/\/williamchevillon.fr\/index.php\/2016\/08\/01\/art-public-a-la-roche-sur-yon-edition-dun\/","og_site_name":"William Chevillon","article_publisher":"https:\/\/www.facebook.com\/WilliamChevillonPro","article_published_time":"2016-08-01T19:25:00+00:00","article_modified_time":"2023-03-12T14:21:19+00:00","og_image":[{"url":"https:\/\/64.media.tumblr.com\/3e89bea7922aa11eaee306ce588db1dd\/tumblr_inline_ob8wuk4duw1ry62m5_540.jpg","type":"","width":"","height":""}],"author":"William Chevillon","twitter_card":"summary_large_image","twitter_misc":{"\u00c9crit par":"William Chevillon","Dur\u00e9e de lecture estim\u00e9e":"1 minute"},"schema":{"@context":"https:\/\/schema.org","@graph":[{"@type":"Article","@id":"https:\/\/williamchevillon.fr\/index.php\/2016\/08\/01\/art-public-a-la-roche-sur-yon-edition-dun\/#article","isPartOf":{"@id":"https:\/\/williamchevillon.fr\/index.php\/2016\/08\/01\/art-public-a-la-roche-sur-yon-edition-dun\/"},"author":{"name":"William Chevillon","@id":"https:\/\/williamchevillon.fr\/#\/schema\/person\/eb30f03250952b7079f827caba706872"},"headline":"Art public \u00e0 La Roche-sur-Yon, \u00e9dition d\u2019un plan-guide","datePublished":"2016-08-01T19:25:00+00:00","dateModified":"2023-03-12T14:21:19+00:00","mainEntityOfPage":{"@id":"https:\/\/williamchevillon.fr\/index.php\/2016\/08\/01\/art-public-a-la-roche-sur-yon-edition-dun\/"},"wordCount":185,"commentCount":0,"publisher":{"@id":"https:\/\/williamchevillon.fr\/#organization"},"image":{"@id":"https:\/\/williamchevillon.fr\/index.php\/2016\/08\/01\/art-public-a-la-roche-sur-yon-edition-dun\/#primaryimage"},"thumbnailUrl":"https:\/\/64.media.tumblr.com\/3e89bea7922aa11eaee306ce588db1dd\/tumblr_inline_ob8wuk4duw1ry62m5_540.jpg","keywords":["art contemporain","La Roche-sur-Yon","LRSY","Vend\u00e9e"],"inLanguage":"fr-FR","potentialAction":[{"@type":"CommentAction","name":"Comment","target":["https:\/\/williamchevillon.fr\/index.php\/2016\/08\/01\/art-public-a-la-roche-sur-yon-edition-dun\/#respond"]}]},{"@type":"WebPage","@id":"https:\/\/williamchevillon.fr\/index.php\/2016\/08\/01\/art-public-a-la-roche-sur-yon-edition-dun\/","url":"https:\/\/williamchevillon.fr\/index.php\/2016\/08\/01\/art-public-a-la-roche-sur-yon-edition-dun\/","name":"Art public \u00e0 La Roche-sur-Yon, \u00e9dition d\u2019un plan-guide - William Chevillon","isPartOf":{"@id":"https:\/\/williamchevillon.fr\/#website"},"primaryImageOfPage":{"@id":"https:\/\/williamchevillon.fr\/index.php\/2016\/08\/01\/art-public-a-la-roche-sur-yon-edition-dun\/#primaryimage"},"image":{"@id":"https:\/\/williamchevillon.fr\/index.php\/2016\/08\/01\/art-public-a-la-roche-sur-yon-edition-dun\/#primaryimage"},"thumbnailUrl":"https:\/\/64.media.tumblr.com\/3e89bea7922aa11eaee306ce588db1dd\/tumblr_inline_ob8wuk4duw1ry62m5_540.jpg","datePublished":"2016-08-01T19:25:00+00:00","dateModified":"2023-03-12T14:21:19+00:00","description":"Art public \u00e0 La Roche-sur-Yon, \u00e9dition d\u2019un plan-guide William Chevillon","breadcrumb":{"@id":"https:\/\/williamchevillon.fr\/index.php\/2016\/08\/01\/art-public-a-la-roche-sur-yon-edition-dun\/#breadcrumb"},"inLanguage":"fr-FR","potentialAction":[{"@type":"ReadAction","target":["https:\/\/williamchevillon.fr\/index.php\/2016\/08\/01\/art-public-a-la-roche-sur-yon-edition-dun\/"]}]},{"@type":"ImageObject","inLanguage":"fr-FR","@id":"https:\/\/williamchevillon.fr\/index.php\/2016\/08\/01\/art-public-a-la-roche-sur-yon-edition-dun\/#primaryimage","url":"https:\/\/64.media.tumblr.com\/3e89bea7922aa11eaee306ce588db1dd\/tumblr_inline_ob8wuk4duw1ry62m5_540.jpg","contentUrl":"https:\/\/64.media.tumblr.com\/3e89bea7922aa11eaee306ce588db1dd\/tumblr_inline_ob8wuk4duw1ry62m5_540.jpg"},{"@type":"BreadcrumbList","@id":"https:\/\/williamchevillon.fr\/index.php\/2016\/08\/01\/art-public-a-la-roche-sur-yon-edition-dun\/#breadcrumb","itemListElement":[{"@type":"ListItem","position":1,"name":"Accueil","item":"https:\/\/williamchevillon.fr\/"},{"@type":"ListItem","position":2,"name":"Art public \u00e0 La Roche-sur-Yon, \u00e9dition d\u2019un plan-guide"}]},{"@type":"WebSite","@id":"https:\/\/williamchevillon.fr\/#website","url":"https:\/\/williamchevillon.fr\/","name":"William Chevillon","description":"\u00ab Il n&#039;est pas dit qu&#039;en \u00e9crivant on assure le salut de son \u00e2me. \u00bb Italo Calvino","publisher":{"@id":"https:\/\/williamchevillon.fr\/#organization"},"potentialAction":[{"@type":"SearchAction","target":{"@type":"EntryPoint","urlTemplate":"https:\/\/williamchevillon.fr\/?s={search_term_string}"},"query-input":{"@type":"PropertyValueSpecification","valueRequired":true,"valueName":"search_term_string"}}],"inLanguage":"fr-FR"},{"@type":"Organization","@id":"https:\/\/williamchevillon.fr\/#organization","name":"William Chevillon","url":"https:\/\/williamchevillon.fr\/","logo":{"@type":"ImageObject","inLanguage":"fr-FR","@id":"https:\/\/williamchevillon.fr\/#\/schema\/logo\/image\/","url":"https:\/\/williamchevillon.fr\/wp-content\/uploads\/2023\/03\/26881283122_9faaa7b2c2_k.jpg","contentUrl":"https:\/\/williamchevillon.fr\/wp-content\/uploads\/2023\/03\/26881283122_9faaa7b2c2_k.jpg","width":2048,"height":1153,"caption":"William Chevillon"},"image":{"@id":"https:\/\/williamchevillon.fr\/#\/schema\/logo\/image\/"},"sameAs":["https:\/\/www.facebook.com\/WilliamChevillonPro","https:\/\/instagram.com\/chevillonw"]},{"@type":"Person","@id":"https:\/\/williamchevillon.fr\/#\/schema\/person\/eb30f03250952b7079f827caba706872","name":"William Chevillon","image":{"@type":"ImageObject","inLanguage":"fr-FR","@id":"https:\/\/secure.gravatar.com\/avatar\/d626b7752353789d21ea6ba008e34f538a0be7ecef0a6eefbf15acabdb28c0b9?s=96&d=mm&r=g","url":"https:\/\/secure.gravatar.com\/avatar\/d626b7752353789d21ea6ba008e34f538a0be7ecef0a6eefbf15acabdb28c0b9?s=96&d=mm&r=g","contentUrl":"https:\/\/secure.gravatar.com\/avatar\/d626b7752353789d21ea6ba008e34f538a0be7ecef0a6eefbf15acabdb28c0b9?s=96&d=mm&r=g","caption":"William Chevillon"},"description":"Chercheur, artiste-auteur et m\u00e9diateur culturel attir\u00e9 par le spectacle vivant, l\u2019art contemporain, le patrimoine et les paysages.","sameAs":["https:\/\/williamchevillon.fr"],"url":"https:\/\/williamchevillon.fr\/index.php\/author\/admin2960\/"}]}},"_links":{"self":[{"href":"https:\/\/williamchevillon.fr\/index.php\/wp-json\/wp\/v2\/posts\/156","targetHints":{"allow":["GET"]}}],"collection":[{"href":"https:\/\/williamchevillon.fr\/index.php\/wp-json\/wp\/v2\/posts"}],"about":[{"href":"https:\/\/williamchevillon.fr\/index.php\/wp-json\/wp\/v2\/types\/post"}],"author":[{"embeddable":true,"href":"https:\/\/williamchevillon.fr\/index.php\/wp-json\/wp\/v2\/users\/1"}],"replies":[{"embeddable":true,"href":"https:\/\/williamchevillon.fr\/index.php\/wp-json\/wp\/v2\/comments?post=156"}],"version-history":[{"count":2,"href":"https:\/\/williamchevillon.fr\/index.php\/wp-json\/wp\/v2\/posts\/156\/revisions"}],"predecessor-version":[{"id":433,"href":"https:\/\/williamchevillon.fr\/index.php\/wp-json\/wp\/v2\/posts\/156\/revisions\/433"}],"wp:attachment":[{"href":"https:\/\/williamchevillon.fr\/index.php\/wp-json\/wp\/v2\/media?parent=156"}],"wp:term":[{"taxonomy":"category","embeddable":true,"href":"https:\/\/williamchevillon.fr\/index.php\/wp-json\/wp\/v2\/categories?post=156"},{"taxonomy":"post_tag","embeddable":true,"href":"https:\/\/williamchevillon.fr\/index.php\/wp-json\/wp\/v2\/tags?post=156"}],"curies":[{"name":"wp","href":"https:\/\/api.w.org\/{rel}","templated":true}]}}